{"id":579839,"date":"2025-12-05T12:31:17","date_gmt":"2025-12-05T12:31:17","guid":{"rendered":"https:\/\/www.europesays.com\/fr\/579839\/"},"modified":"2025-12-05T12:31:17","modified_gmt":"2025-12-05T12:31:17","slug":"les-marches-et-animations-de-noel-au-programme-ce-week-end-des-samedi-6-et-dimanche-7-decembre","status":"publish","type":"post","link":"https:\/\/www.europesays.com\/fr\/579839\/","title":{"rendered":"Les march\u00e9s et animations de No\u00ebl au programme ce week-end des samedi\u00a06 et dimanche 7\u00a0d\u00e9cembre"},"content":{"rendered":"<p>\n                                                                Ce week-end, l\u2019esprit des f\u00eates de fin d\u2019ann\u00e9e flotte du c\u00f4t\u00e9 de Montpellier, Juvignac, Clapiers, Jacou, Saint-Br\u00e8s, Saint-G\u00e9ni\u00e8s-des-Mourgues, Cournonterral, Saint-Dr\u00e9z\u00e9ry, Saint-Bauzille-de-Montpel, Montarnaud, Aumelas, Sussargues, Lattes, Valflaun\u00e8s, Murviel, Vacqui\u00e8res, Montagnac, Villeneuve, Villeneuvette, Vendargues, Soub\u00e8s, Saint-G\u00e9ly, Boisseron, Saussines, Le Cr\u00e8s, Garrigues, Laroque, Notre-Dame-de-Londres\u2026 Liste non exhaustive\u00a0!\n                            <\/p>\n<p>\u00c0 Montpellier<\/p>\n<p><strong>March\u00e9 de No\u00ebl 2025. <\/strong>Un <a href=\"https:\/\/www.montpellier.fr\/campagnes\/montpellier-fete-noel\" target=\"_blank\" rel=\"noopener\">Village de No\u00ebl<\/a> avec des artistes, des artisans et cr\u00e9ateurs qui attendent les visiteurs avec de nombreuses id\u00e9es de cadeaux. Sur les 94 chalets pr\u00e9sents, 14 sont consacr\u00e9s \u00e0 la restauration sal\u00e9e et sucr\u00e9e et \u00e0 la cuisine r\u00e9gionale et 4 sont d\u00e9di\u00e9s \u00e0 la restauration sucr\u00e9e. 76 sont des chalets commer\u00e7ants. &gt;\u00a0<strong>Du vendredi\u00a028 au mercredi 31\u00a0d\u00e9cembre<\/strong>, du dimanche au jeudi de <strong>10\u00a0h\u00a030<\/strong> <strong>\u00e0 21\u00a0h\u00a030<\/strong>, sur l\u2019esplanade du Peyrou \u00e0 <a href=\"https:\/\/www.midilibre.fr\/herault\/montpellier\/\" target=\"_blank\" rel=\"noopener\">Montpellier<\/a>.<\/p>\n<p><strong>Le village de No\u00ebl de Tropisme.<\/strong> Un march\u00e9 de cr\u00e9ateur\u00b7trice, animations, ateliers, DJ sets, street food et\u00a0buvette d\u2019hiver. &gt;\u00a0March\u00e9\u00a0: <strong>vendredi\u00a05<\/strong> de\u00a0<strong>17\u00a0h \u00e0\u00a022\u00a0heures<\/strong>, <strong>samedi\u00a06<\/strong> de\u00a0<strong>14\u00a0h \u00e0 21\u00a0heures<\/strong> et <strong>dimanche 7\u00a0d\u00e9cembre<\/strong> de <strong>11\u00a0h \u00e0 17\u00a0heures<\/strong>, \u00e0 la <a href=\"https:\/\/www.tropisme.coop\/\" target=\"_blank\" rel=\"noopener\">Halle Tropisme<\/a>, 121 rue Fontcouvert \u00e0 <a href=\"https:\/\/www.midilibre.fr\/herault\/montpellier\/\" target=\"_blank\" rel=\"noopener\">Montpellier<\/a>. <a href=\"https:\/\/www.tropisme.coop\/agenda\/\/marche-de-noel-2025\" target=\"_blank\" rel=\"noopener\">Programme complet<\/a> du week-end.<\/p>\n<blockquote data-instgrm-captioned=\"\" data-instgrm-permalink=\"https:\/\/www.instagram.com\/p\/DRnJOMxCGea\/?utm_source=ig_embed&amp;utm_campaign=loading\" data-instgrm-version=\"14\" style=\" background:#FFF; border:0; border-radius:3px; box-shadow:0 0 1px 0 rgba(0,0,0,0.5),0 1px 10px 0 rgba(0,0,0,0.15); margin: 1px; max-width:540px; min-width:326px; padding:0; width:99.375%; width:-webkit-calc(100% - 2px); width:calc(100% - 2px);\" data-class=\"instagram-media\"\/>\n<p><strong>Mon beau sapin. <\/strong>March\u00e9 de No\u00ebl avec les \u0153uvres des artistes de la r\u00e9sidence de la Fondation Alt\u00e9med. <a href=\"https:\/\/restanque.lineup-art.com\/project\/mon-beau-sapin\" target=\"_blank\" rel=\"noopener\">Ateliers sur inscription<\/a>, gestes artistiques, DJ set\u2026 &gt;\u00a0<strong>Samedi 6\u00a0d\u00e9cembre<\/strong> de <strong>14\u00a0h \u00e0 20\u00a0heures<\/strong> et <strong>dimanche 7\u00a0d\u00e9cembre<\/strong> de 1<strong>1\u00a0h \u00e0 17\u00a0heures<\/strong> \u00e0 <a href=\"https:\/\/restanque.lineup-art.com\/\" target=\"_blank\" rel=\"noopener\">Restanque<\/a>, 3 rue du Lantissargues \u00e0 <a href=\"https:\/\/www.midilibre.fr\/herault\/montpellier\/\" target=\"_blank\" rel=\"noopener\">Montpellier<\/a>.<\/p>\n<p><strong>Jingle Lez.<\/strong> Stands de cr\u00e9ateurs et artisans, collection seconde main, ateliers, animations enfants et adultes, ambiance de No\u00ebl, espace gourmand\u2026 &gt;\u00a0<strong>Du 29\u00a0novembre au 31\u00a0d\u00e9cembre<\/strong>, les mercredi, samedi et dimanche, du <strong>10\u00a0h<\/strong> <strong>\u00e0 21\u00a0heures <\/strong>au <a href=\"https:\/\/marchedulez.com\/\" target=\"_blank\" rel=\"noopener\">March\u00e9 du Lez<\/a>, 1348 avenue de la Mer-Raymond Dugrand \u00e0 <a href=\"https:\/\/www.midilibre.fr\/herault\/montpellier\/\" target=\"_blank\" rel=\"noopener\">Montpellier<\/a>.<\/p>\n<p>\u00c0<strong>\u00a0<\/strong>Juvignac<\/p>\n<p><strong>Hivernales. <\/strong>Un \u00e9v\u00e9nement familial m\u00ealant village de No\u00ebl, jeux, ateliers, parade et fanfare. &gt;\u00a0<strong>Vendredi 5\u00a0d\u00e9cembre\u00a0<\/strong>de <strong>16\u00a0h\u00a030 \u00e0 21\u00a0h<\/strong> sur le parvis de l\u2019H\u00f4tel de Ville \u00e0 <a href=\"https:\/\/www.midilibre.fr\/herault\/juvignac\/\" target=\"_blank\" rel=\"noopener\">Juvignac<\/a>.<\/p>\n<p>\u00c0 Clapiers<\/p>\n<p><strong>March\u00e9 de No\u00ebl.<\/strong>\u00a0\u00c9choppes et petites boutiques proposeront des cr\u00e9ations artisanales, des bijoux, des v\u00eatements, des objets de d\u00e9coration, et aussi des produits du terroir. P\u00e8re No\u00ebl, concert et spectacle. &gt;\u00a0<strong>Vendredi 5\u00a0d\u00e9cembre<\/strong> \u00e0 partir de <strong>17\u00a0heures<\/strong> sur l\u2019Esplanade de<a href=\"https:\/\/www.midilibre.fr\/herault\/clapiers\/\" target=\"_blank\" rel=\"noopener\"> Clapiers<\/a>.<\/p>\n<p>\u00c0 Jacou<\/p>\n<p><strong>Les 24\u00a0heures du P\u00e8re No\u00ebl.<\/strong> Vendredi, soir\u00e9e festive\u00a0: ambiance musicale par la chorale Snappers Gospel Singers et DJ Ali, animations pour les enfants, restauration par les commer\u00e7ants, artisans et exposants. Samedi\u00a0: village de No\u00ebl enchant\u00e9 avec exposants, artisans de bouche, spectacles et animations\u00a0; \u00e0\u00a010\u00a0h\u00a030, transhumance des agnelles depuis le terrain de la Goutte jusqu\u2019\u00e0 la place Fr\u00e9d\u00e9ric-Mistral. &gt;\u00a0<strong>Vendredi 5\u00a0d\u00e9cembre <\/strong>de <strong>18\u00a0h \u00e0 22\u00a0heures<\/strong> au C\u0153ur de ville et <strong>samedi 6\u00a0d\u00e9cembre<\/strong>\u00a0de <strong>11\u00a0h \u00e0 19\u00a0heures<\/strong>, place Fr\u00e9d\u00e9ric-Mistral \u00e0 <a href=\"https:\/\/www.midilibre.fr\/herault\/jacou\/\" target=\"_blank\" rel=\"noopener\">Jacou<\/a>.<\/p>\n<p>\u00c0 Saint-Br\u00e8s<\/p>\n<p><strong>Saint-Br\u00e8s s\u2019illumine.<\/strong>\u00a0D\u00e9ambulations enchant\u00e9es de No\u00ebl, d\u00e9gustation, visite du P\u00e8re No\u00ebl, distribution de bonnets de No\u00ebl pour tous les enfants. &gt;\u00a0<strong>Vendredi 5\u00a0d\u00e9cembre<\/strong> \u00e0 partir de <strong>18\u00a0h\u00a030<\/strong>, place de la Ramade \u00e0 <a href=\"https:\/\/www.midilibre.fr\/herault\/saint-bres\/\" target=\"_blank\" rel=\"noopener\">Saint-Br\u00e8s<\/a>.<\/p>\n<p><strong>March\u00e9 de No\u00ebl.<\/strong> Lectures de contes pour enfants de 11\u00a0h \u00e0 16\u00a0h, concert de la chorale Les Cigales \u00e0 15\u00a0h, restauration et gourmandises de No\u00ebl. De nombreux exposants permettront de d\u00e9couvrir produits locaux et cr\u00e9ations artisanales. &gt;\u00a0<strong>Samedi 6\u00a0d\u00e9cembre<\/strong>\u00a0de <strong>10\u00a0h \u00e0 18\u00a0heures<\/strong>, place de la Ramade \u00e0 <a href=\"https:\/\/www.midilibre.fr\/herault\/saint-bres\/\" target=\"_blank\" rel=\"noopener\">Saint-Br\u00e8s<\/a>.<\/p>\n<p><strong>March\u00e9 de No\u00ebl alsacien.<\/strong> March\u00e9 festif avec artisans d\u2019art, cr\u00e9ateurs et artistes, et de nombreuses animations. &gt;<strong>\u00a0Dimanche 7\u00a0d\u00e9cembre<\/strong>, de <strong>11\u00a0h \u00e0 19\u00a0heures<\/strong>, au <a href=\"https:\/\/www.facebook.com\/events\/1860870794507637\/?acontext=%7B%22event_action_history%22%3A%5B%7B%22surface%22%3A%22external_search_engine%22%7D%2C%7B%22mechanism%22%3A%22attachment%22%2C%22surface%22%3A%22newsfeed%22%7D%5D%2C%22ref_notif_type%22%3Anull%7D&amp;locale=fr_FR\" target=\"_blank\" rel=\"noopener\">Refuge des \u00e9quid\u00e9s<\/a>, La Jourdanne \u00e0\u00a0<a href=\"https:\/\/www.midilibre.fr\/herault\/saint-bres\/\" target=\"_blank\" rel=\"noopener\">Saint-Br\u00e8s<\/a>.<\/p>\n<p>\u00c0 Saint-G\u00e9ni\u00e8s-des-Mourgues<\/p>\n<p><strong>Illumination du sapin.<\/strong>\u00a0Distribution des Lampions. \u00c0\u00a018\u00a0heures, illumination du sapin. \u00c0\u00a018\u00a0h\u00a030, spectacle \u00ab\u00a0Le No\u00ebl des L\u00e9gendes\u00a0\u00bb (parvis de l\u2019\u00e9glise) offert par la compagnie Arts Sc\u00e8ne Lapins. &gt;\u00a0<strong>Vendredi 5\u00a0d\u00e9cembre<\/strong> \u00e0 partir de<strong> 17\u00a0h\u00a030<\/strong> \u00e0\u00a0<a href=\"https:\/\/www.midilibre.fr\/herault\/saint-genies-des-mourgues\/\" target=\"_blank\" rel=\"noopener\">Saint-G\u00e9ni\u00e8s-des-Mourgues<\/a>.<\/p>\n<p><strong>No\u00ebl des G\u00e9n\u00e9rous.<\/strong> March\u00e9 de No\u00ebl, animations, buvette et restauration. &gt;\u00a0<strong>Dimanche 7\u00a0d\u00e9cembre<\/strong> de <strong>9\u00a0h \u00e0 17\u00a0heures<\/strong> \u00e0 la Maison pour tous, place de la Fraternit\u00e9\u00a0\u00e0 <a href=\"https:\/\/www.midilibre.fr\/herault\/saint-genies-des-mourgues\/\" target=\"_blank\" rel=\"noopener\">Saint-G\u00e9ni\u00e8s-des-Mourgues<\/a>.<\/p>\n<p>\u00c0 Cournonterral<\/p>\n<p><strong>March\u00e9 de No\u00ebl.<\/strong>\u00a0Cadeaux et gourmandises de No\u00ebl, alimentation, animations\u2026 avec une trentaine d\u2019exposants. Ateliers ludiques, spectacle de ventriloquie, visite du P\u00e8re No\u00ebl, \u00e0\u00a012\u00a0h\u00a015, animation musicale avec Vanessa Smiled. Pr\u00e9sence de mascottes. &gt;\u00a0<strong>Samedi 6\u00a0d\u00e9cembre <\/strong>de\u00a0<strong>8\u00a0h \u00e0 13\u00a0h\u00a030<\/strong>, place Viala et rue de la Chapelle \u00e0\u00a0<a href=\"https:\/\/www.midilibre.fr\/herault\/cournonterral\/\" target=\"_blank\" rel=\"noopener\">Cournonterral<\/a>.<\/p>\n<p>\u00c0 Mauguio<\/p>\n<p>        <img decoding=\"async\" class=\"std-img__img responsive-img\" src=\"https:\/\/www.europesays.com\/fr\/wp-content\/uploads\/2025\/12\/1764937877_44_image.jpg\" alt=\"Un rendez-vous ouvert \u00e0 tous.\"\/><\/p>\n<p>                Un rendez-vous ouvert \u00e0 tous.<br \/>\n                                    D.R.<\/p>\n<p><strong>March\u00e9 de No\u00ebl traditionnel aux Aiguerelles.<\/strong>\u00a060 exposants, promenades en cal\u00e8che, magicien, ateliers enfants, food-trucks, concours de pulls moches, P\u00e8re No\u00ebl avec son Lutin photographe, tombola. &gt;\u00a0<strong>Samedi 6\u00a0d\u00e9cembre<\/strong> de <strong>10\u00a0h \u00e0 18\u00a0heures <\/strong>au parc des Aiguerelles \u00e0 <a href=\"https:\/\/www.midilibre.fr\/herault\/mauguio\/\" target=\"_blank\" rel=\"noopener\">Mauguio<\/a>.<\/p>\n<p>\u00c0 Saint-Dr\u00e9z\u00e9ry<\/p>\n<p><strong>Illuminations et march\u00e9\u00a0de No\u00ebl.<\/strong>\u00a0P\u00e8re No\u00ebl, petite ferme, promenade en cal\u00e8che, exposants cr\u00e9ateurs, chorale, tombola. &gt;\u00a0<strong>Samedi 6\u00a0d\u00e9cembre <\/strong>de <strong>10\u00a0h \u00e0 18\u00a0heures<\/strong>, organis\u00e9 par l\u2019APE au Parc municipal, 1 place Cambac\u00e9r\u00e8s \u00e0 <a href=\"https:\/\/www.midilibre.fr\/herault\/saint-drezery\/\" target=\"_blank\" rel=\"noopener\">Saint-Dr\u00e9z\u00e9ry<\/a>.<\/p>\n<p>\u00c0\u00a0Saint-Bauzille-de-Montmel<\/p>\n<p><strong>March\u00e9 de No\u00ebl de l\u2019APE. <\/strong>Exposants, animations pour enfants, buvette avec\u00a0tartiflette, cr\u00eapes, vin chaud, bi\u00e8re de No\u00ebl\u2026 &gt;\u00a0<strong>Samedi 6\u00a0d\u00e9cembre<\/strong>\u00a0de <strong>10\u00a0h\u00a030 \u00e0 17\u00a0heures<\/strong> au Domaine, 18 rue du plan Vincent \u00e0 <a href=\"https:\/\/www.midilibre.fr\/herault\/saint-bauzille-de-montmel\/\" target=\"_blank\" rel=\"noopener\">Saint-Bauzille-de-Montmel<\/a>.<\/p>\n<p>\u00c0 Montarnaud<\/p>\n<p><strong>March\u00e9 de No\u00ebl. <\/strong>Artisanat, d\u00e9ambulation, animations\u2026 &gt;\u00a0<strong>Samedi 6\u00a0d\u00e9cembre<\/strong> de <strong>14\u00a0h \u00e0 18\u00a0heures<\/strong> \u00e0 la salle des F\u00eates, et dans les rues, \u00e0 <a href=\"https:\/\/www.midilibre.fr\/herault\/montarnaud\/\" target=\"_blank\" rel=\"noopener\">Montarnaud<\/a>.<\/p>\n<p>\u00c0 Aumelas<\/p>\n<p><strong>March\u00e9 de No\u00ebl. <\/strong>Exposants locaux (artisans, commer\u00e7ants, vignerons\u2026), cr\u00eapes, vin chaud\u00a0et autres boissons, forains avec le ch\u00e2teau gonflable, la p\u00eache aux canards, tir au ballon, taureau m\u00e9canique, coup de poing, et pour les plus petits le tape taupe, barbe \u00e0 papa et r\u00e9glisse. &gt;\u00a0<strong>Samedi 6\u00a0d\u00e9cembre\u00a0<\/strong>\u00e0 partir de <strong>15\u00a0heures<\/strong>, place de la Mairie \u00e0 <a href=\"https:\/\/www.midilibre.fr\/herault\/aumelas\/\" target=\"_blank\" rel=\"noopener\">Aumelas<\/a>.<\/p>\n<p>\u00c0 Sussargues<\/p>\n<p><strong>March\u00e9 de No\u00ebl.\u00a0<\/strong>March\u00e9 artisanal vari\u00e9, une trentaine d\u2019exposants et des animations. &gt;<strong>\u00a0Samedi 6\u00a0d\u00e9cembre<\/strong> de <strong>15\u00a0h \u00e0 21\u00a0heures<\/strong> sur la place du 14-Juillet \u00e0 <a href=\"https:\/\/www.midilibre.fr\/herault\/sussargues\/\" target=\"_blank\" rel=\"noopener\">Sussargues<\/a>.<\/p>\n<p>\u00c0 Lattes<\/p>\n<p><strong>Gala de No\u00ebl.<\/strong>\u00a0\u00ab\u00a0Alice in Wonderland\u00a0\u00bb, spectacle de No\u00ebl de la section Roller artistique du Foyer rural de Maurin. &gt;\u00a0<strong>Samedi 6\u00a0d\u00e9cembre<\/strong> \u00e0 <strong>15\u00a0heures <\/strong>au palais des rencontres de <a href=\"https:\/\/www.midilibre.fr\/herault\/lattes\/\" target=\"_blank\" rel=\"noopener\">Lattes<\/a>. Entr\u00e9e gratuite.<\/p>\n<p><strong>March\u00e9 de No\u00ebl \u00e0 la r\u00e9sidence Jacques-d\u2019Aragon.<\/strong>\u00a0Dix-huit exposants seront pr\u00e9sents, artisans locaux passionn\u00e9s d\u2019art, cr\u00e9ateurs uniques aux savoir-faire vari\u00e9s, auteurs r\u00e9gionaux venus partager et d\u00e9dicacer leurs livres. &gt;\u00a0<strong>Dimanche 7\u00a0d\u00e9cembre<\/strong> de <strong>9\u00a0h \u00e0 17\u00a0heures <\/strong>\u00e0 la r\u00e9sidence Jacques-d\u2019Aragon de la Fondation Partage et Vie, 617 avenue de Montpellier \u00e0 <a href=\"https:\/\/www.midilibre.fr\/herault\/lattes\/\" target=\"_blank\" rel=\"noopener\">Lattes<\/a>.<\/p>\n<p>\u00c0 Valflaun\u00e8s<\/p>\n<p><strong>March\u00e9 de No\u00ebl.\u00a0<\/strong>Dans une ambiance chaleureuse et musicale, petits et grands pourront profiter d\u2019animations, d\u00e9couvrir des cr\u00e9ations artisanales et savourer de d\u00e9licieuses sp\u00e9cialit\u00e9s locales. &gt;\u00a0<strong>Samedi 6\u00a0d\u00e9cembre <\/strong>de <strong>16\u00a0h \u00e0 20\u00a0heures<\/strong>, place le Salet \u00e0 <a href=\"https:\/\/www.midilibre.fr\/herault\/valflaunes\/\" target=\"_blank\" rel=\"noopener\">Valflaun\u00e8s<\/a>.<\/p>\n<p>\u00c0 Murviel-l\u00e8s-Montpellier<\/p>\n<p><strong>March\u00e9 de No\u00ebl.<\/strong> Pour le T\u00e9l\u00e9thon, traditionnel march\u00e9 de No\u00ebl, avec vente de g\u00e2teaux, billets de tombola, ambiance conviviale et animations. &gt;\u00a0Ce <strong>samedi 6\u00a0d\u00e9cembre<\/strong> de<strong> 9\u00a0h \u00e0 14\u00a0heures<\/strong> et <strong>dimanche 7\u00a0d\u00e9cembre<\/strong> de <strong>9\u00a0h \u00e0 13\u00a0heures<\/strong>, salle Marius, 5 rue des Lavoirs \u00e0 <a href=\"https:\/\/www.midilibre.fr\/herault\/murviel-les-montpellier\/\" target=\"_blank\" rel=\"noopener\">Murviel-l\u00e8s-Montpellier<\/a>.<\/p>\n<p>\u00c0 Vacqui\u00e8res<\/p>\n<p><strong>March\u00e9 de No\u00ebl.<\/strong> Stands artisanaux, stands de restauration, vignerons, buvette et P\u00e8re No\u00ebl. &gt;\u00a0<strong>Samedi 6\u00a0d\u00e9cembre<\/strong> de<strong> 17\u00a0h \u00e0 23\u00a0heures<\/strong> \u00e0 <a href=\"https:\/\/www.midilibre.fr\/herault\/vacquieres\/\" target=\"_blank\" rel=\"noopener\">Vacqui\u00e8res<\/a>.<\/p>\n<p>\u00c0 Montagnac<\/p>\n<p><strong>Concert de No\u00ebl.<\/strong>\u00a0Concert de No\u00ebl, balade illumin\u00e9e avec spectacle de Fontaines, Carrousel des Licornes, restauration sur place. &gt;\u00a0<strong>Samedi 6\u00a0d\u00e9cembre<\/strong> \u00e0 partir de <strong>16\u00a0heures<\/strong> \u00e0 Montagnac.<\/p>\n<p><strong>March\u00e9 de No\u00ebl. <\/strong>March\u00e9 artisanal, avec animations pour toute la famille, restauration sur place, parades\u2026 &gt;\u00a0<strong>Dimanche 7\u00a0d\u00e9cembre<\/strong> de <strong>10\u00a0h \u00e0 17\u00a0heures<\/strong>, place Emile Combes \u00e0 <a href=\"https:\/\/www.midilibre.fr\/herault\/montagnac\/\" target=\"_blank\" rel=\"noopener\">Montagnac<\/a>.<\/p>\n<p>\u00c0\u00a0Villeneuve-l\u00e8s-Maguelone<\/p>\n<p><strong>March\u00e9 de No\u00ebl.<\/strong> Une trentaine d\u2019expositions d\u2019artisans, cr\u00e9ateurs, producteurs et commer\u00e7ants locaux, et un programme d\u2019animations a \u00e9t\u00e9 pens\u00e9 pour petits et grands. &gt;\u00a0<strong>Samedi\u00a06<\/strong> de <strong>10\u00a0h \u00e0 21\u00a0heures<\/strong> et <strong>dimanche 7\u00a0d\u00e9cembre<\/strong> de <strong>10\u00a0h \u00e0 20\u00a0heures<\/strong>, au centre culturel B\u00e9renger-de-Fr\u00e9dol, 235 boulevard\u00a0des Moures \u00e0\u00a0<a href=\"https:\/\/www.midilibre.fr\/herault\/villeneuve-les-maguelone\/\" target=\"_blank\" rel=\"noopener\">Villeneuve-l\u00e8s-Maguelone<\/a>.<\/p>\n<p><strong>No\u00ebl des Compagnons de Maguelone. <\/strong>March\u00e9 de No\u00ebl handi-solidaire sur la presqu\u2019\u00eele. Balade, vin chaud, d\u00e9gustation de vins bio et jus de raisin, coffrets cadeaux et d\u00e9dicace. &gt;\u00a0Ce\u00a0<strong>dimanche 7\u00a0d\u00e9cembre<\/strong> de 11\u00a0h \u00e0 16\u00a0heures, sur la presqu\u2019\u00eele\u00a0\u00e0 <a href=\"https:\/\/www.midilibre.fr\/herault\/villeneuve-les-maguelone\/\" target=\"_blank\" rel=\"noopener\">Villeneuve-l\u00e8s-Maguelone<\/a>.<\/p>\n<p>\u00c0\u00a0Villeneuvette<\/p>\n<p><strong>March\u00e9 de No\u00ebl du\u00a0Ch\u00e2teau de Malmont.<\/strong>\u00a0Plus de 60 exposants, balade \u00e0 dos d\u2019\u00e2ne, ferme miniature, p\u00eache aux canards, ch\u00e2teau gonflable, d\u00e9gustations de vin du domaine et produits locaux. &gt;\u00a0<strong>Samedi 6\u00a0d\u00e9cembre<\/strong> de <strong>10\u00a0h \u00e0 20\u00a0heures<\/strong> et <strong>samedi 7\u00a0d\u00e9cembre<\/strong> de <strong>10\u00a0h \u00e0 18\u00a0heures<\/strong> au Ch\u00e2teau de Malmont, route\u00a0de B\u00e9darieux \u00e0\u00a0<a href=\"https:\/\/www.midilibre.fr\/herault\/villeneuvette\/\" target=\"_blank\" rel=\"noopener\">Villeneuvette<\/a>.<\/p>\n<p>\u00c0 Vendargues<\/p>\n<p><strong>March\u00e9 de No\u00ebl.\u00a0<\/strong>Artisanat, gastronomie, maquillage, stands, pr\u00e9sence du P\u00e8re No\u00ebl, restauration et autres surprises\u00a0! &gt;\u00a0<strong>Samedi 6\u00a0d\u00e9cembre<\/strong> de <strong>15\u00a0h \u00e0 20\u00a0h\u00a030 <\/strong>et <strong>dimanche 7\u00a0d\u00e9cembre<\/strong> de <strong>9\u00a0h \u00e0 18\u00a0heures<\/strong>, au gymnase municipal Jacques-Chirac, avenue de N\u00eemes \u00e0\u00a0<a href=\"https:\/\/www.midilibre.fr\/herault\/vendargues\/\" target=\"_blank\" rel=\"noopener\">Vendargues<\/a>.<\/p>\n<p>\u00c0 Soub\u00e8s<\/p>\n<p><strong>March\u00e9 de No\u00ebl.\u00a0<\/strong>D\u00e9corations, animations surprises, mets d\u00e9licieux, cr\u00e9ations uniques\u2026 &gt;\u00a0<strong>Samedi 6\u00a0d\u00e9cembre<\/strong> de <strong>15\u00a0h \u00e0 21\u00a0heures<\/strong> et <strong>dimanche 7\u00a0d\u00e9cembre<\/strong> de <strong>11\u00a0h \u00e0 18\u00a0heures<\/strong>, place du Terral \u00e0 <a href=\"https:\/\/www.midilibre.fr\/herault\/soubes\/\" target=\"_blank\" rel=\"noopener\">Soub\u00e8s<\/a>.<\/p>\n<p>\u00c0 Saint-G\u00e9ly-du-Fesc<\/p>\n<p><strong>F\u00eate de l\u2019hiver. <\/strong>March\u00e9 de No\u00ebl, show musical, restauration, P\u00e8re No\u00ebl, jeux pour enfants\u2026 &gt;\u00a0<strong>Dimanche 7\u00a0octobre<\/strong> de <strong>10\u00a0h \u00e0 17\u00a0heures<\/strong>, grand\u2019rue, place de l\u2019Affenage et place du Forum \u00e0 <a href=\"https:\/\/www.midilibre.fr\/herault\/saint-gely-du-fesc\/\" target=\"_blank\" rel=\"noopener\">Saint-G\u00e9ly-du-Fesc<\/a>.<\/p>\n<p>\u00c0 Boisseron<\/p>\n<p><strong>March\u00e9 de No\u00ebl.<\/strong> Plus de 80 artisans cr\u00e9ateurs, animations, buvette et restauration. &gt;\u00a0<strong>Dimanche 7\u00a0d\u00e9cembre<\/strong> de <strong>9\u00a0h \u00e0 18\u00a0heures<\/strong> de l\u2019espace Mistral \u00e0 la place Charles-de-Gaulle \u00e0 <a href=\"https:\/\/www.midilibre.fr\/herault\/boisseron\/\" target=\"_blank\" rel=\"noopener\">Boisseron<\/a>.<\/p>\n<p>\u00c0 Saussines<\/p>\n<p><strong>March\u00e9 de No\u00ebl.<\/strong> Stands, animations, buvette et restauration. &gt;\u00a0<strong>Dimanche 7\u00a0d\u00e9cembre<\/strong> de <strong>10\u00a0h \u00e0 18\u00a0heures<\/strong> \u00e0 la salle des f\u00eates de <a href=\"https:\/\/www.midilibre.fr\/herault\/saussines\/\" target=\"_blank\" rel=\"noopener\">Saussines<\/a>.<\/p>\n<p>Au Cr\u00e8s<\/p>\n<p><strong>March\u00e9 de No\u00ebl du Mas du Pont.<\/strong> Stands de cr\u00e9ateurs, f\u00eate foraine, animations, restauration\u2026 &gt;\u00a0<strong>Dimanche 7\u00a0d\u00e9cembre<\/strong> de <strong>10\u00a0h \u00e0 18\u00a0heures<\/strong> au <a href=\"https:\/\/www.facebook.com\/events\/1575908313594535\/?acontext=%7B%22event_action_history%22%3A%5B%7B%22surface%22%3A%22external_search_engine%22%7D%2C%7B%22mechanism%22%3A%22attachment%22%2C%22surface%22%3A%22newsfeed%22%7D%5D%2C%22ref_notif_type%22%3Anull%7D&amp;locale=fr_FR\" target=\"_blank\" rel=\"noopener\">Domaine du Mas du Pont<\/a>, <a href=\"https:\/\/www.midilibre.fr\/herault\/le-cres\/\" target=\"_blank\" rel=\"noopener\">Le Cr\u00e8s<\/a>.<\/p>\n<p>\u00c0 Garrigues<\/p>\n<p><strong>No\u00ebl de Roumani\u00e8res. <\/strong>60 exposants, animations, bar \u00e0 vin et restauration. &gt;\u00a0<strong>Dimanche 7\u00a0d\u00e9cembre <\/strong>\u00e0 partir de <strong>10\u00a0heures<\/strong> au <a href=\"https:\/\/chateau-roumanieres.com\/\" target=\"_blank\" rel=\"noopener\">ch\u00e2teau de Roumani\u00e8res<\/a>, 2 chemin des Verriers \u00e0\u00a0<a href=\"https:\/\/www.midilibre.fr\/herault\/garrigues\/\" target=\"_blank\" rel=\"noopener\">Garrigues<\/a>.<\/p>\n<p>\u00c0 Laroque<\/p>\n<p><strong>March\u00e9 de No\u00ebl.<\/strong>\u00a0Une trentaine d\u2019artisans. Restauration et buvette, vin et chocolat chauds, promenade en cal\u00e8che avec le P\u00e8re No\u00ebl (gratuite pour les enfants), maquillage pour les enfants, atelier modelage\u2026 &gt;\u00a0<strong>Dimanche 7\u00a0d\u00e9cembre<\/strong>\u00a0de <strong>10\u00a0h \u00e0 18\u00a0heures<\/strong> dans le c\u0153ur du village de<a href=\"https:\/\/www.midilibre.fr\/herault\/laroque\/\" target=\"_blank\" rel=\"noopener\"> Laroque<\/a>.<\/p>\n<p>\u00c0 Notre-Dame-de-Londres<\/p>\n<p><strong>March\u00e9 de No\u00ebl.<\/strong> Artisans et producteurs locaux proposent cr\u00e9ations, gourmandises et cadeaux uniques. Animations, ateliers et pr\u00e9sence du P\u00e8re No\u00ebl. &gt;<strong>\u00a0Dimanche 7\u00a0d\u00e9cembre<\/strong> de <strong>14\u00a0h \u00e0 18\u00a0heures<\/strong>, place de l\u2019\u00c9glise \u00e0 <a href=\"https:\/\/www.midilibre.fr\/herault\/notre-dame-de-londres\/\" target=\"_blank\" rel=\"noopener\">Notre-Dame-de-Londres<\/a>.<\/p>\n<p>                                                                                                                                                                                                        <script async src=\"\/\/www.instagram.com\/embed.js\"><\/script><\/p>\n","protected":false},"excerpt":{"rendered":"Ce week-end, l\u2019esprit des f\u00eates de fin d\u2019ann\u00e9e flotte du c\u00f4t\u00e9 de Montpellier, Juvignac, Clapiers, Jacou, Saint-Br\u00e8s, Saint-G\u00e9ni\u00e8s-des-Mourgues,&hellip;\n","protected":false},"author":2,"featured_media":579840,"comment_status":"","ping_status":"","sticky":false,"template":"","format":"standard","meta":{"footnotes":""},"categories":[9599],"tags":[1111,11,872,1777,674,1011,27,7089,2208,12,2680,25],"class_list":{"0":"post-579839","1":"post","2":"type-post","3":"status-publish","4":"format-standard","5":"has-post-thumbnail","7":"category-montpellier","8":"tag-actu","9":"tag-actualites","10":"tag-culture-et-loisirs","11":"tag-eu","12":"tag-europe","13":"tag-fr","14":"tag-france","15":"tag-herault","16":"tag-montpellier","17":"tag-news","18":"tag-occitanie","19":"tag-republique-francaise"},"share_on_mastodon":{"url":"https:\/\/pubeurope.com\/@fr\/115666976477426858","error":""},"_links":{"self":[{"href":"https:\/\/www.europesays.com\/fr\/wp-json\/wp\/v2\/posts\/579839","targetHints":{"allow":["GET"]}}],"collection":[{"href":"https:\/\/www.europesays.com\/fr\/wp-json\/wp\/v2\/posts"}],"about":[{"href":"https:\/\/www.europesays.com\/fr\/wp-json\/wp\/v2\/types\/post"}],"author":[{"embeddable":true,"href":"https:\/\/www.europesays.com\/fr\/wp-json\/wp\/v2\/users\/2"}],"replies":[{"embeddable":true,"href":"https:\/\/www.europesays.com\/fr\/wp-json\/wp\/v2\/comments?post=579839"}],"version-history":[{"count":0,"href":"https:\/\/www.europesays.com\/fr\/wp-json\/wp\/v2\/posts\/579839\/revisions"}],"wp:featuredmedia":[{"embeddable":true,"href":"https:\/\/www.europesays.com\/fr\/wp-json\/wp\/v2\/media\/579840"}],"wp:attachment":[{"href":"https:\/\/www.europesays.com\/fr\/wp-json\/wp\/v2\/media?parent=579839"}],"wp:term":[{"taxonomy":"category","embeddable":true,"href":"https:\/\/www.europesays.com\/fr\/wp-json\/wp\/v2\/categories?post=579839"},{"taxonomy":"post_tag","embeddable":true,"href":"https:\/\/www.europesays.com\/fr\/wp-json\/wp\/v2\/tags?post=579839"}],"curies":[{"name":"wp","href":"https:\/\/api.w.org\/{rel}","templated":true}]}}