{"id":579847,"date":"2025-12-05T12:35:18","date_gmt":"2025-12-05T12:35:18","guid":{"rendered":"https:\/\/www.europesays.com\/fr\/579847\/"},"modified":"2025-12-05T12:35:18","modified_gmt":"2025-12-05T12:35:18","slug":"la-metropole-de-grenoble-sacree-capitale-europeenne-de-linnovation-2026","status":"publish","type":"post","link":"https:\/\/www.europesays.com\/fr\/579847\/","title":{"rendered":"La M\u00e9tropole de Grenoble sacr\u00e9e capitale europ\u00e9enne de l&rsquo;innovation 2026"},"content":{"rendered":"<p><img loading=\"lazy\" decoding=\"async\" alt=\"\u00a9 Grenoble Alpes M\u00e9tropole - La M\u00e9tropole de Grenoble a obtenu le prix iCapital 2026 \u00e0 Turin, le 4 d\u00e9cembre 2025.\" data-zoom-src=\"https:\/\/www.europesays.com\/fr\/wp-content\/uploads\/2025\/12\/initial-metropole-grenoble-capitale-europeenne-innovation-c-gam.jpg\" data-zoomable=\"\" height=\"702\" src=\"https:\/\/www.europesays.com\/fr\/wp-content\/uploads\/2025\/12\/initial-metropole-grenoble-capitale-europeenne-innovation-c-gam.jpg\" width=\"1248\"\/>  <\/p>\n<p class=\"article-desc\">\u00a9 Grenoble Alpes M\u00e9tropole &#8211; La M\u00e9tropole de Grenoble a obtenu le prix iCapital 2026 \u00e0 Turin, le 4 d\u00e9cembre 2025. <\/p>\n<p>L&rsquo;annonce du r\u00e9sultat a eu lieu jeudi 4 d\u00e9cembre 2025 \u00e0 Turin, en Italie : <a href=\"https:\/\/mesinfos.fr\/38000-grenoble\/sante-comment-la-metropole-de-grenoble-veut-lutter-contre-les-trois-principales-causes-de-deces-233001.html\" rel=\"noopener\" target=\"_blank\">Grenoble Alpes M\u00e9tropole <\/a>a \u00e9t\u00e9 sacr\u00e9e <strong>capitale europ\u00e9enne de l&rsquo;innovation 2026<\/strong>. Elle s&rsquo;est vue remettre le <strong>prix iCapital <\/strong>de la part du <strong>Conseil europ\u00e9en de l&rsquo;innovation<\/strong>, dans le cadre de la c\u00e9r\u00e9monie du <strong>Cities Innovate Summit<\/strong>. Ce prix distingue les collectivit\u00e9s qui distingue les villes qui \u00ab\u00a0inventent et exp\u00e9rimentent de nouvelles fa\u00e7ons d\u2019innover au service des citoyens et du climat\u00a0\u00bb. <\/p>\n<p>Grenoble Alpes M\u00e9tropole remporte le prix iCapital 2026 et un million d&rsquo;euros <\/p>\n<p>La M\u00e9tropole devance Rotterdam et Liverpool, les deux autres finalistes, et re\u00e7oit une<strong> dotation d&rsquo;un million d&rsquo;euros<\/strong>. Les deux finalistes obtenant 100 000 euros chacun. <\/p>\n<p>\u00ab\u00a0Ces villes ont fait preuve d&rsquo;un engagement exceptionnel en faveur d&rsquo;\u00e9cosyst\u00e8mes fond\u00e9s sur l&rsquo;innovation, donnant ainsi l&rsquo;exemple en mati\u00e8re de d\u00e9veloppement urbain durable et inclusif \u00e0 travers l&rsquo;Europe, a indiqu\u00e9 le Conseil europ\u00e9en de l\u2019innovation saluant Grenoble Alpes M\u00e9tropole \u00ab\u00a0pour son approche globale et strat\u00e9gique de l&rsquo;innovation, ax\u00e9e sur la durabilit\u00e9 environnementale et le renforcement de l&rsquo;\u00e9cosyst\u00e8me local d&rsquo;innovation\u00a0\u00bb.  <\/p>\n<p>Elle ajoute :<\/p>\n<blockquote>\n<p>\u00ab\u00a0La M\u00e9tropole a d\u00e9velopp\u00e9 des initiatives qui repoussent les limites des politiques publiques gr\u00e2ce \u00e0 des projets de r\u00e9duction des d\u00e9chets, de r\u00e9silience climatique et d&rsquo;int\u00e9gration de la sant\u00e9 des sols. Les efforts de la M\u00e9tropole pour privil\u00e9gier les pratiques \u00e9coresponsables et optimiser la coop\u00e9ration r\u00e9gionale soulignent son r\u00f4le de pionnier en mati\u00e8re de durabilit\u00e9 urbaine et d&rsquo;innovation.\u00a0\u00bb <\/p>\n<\/blockquote>\n<p>  Christophe Ferrari : \u00ab\u00a0Cette victoire reconna\u00eet notre engagement collectif pour une innovation utile\u00a0\u00bb <\/p>\n<p>La <a href=\"https:\/\/mesinfos.fr\/38000-grenoble\/metropole-de-grenobleconvention-pour-le-climat-les-246-propositions-citoyennes-adoptees-151162.html\" rel=\"noopener\" target=\"_blank\">Convention citoyenne pour le climat m\u00e9tropolitaine<\/a> qui a r\u00e9uni plus de 100 citoyens en 2022, une premi\u00e8re en France \u00e0 cette \u00e9chelle, et dont 86% des propositions ont d\u00e9j\u00e0 \u00e9t\u00e9 adopt\u00e9es, a particuli\u00e8rement \u00e9t\u00e9 salu\u00e9e. Le Conseil europ\u00e9en de l&rsquo;innovation a \u00e9galement soulign\u00e9 la singularit\u00e9 de l&rsquo;\u00e9cosyst\u00e8me d\u2019innovation Grenoble Alpes, r\u00e9guli\u00e8rement class\u00e9 dans le top 7 des hubs Deeptech dans le monde, ainsi que l\u2019action de la M\u00e9tropole de Grenoble pour mobiliser ses forces de cr\u00e9ation en faveur de la transition \u00e9cologique. <\/p>\n<p>\u00ab\u00a0Remporter le prix iCapital 2026 est une immense fiert\u00e9 pour notre M\u00e9tropole, se f\u00e9licite <strong>Christophe Ferrari<\/strong>, pr\u00e9sident de Grenoble Alpes M\u00e9tropole. Cette victoire reconna\u00eet notre engagement collectif pour une innovation v\u00e9ritablement utile : non seulement technologique, mais aussi sociale, durable et citoyenne. Elle consacre un choix politique exigeant et une vision ambitieuse, construite avec et pour les habitants. Ce prix vient r\u00e9compenser la conception du progr\u00e8s que nous portons ici, \u00e0 Grenoble Alpes M\u00e9tropole : un progr\u00e8s au service du climat, du territoire et des g\u00e9n\u00e9rations futures.\u00a0\u00bb<\/p>\n","protected":false},"excerpt":{"rendered":"\u00a9 Grenoble Alpes M\u00e9tropole &#8211; La M\u00e9tropole de Grenoble a obtenu le prix iCapital 2026 \u00e0 Turin, le&hellip;\n","protected":false},"author":2,"featured_media":579848,"comment_status":"","ping_status":"","sticky":false,"template":"","format":"standard","meta":{"footnotes":""},"categories":[9566],"tags":[1111,11,2430,1777,674,1011,27,2731,57364,24592,12,25],"class_list":{"0":"post-579847","1":"post","2":"type-post","3":"status-publish","4":"format-standard","5":"has-post-thumbnail","7":"category-grenoble","8":"tag-actu","9":"tag-actualites","10":"tag-auvergne-rhone-alpes","11":"tag-eu","12":"tag-europe","13":"tag-fr","14":"tag-france","15":"tag-grenoble","16":"tag-grenoble-alpes-mu00e9tropole","17":"tag-mu00e9tropole-de-grenoble","18":"tag-news","19":"tag-republique-francaise"},"share_on_mastodon":{"url":"https:\/\/pubeurope.com\/@fr\/115666992614345824","error":""},"_links":{"self":[{"href":"https:\/\/www.europesays.com\/fr\/wp-json\/wp\/v2\/posts\/579847","targetHints":{"allow":["GET"]}}],"collection":[{"href":"https:\/\/www.europesays.com\/fr\/wp-json\/wp\/v2\/posts"}],"about":[{"href":"https:\/\/www.europesays.com\/fr\/wp-json\/wp\/v2\/types\/post"}],"author":[{"embeddable":true,"href":"https:\/\/www.europesays.com\/fr\/wp-json\/wp\/v2\/users\/2"}],"replies":[{"embeddable":true,"href":"https:\/\/www.europesays.com\/fr\/wp-json\/wp\/v2\/comments?post=579847"}],"version-history":[{"count":0,"href":"https:\/\/www.europesays.com\/fr\/wp-json\/wp\/v2\/posts\/579847\/revisions"}],"wp:featuredmedia":[{"embeddable":true,"href":"https:\/\/www.europesays.com\/fr\/wp-json\/wp\/v2\/media\/579848"}],"wp:attachment":[{"href":"https:\/\/www.europesays.com\/fr\/wp-json\/wp\/v2\/media?parent=579847"}],"wp:term":[{"taxonomy":"category","embeddable":true,"href":"https:\/\/www.europesays.com\/fr\/wp-json\/wp\/v2\/categories?post=579847"},{"taxonomy":"post_tag","embeddable":true,"href":"https:\/\/www.europesays.com\/fr\/wp-json\/wp\/v2\/tags?post=579847"}],"curies":[{"name":"wp","href":"https:\/\/api.w.org\/{rel}","templated":true}]}}