{"id":579851,"date":"2025-12-05T12:37:12","date_gmt":"2025-12-05T12:37:12","guid":{"rendered":"https:\/\/www.europesays.com\/fr\/579851\/"},"modified":"2025-12-05T12:37:12","modified_gmt":"2025-12-05T12:37:12","slug":"entre-rennes-et-carhaix-une-nouvelle-ligne-de-cars-breizhgo-par-loudeac","status":"publish","type":"post","link":"https:\/\/www.europesays.com\/fr\/579851\/","title":{"rendered":"Entre Rennes et Carhaix, une nouvelle ligne de cars BreizhGo par Loud\u00e9ac"},"content":{"rendered":"<p>                    Par<br \/>\n        <strong><br \/>\n            <a href=\"https:\/\/actu.fr\/auteur\/a-dasilva\" title=\"Consulter tous les articles de Alexandre Dasilva\" target=\"_blank\" rel=\"noopener\">Alexandre Dasilva<\/a><br \/>\n                    <\/strong><\/p>\n<p>        Publi\u00e9 le<\/p>\n<p>            5 d\u00e9c. 2025 \u00e0 12h56        <\/p>\n<p>Pr\u00e9sent \u00e0<a href=\"https:\/\/actu.fr\/bretagne\/loudeac_22136\" target=\"_blank\" rel=\"noopener\"> Loud\u00e9ac (C\u00f4tes-d\u2019Armor)<\/a>, <b>vendredi 5\u00a0d\u00e9cembre 2025<\/b>, le pr\u00e9sident de la <b>R\u00e9gion Bretagne<\/b> pr\u00e9sentait les changements en mati\u00e8re de cars <a href=\"https:\/\/www.breizhgo.bzh\/\" target=\"_blank\" rel=\"noopener\">BreizGo<\/a>, <a href=\"https:\/\/actu.fr\/societe\/bretagne-les-cars-breizhgo-un-reseau-a-465-millions-deuros-par-an_63535744.html\" target=\"_blank\" rel=\"noopener\">en C\u00f4tes-d\u2019Armor et Morbihan.<\/a><br \/>Et depuis\u00a0<b>septembre\u00a02025<\/b>, Loud\u00e9ac b\u00e9n\u00e9fice d\u2019une nouvelle ligne qui relie Carhaix \/ Loud\u00e9ac \/ Rennes, avec 6 \u00ab\u2009aller-retour\u2009\u00bb par jour en semaine, et un samedi et dimanche.<br \/>Tarifs maximums (en fonction du trajet)\u2009: 7,50\u00a0\u20ac\u2009; moins de 26\u00a0ans 4\u00a0\u20ac\u2009; et 2\u00a0\u20ac tarif pr\u00e9carit\u00e9 (d\u00e9tails des tarifs sur le<a href=\"https:\/\/www.breizhgo.bzh\/tarifs-et-achats\/car\" target=\"_blank\" rel=\"noopener\"> simulateur en ligne<\/a>).<\/p>\n<p>Relier Carhaix et Rennes, avec Loud\u00e9ac au centre<\/p>\n<p class=\" wall-content\">La ligne<b> 229<\/b> entre <b>Rennes \/ Loud\u00e9ac \/ Carhaix <\/b>permet une desserte beaucoup plus pratique pour les usagers des cars r\u00e9gionaux.<\/p>\n<p class=\" wall-content\">\u00ab\u2009La ligne existante Rennes \/ Loud\u00e9ac est dor\u00e9navant<b> prolong\u00e9e<\/b> jusqu\u2019\u00e0 <b>Carhaix, via Rostrenen<\/b>\u2009\u00bb, annonce la R\u00e9gion.<\/p>\n<p class=\" wall-content\">Cette nouvelle offre propose <b>6 \u00ab\u2009aller-retour\u2009\u00bb <\/b>par jour en <b>semaine<\/b>\u2009; <b>un<\/b> le <b>samedi <\/b>et le\u00a0<b>dimanche.<\/b><\/p>\n<blockquote class=\"ac-article-quote wall-content\">\n<p>Et depuis sa mise en service, on voit une augmentation du nombre de voyageurs sur la ligne.<\/p>\n<p>Lo\u00efg Chesnais-Girard, pr\u00e9sident du conseil r\u00e9gional de Bretagne<\/p><\/blockquote>\n<p class=\" wall-content\"><b>1\u2009850<\/b> ont \u00e9t\u00e9 effectu\u00e9s en <b>septembre<\/b> et <b>2\u2009350<\/b> en <b>octobre<\/b>, soit une augmentation de 26\u2009% en deux moins.<\/p>\n<p>Votre r\u00e9gion, votre actu !<\/p>\n<p>Recevez chaque jour les infos qui comptent pour vous.<\/p>\n<p>\t<a href=\"https:\/\/actu.fr\/newsletter\" class=\"ac-btn ac-btn--corner ac-btn--medium ac-btn--blue800\" target=\"_blank\" rel=\"noopener\">S&rsquo;incrire<\/a><\/p>\n<p class=\" wall-content\">\u00c0 noter que 47\u2009% des mont\u00e9es se font \u00e0 Loud\u00e9ac.<\/p>\n<p>Focus sur la desserte de Loud\u00e9ac<\/p>\n<p class=\" wall-content\">Chaque jour, Loud\u00e9ac est desservi par<b> 48 cars BreizhGo<\/b> (hors scolaires), sur <b>trois lignes<\/b> interurbaines.<\/p>\n<ul class=\" wall-content\">\n<li>ligne <b>229 <\/b>entre Rennes \/ Loud\u00e9ac \/ Carhaix. Une ligne qui \u00ab\u2009monte en puissance\u2009\u00bb\u2009;<\/li>\n<li>ligne <b>603<\/b> entre Saint-Brieuc \/ Loud\u00e9ac \/ Pontivy \/ Auray\u2009; 127\u2009000 voyages en 2024\u2009;<\/li>\n<li>ligne <b>220<\/b> entre Loud\u00e9ac et Carhaix\u2009; 18\u2009000\u00a0\u20ac voyages en 2024.<\/li>\n<\/ul>\n<p class=\" wall-content\">Personnalisez votre actualit\u00e9 en ajoutant vos villes et m\u00e9dias en favori avec <a href=\"https:\/\/moncompte.actu.fr\" title=\"D\u00e9couvez Mon Actu\" rel=\"nofollow noopener\" data-trk=\"{&quot;cta&quot;:{&quot;action&quot;:&quot;https:\\\/\\\/moncompte.actu.fr&quot;,&quot;category&quot;:&quot;mon compte&quot;,&quot;from&quot;:&quot;article footer&quot;,&quot;name&quot;:&quot;Mon actu&quot;,&quot;type&quot;:&quot;cta&quot;}}\" target=\"_blank\">Mon Actu<\/a>.<\/p>\n","protected":false},"excerpt":{"rendered":"Par Alexandre Dasilva Publi\u00e9 le 5 d\u00e9c. 2025 \u00e0 12h56 Pr\u00e9sent \u00e0 Loud\u00e9ac (C\u00f4tes-d\u2019Armor), vendredi 5\u00a0d\u00e9cembre 2025, le&hellip;\n","protected":false},"author":2,"featured_media":579852,"comment_status":"","ping_status":"","sticky":false,"template":"","format":"standard","meta":{"footnotes":""},"categories":[2821],"tags":[1111,11,829,10721,1777,674,1011,27,69381,12,584,25,104,2803],"class_list":{"0":"post-579851","1":"post","2":"type-post","3":"status-publish","4":"format-standard","5":"has-post-thumbnail","7":"category-rennes","8":"tag-actu","9":"tag-actualites","10":"tag-bretagne","11":"tag-centre-bretagne","12":"tag-eu","13":"tag-europe","14":"tag-fr","15":"tag-france","16":"tag-loig-chesnais-girard","17":"tag-news","18":"tag-rennes","19":"tag-republique-francaise","20":"tag-societe","21":"tag-transport"},"share_on_mastodon":{"url":"","error":""},"_links":{"self":[{"href":"https:\/\/www.europesays.com\/fr\/wp-json\/wp\/v2\/posts\/579851","targetHints":{"allow":["GET"]}}],"collection":[{"href":"https:\/\/www.europesays.com\/fr\/wp-json\/wp\/v2\/posts"}],"about":[{"href":"https:\/\/www.europesays.com\/fr\/wp-json\/wp\/v2\/types\/post"}],"author":[{"embeddable":true,"href":"https:\/\/www.europesays.com\/fr\/wp-json\/wp\/v2\/users\/2"}],"replies":[{"embeddable":true,"href":"https:\/\/www.europesays.com\/fr\/wp-json\/wp\/v2\/comments?post=579851"}],"version-history":[{"count":0,"href":"https:\/\/www.europesays.com\/fr\/wp-json\/wp\/v2\/posts\/579851\/revisions"}],"wp:featuredmedia":[{"embeddable":true,"href":"https:\/\/www.europesays.com\/fr\/wp-json\/wp\/v2\/media\/579852"}],"wp:attachment":[{"href":"https:\/\/www.europesays.com\/fr\/wp-json\/wp\/v2\/media?parent=579851"}],"wp:term":[{"taxonomy":"category","embeddable":true,"href":"https:\/\/www.europesays.com\/fr\/wp-json\/wp\/v2\/categories?post=579851"},{"taxonomy":"post_tag","embeddable":true,"href":"https:\/\/www.europesays.com\/fr\/wp-json\/wp\/v2\/tags?post=579851"}],"curies":[{"name":"wp","href":"https:\/\/api.w.org\/{rel}","templated":true}]}}