{"id":579855,"date":"2025-12-05T12:39:15","date_gmt":"2025-12-05T12:39:15","guid":{"rendered":"https:\/\/www.europesays.com\/fr\/579855\/"},"modified":"2025-12-05T12:39:15","modified_gmt":"2025-12-05T12:39:15","slug":"scorpions-en-concert-a-lyon-paris-et-strasbourg-en-juillet-2026-news-rockurlife","status":"publish","type":"post","link":"https:\/\/www.europesays.com\/fr\/579855\/","title":{"rendered":"Scorpions : en concert \u00e0 Lyon, Paris et Strasbourg en juillet 2026 ! &#8211; News &#8211; RockUrLife"},"content":{"rendered":"<p><strong>Scorpions<\/strong> fera rugir son hard rock l\u00e9gendaire en <strong>France<\/strong> \u00e0 l\u2019\u00e9t\u00e9 2026 avec trois dates exceptionnelles !<\/p>\n<p>Plus pr\u00e9cis\u00e9ment le <strong>14 juillet \u00e0 la LDLC Arena de Lyon<\/strong>, le <strong>17 juillet \u00e0 l\u2019Accor Arena de Paris<\/strong> et le <strong>20 julllet 1026 au Z\u00e9nith de Strasbourg Europe<\/strong>.<\/p>\n<p>Le groupe renforce ainsi son lien historique avec l\u2019Hexagone et retrouvera \u00e0 <strong>Paris<\/strong> une salle qui lui est ch\u00e8re. En f\u00e9vrier 1984, <strong>Scorpions<\/strong> inaugurait en effet le <strong>Palais Omnisports de Paris-Bercy<\/strong>, devenu <strong>l\u2019Accor Arena<\/strong>. Plus de quarante ans plus tard, la formation allemande s\u2019appr\u00eate \u00e0 y rejouer ses hymnes intemporels, port\u00e9e par une \u00e9nergie sc\u00e9nique toujours intacte.<\/p>\n<p>Les fans pourront acc\u00e9der \u00e0 une pr\u00e9vente exclusive le 9 d\u00e9cembre \u00e0 10h sur GDP.fr, avant l\u2019ouverture g\u00e9n\u00e9rale le 10 d\u00e9cembre \u00e0 10h dans les points de vente habituels.<\/p>\n<p>En 2026, <strong>Scorpions<\/strong> prouve une nouvelle fois que son histoire avec la France n\u2019a jamais cess\u00e9 de s\u2019\u00e9crire, et ces trois rendez-vous s\u2019annoncent d\u00e9j\u00e0 incontournables.<\/p>\n<p><img loading=\"lazy\" decoding=\"async\" width=\"768\" height=\"1024\" src=\"https:\/\/www.europesays.com\/fr\/wp-content\/uploads\/2025\/12\/IMG_3975-768x1024.jpeg\" alt=\"\" class=\"wp-image-229848\"\/><\/p>\n","protected":false},"excerpt":{"rendered":"Scorpions fera rugir son hard rock l\u00e9gendaire en France \u00e0 l\u2019\u00e9t\u00e9 2026 avec trois dates exceptionnelles ! Plus&hellip;\n","protected":false},"author":2,"featured_media":579856,"comment_status":"","ping_status":"","sticky":false,"template":"","format":"standard","meta":{"footnotes":""},"categories":[2820],"tags":[8677,1111,11,1777,674,1011,27,775,7602,2428,12,626,25,19192,640],"class_list":{"0":"post-579855","1":"post","2":"type-post","3":"status-publish","4":"format-standard","5":"has-post-thumbnail","7":"category-strasbourg","8":"tag-accor-arena","9":"tag-actu","10":"tag-actualites","11":"tag-eu","12":"tag-europe","13":"tag-fr","14":"tag-france","15":"tag-grand-est","16":"tag-ldlc-arena","17":"tag-lyon","18":"tag-news","19":"tag-paris","20":"tag-republique-francaise","21":"tag-scorpions","22":"tag-strasbourg"},"share_on_mastodon":{"url":"https:\/\/pubeurope.com\/@fr\/115667007865867155","error":""},"_links":{"self":[{"href":"https:\/\/www.europesays.com\/fr\/wp-json\/wp\/v2\/posts\/579855","targetHints":{"allow":["GET"]}}],"collection":[{"href":"https:\/\/www.europesays.com\/fr\/wp-json\/wp\/v2\/posts"}],"about":[{"href":"https:\/\/www.europesays.com\/fr\/wp-json\/wp\/v2\/types\/post"}],"author":[{"embeddable":true,"href":"https:\/\/www.europesays.com\/fr\/wp-json\/wp\/v2\/users\/2"}],"replies":[{"embeddable":true,"href":"https:\/\/www.europesays.com\/fr\/wp-json\/wp\/v2\/comments?post=579855"}],"version-history":[{"count":0,"href":"https:\/\/www.europesays.com\/fr\/wp-json\/wp\/v2\/posts\/579855\/revisions"}],"wp:featuredmedia":[{"embeddable":true,"href":"https:\/\/www.europesays.com\/fr\/wp-json\/wp\/v2\/media\/579856"}],"wp:attachment":[{"href":"https:\/\/www.europesays.com\/fr\/wp-json\/wp\/v2\/media?parent=579855"}],"wp:term":[{"taxonomy":"category","embeddable":true,"href":"https:\/\/www.europesays.com\/fr\/wp-json\/wp\/v2\/categories?post=579855"},{"taxonomy":"post_tag","embeddable":true,"href":"https:\/\/www.europesays.com\/fr\/wp-json\/wp\/v2\/tags?post=579855"}],"curies":[{"name":"wp","href":"https:\/\/api.w.org\/{rel}","templated":true}]}}