{"id":579871,"date":"2025-12-05T12:47:13","date_gmt":"2025-12-05T12:47:13","guid":{"rendered":"https:\/\/www.europesays.com\/fr\/579871\/"},"modified":"2025-12-05T12:47:13","modified_gmt":"2025-12-05T12:47:13","slug":"a-quelle-heure-et-sur-quelle-chaine-voir-lentree-en-lice-de-toulouse-et-antoine-dupont-contre-les-sharks","status":"publish","type":"post","link":"https:\/\/www.europesays.com\/fr\/579871\/","title":{"rendered":"\u00e0 quelle heure et sur quelle cha\u00eene voir l\u2019entr\u00e9e en lice de Toulouse et Antoine Dupont contre les Sharks ?"},"content":{"rendered":"<p>\n    Club le plus titr\u00e9 de la comp\u00e9tition, le Stade Toulousain entame sa campagne europ\u00e9enne par la r\u00e9ception de la franchise sud-africaine bas\u00e9e \u00e0 Durban.<\/p>\n<p class=\"fig-paragraph\">Avec six \u00e9toiles sur son maillot,\u00a0<a href=\"http:\/\/www.lefigaro.fr\/sports\/rugby\/top-14\/top-14-ramos-et-willis-de-retour-a-l-entrainement-avec-toulouse-avant-le-debut-de-la-champions-cup-20251201\" data-fig-type=\"NewsFlash\" data-gtm-custom-categorie=\"navigation\" data-gtm-custom-action=\"crossclick\" data-gtm-custom-label=\"Contextuel\" data-gtm-event=\"customEventSPE\" data-fig-domain=\"LEFIGARO\" target=\"_blank\" rel=\"noopener\">le Stade Toulousain<\/a>\u00a0est, comme tous les ans,\u00a0<a href=\"http:\/\/www.lefigaro.fr\/sports\/rugby\/coupe-d-europe\/rugby-la-coupe-d-europe-va-t-elle-rester-la-chasse-gardee-des-clubs-francais-20251205\" data-fig-type=\"NewsFlash\" data-gtm-custom-categorie=\"navigation\" data-gtm-custom-action=\"crossclick\" data-gtm-custom-label=\"Contextuel\" data-gtm-event=\"customEventSPE\" data-fig-domain=\"LEFIGARO\" target=\"_blank\" rel=\"noopener\">favori de la prestigieuse comp\u00e9tition continentale<\/a>. Ce sera encore le cas pour cette 31e \u00e9dition. Confortable leader du Top 14 et fort d\u2019une armada d\u2019internationaux, avec\u00a0<a href=\"http:\/\/www.lefigaro.fr\/sports\/rugby\/top-14\/top-14-un-melange-de-sentiments-antoine-dupont-a-enfin-retrouve-les-terrains-20251129\" data-fig-type=\"NewsFlash\" data-gtm-custom-categorie=\"navigation\" data-gtm-custom-action=\"crossclick\" data-gtm-custom-label=\"Contextuel\" data-gtm-event=\"customEventSPE\" data-fig-domain=\"LEFIGARO\" target=\"_blank\" rel=\"noopener\">Antoine Dupont<\/a>\u00a0qui sera \u00e0 nouveau rempla\u00e7ant apr\u00e8s ses neuf mois de convalescence, Toulouse aura l\u2019avantage de ne pas se d\u00e9placer chez une province sud-africaine cette ann\u00e9e, mais recevra samedi les Sharks de Durban. Un plus dans l\u2019objectif de d\u00e9crocher le maximum de points de bonus et de terminer dans les deux meilleurs premiers, garantie de recevoir jusqu\u2019en demi-finale.<\/p>\n<p class=\"fig-paragraph\">Ce premier match du Stade Toulousain dans la Champions Cup 2025-2026, face \u00e0 la province sud-africaine des Sharks bas\u00e9e \u00e0 Durban, aura lieu le dimanche 7 d\u00e9cembre 2025 au stade Ernest-Wallon. Le coup d\u2019envoi de la rencontre sera donn\u00e9 \u00e0 16h15. Une rencontre \u00e0 suivre sur les antennes de France 2 et de beIN Sports 1. Un live en direct comment\u00e9 sera par ailleurs disponible sur le site du Figaro Sport.\u00a0<\/p>\n","protected":false},"excerpt":{"rendered":"Club le plus titr\u00e9 de la comp\u00e9tition, le Stade Toulousain entame sa campagne europ\u00e9enne par la r\u00e9ception de&hellip;\n","protected":false},"author":2,"featured_media":579872,"comment_status":"","ping_status":"","sticky":false,"template":"","format":"standard","meta":{"footnotes":""},"categories":[2816],"tags":[1111,11,514,3460,1777,674,1011,27,12,2680,25,476,2312],"class_list":{"0":"post-579871","1":"post","2":"type-post","3":"status-publish","4":"format-standard","5":"has-post-thumbnail","7":"category-toulouse","8":"tag-actu","9":"tag-actualites","10":"tag-antoine-dupont","11":"tag-champions-cup","12":"tag-eu","13":"tag-europe","14":"tag-fr","15":"tag-france","16":"tag-news","17":"tag-occitanie","18":"tag-republique-francaise","19":"tag-stade-toulousain","20":"tag-toulouse"},"share_on_mastodon":{"url":"https:\/\/pubeurope.com\/@fr\/115667038534646230","error":""},"_links":{"self":[{"href":"https:\/\/www.europesays.com\/fr\/wp-json\/wp\/v2\/posts\/579871","targetHints":{"allow":["GET"]}}],"collection":[{"href":"https:\/\/www.europesays.com\/fr\/wp-json\/wp\/v2\/posts"}],"about":[{"href":"https:\/\/www.europesays.com\/fr\/wp-json\/wp\/v2\/types\/post"}],"author":[{"embeddable":true,"href":"https:\/\/www.europesays.com\/fr\/wp-json\/wp\/v2\/users\/2"}],"replies":[{"embeddable":true,"href":"https:\/\/www.europesays.com\/fr\/wp-json\/wp\/v2\/comments?post=579871"}],"version-history":[{"count":0,"href":"https:\/\/www.europesays.com\/fr\/wp-json\/wp\/v2\/posts\/579871\/revisions"}],"wp:featuredmedia":[{"embeddable":true,"href":"https:\/\/www.europesays.com\/fr\/wp-json\/wp\/v2\/media\/579872"}],"wp:attachment":[{"href":"https:\/\/www.europesays.com\/fr\/wp-json\/wp\/v2\/media?parent=579871"}],"wp:term":[{"taxonomy":"category","embeddable":true,"href":"https:\/\/www.europesays.com\/fr\/wp-json\/wp\/v2\/categories?post=579871"},{"taxonomy":"post_tag","embeddable":true,"href":"https:\/\/www.europesays.com\/fr\/wp-json\/wp\/v2\/tags?post=579871"}],"curies":[{"name":"wp","href":"https:\/\/api.w.org\/{rel}","templated":true}]}}