{"id":579877,"date":"2025-12-05T12:51:15","date_gmt":"2025-12-05T12:51:15","guid":{"rendered":"https:\/\/www.europesays.com\/fr\/579877\/"},"modified":"2025-12-05T12:51:15","modified_gmt":"2025-12-05T12:51:15","slug":"lille-marseille-les-compositions-probables","status":"publish","type":"post","link":"https:\/\/www.europesays.com\/fr\/579877\/","title":{"rendered":"Lille-Marseille : Les compositions probables"},"content":{"rendered":"<p style=\"text-align: justify;\"><strong>LIGUE 1 2025-2026 \u2013 Selon L\u2019\u00c9quipe, d\u00e9couvrez les compositions probables du match entre Lille et Marseille, pr\u00e9vu ce vendredi.<\/strong><\/p>\n<p style=\"text-align: justify;\">Le <strong>LOSC<\/strong> est en grande forme ces derni\u00e8res semaines et pointe au quatri\u00e8me rang de <strong>Ligue<\/strong> <strong>1<\/strong> avec 26 points. La semaine pass\u00e9e, les <strong>Dogues<\/strong> se sont impos\u00e9s face au Havre. Pendant ce temps, <strong>Marseille<\/strong> laissait deux points en route face \u00e0 <strong>Toulouse<\/strong> apr\u00e8s avoir longtemps men\u00e9 au score.<\/p>\n<p>Marseille \u00e0 la relance ?<\/p>\n<p style=\"text-align: justify;\"><strong>Bruno<\/strong> <strong>G\u00e9n\u00e9sio<\/strong> devrait faire confiance \u00e0 ses hommes forts pour cette rencontre. Bien que buteur que lors d\u2019une seule de ses onze derni\u00e8res apparitions, <strong>Olivier<\/strong> <strong>Giroud<\/strong> devrait de nouveau \u00eatre titulaire \u00e0 la pointe de l\u2019attaque. <strong>Benjamin<\/strong> <strong>Andr\u00e9<\/strong> sera capitaine et au poste de sentinelle pour ce choc.<\/p>\n<p style=\"text-align: justify;\"><strong>Pierre-Emerick Aubameyang<\/strong> est de nouveau attendu comme num\u00e9ro neuf du c\u00f4t\u00e9 de l\u2019<strong>OM<\/strong> et pourrait avoir <strong>Matt O\u2019Riley<\/strong> en soutien. Au milieu de terrain, Arthur Vermeeren pourrait \u00eatre associ\u00e9 \u00e0 <strong>Geoffrey<\/strong> <strong>Kondogbia<\/strong>. En d\u00e9fense centrale, <strong>Leonardo<\/strong> <strong>Balerdi<\/strong> pourrait \u00eatre pr\u00e9f\u00e9r\u00e9 \u00e0 <strong>Nayef<\/strong> <strong>Aguerd<\/strong>.<\/p>\n<p><strong>Les<\/strong> compositions officielles de Lille-Marseille<br \/>\nLa composition de Lille<\/p>\n<p style=\"text-align: justify;\">\u00d6zer \u2013 Meunier, Mbemba, Mandi, Perraud \u2013 Mukau, Andr\u00e9, Bentaleb \u2013 Correia, Giroud, Haraldsson<\/p>\n<p>La composition de Marseille<\/p>\n<p style=\"text-align: justify;\">Rulli \u2013 Weah, Pavard, Balerdi, Murillo \u2013 Vermeeren, Kondogbia \u2013 Greenwood, O\u2019Riley, Paix\u00e3o \u2013 Aubameyang<\/p>\n<p>Les cotes de Lille-Marseille<\/p>\n<tr style=\"height: 16px;\">\n<td style=\"background-color: #404040; border-color: #ededed; width: 840px; text-align: left;\" colspan=\"3\"><strong><img loading=\"lazy\" decoding=\"async\" class=\"alignnone wp-image-512842 perfmatters-lazy\" alt=\"\" width=\"14\" height=\"13\" src=\"https:\/\/www.europesays.com\/fr\/wp-content\/uploads\/2025\/05\/Logo-Winamax.png\"  data-\/> Vendredi 5 d\u00e9cembre, 20h45<\/strong><\/td>\n<\/tr>\n<tr style=\"height: 24px;\">\n<td style=\"background-color: #ffffff; border-color: #ededed; vertical-align: middle; text-align: center; width: 266px;\"><strong>Lille<br \/><\/strong><a href=\"https:\/\/www.winamax.fr\/paris-sportifs\/match\/61526234?banid=33423\" class=\"su-button su-button-style-flat su-button-wide\" style=\"color:#fff;background-color:#0860ff;border-color:#074dcc;border-radius:5px\" target=\"_blank\" rel=\"noopener noreferrer\"> 2.50<\/a><\/td>\n<td style=\"background-color: #ffffff; border-color: #ededed; vertical-align: middle; text-align: center; width: 266px;\"><strong>Match nul<\/strong><br \/><a href=\"https:\/\/www.winamax.fr\/paris-sportifs\/match\/61526234?banid=33423\" class=\"su-button su-button-style-flat su-button-wide\" style=\"color:#fff;background-color:#0860ff;border-color:#074dcc;border-radius:5px\" target=\"_blank\" rel=\"noopener noreferrer\"> 3.50<\/a><\/td>\n<td style=\"background-color: #ffffff; border-color: #ededed; vertical-align: middle; text-align: center; width: 266px;\"><strong>Marseille<\/strong><br \/><a href=\"https:\/\/www.winamax.fr\/paris-sportifs\/match\/61526234?banid=33423\" class=\"su-button su-button-style-flat su-button-wide\" style=\"color:#fff;background-color:#0860ff;border-color:#074dcc;border-radius:5px\" target=\"_blank\" rel=\"noopener noreferrer\"> 2.55<\/a><\/td>\n<\/tr>\n<p style=\"text-align: justify;\">Tentez votre chance en profitant de votre <a href=\"https:\/\/www.winamax.fr\/registration\/landing\/affiliation_Bonus100?banid=33423\" target=\"_blank\" rel=\"noopener\">1er d\u00e9p\u00f4t doubl\u00e9 jusqu\u2019\u00e0 100 \u20ac<\/a> direct en paris gratuits sur Winamax !<\/p>\n","protected":false},"excerpt":{"rendered":"LIGUE 1 2025-2026 \u2013 Selon L\u2019\u00c9quipe, d\u00e9couvrez les compositions probables du match entre Lille et Marseille, pr\u00e9vu ce&hellip;\n","protected":false},"author":2,"featured_media":579878,"comment_status":"","ping_status":"","sticky":false,"template":"","format":"standard","meta":{"footnotes":""},"categories":[2814],"tags":[1111,11,2113,1777,674,63,1011,27,1307,884,12,882,25],"class_list":{"0":"post-579877","1":"post","2":"type-post","3":"status-publish","4":"format-standard","5":"has-post-thumbnail","7":"category-marseille","8":"tag-actu","9":"tag-actualites","10":"tag-breve","11":"tag-eu","12":"tag-europe","13":"tag-football","14":"tag-fr","15":"tag-france","16":"tag-lille","17":"tag-marseille","18":"tag-news","19":"tag-provence-alpes-cote-dazur","20":"tag-republique-francaise"},"share_on_mastodon":{"url":"https:\/\/pubeurope.com\/@fr\/115667055080963445","error":""},"_links":{"self":[{"href":"https:\/\/www.europesays.com\/fr\/wp-json\/wp\/v2\/posts\/579877","targetHints":{"allow":["GET"]}}],"collection":[{"href":"https:\/\/www.europesays.com\/fr\/wp-json\/wp\/v2\/posts"}],"about":[{"href":"https:\/\/www.europesays.com\/fr\/wp-json\/wp\/v2\/types\/post"}],"author":[{"embeddable":true,"href":"https:\/\/www.europesays.com\/fr\/wp-json\/wp\/v2\/users\/2"}],"replies":[{"embeddable":true,"href":"https:\/\/www.europesays.com\/fr\/wp-json\/wp\/v2\/comments?post=579877"}],"version-history":[{"count":0,"href":"https:\/\/www.europesays.com\/fr\/wp-json\/wp\/v2\/posts\/579877\/revisions"}],"wp:featuredmedia":[{"embeddable":true,"href":"https:\/\/www.europesays.com\/fr\/wp-json\/wp\/v2\/media\/579878"}],"wp:attachment":[{"href":"https:\/\/www.europesays.com\/fr\/wp-json\/wp\/v2\/media?parent=579877"}],"wp:term":[{"taxonomy":"category","embeddable":true,"href":"https:\/\/www.europesays.com\/fr\/wp-json\/wp\/v2\/categories?post=579877"},{"taxonomy":"post_tag","embeddable":true,"href":"https:\/\/www.europesays.com\/fr\/wp-json\/wp\/v2\/tags?post=579877"}],"curies":[{"name":"wp","href":"https:\/\/api.w.org\/{rel}","templated":true}]}}