{"id":579879,"date":"2025-12-05T12:52:13","date_gmt":"2025-12-05T12:52:13","guid":{"rendered":"https:\/\/www.europesays.com\/fr\/579879\/"},"modified":"2025-12-05T12:52:13","modified_gmt":"2025-12-05T12:52:13","slug":"circulation-retablie-montee-de-la-boucle-et-boulevard-des-canuts-apres-la-fin-des-travaux-de-la-vl7","status":"publish","type":"post","link":"https:\/\/www.europesays.com\/fr\/579879\/","title":{"rendered":"circulation r\u00e9tablie mont\u00e9e de la Boucle et boulevard des Canuts apr\u00e8s la fin des travaux de la VL7"},"content":{"rendered":"<p itemprop=\"description\"><strong>Apr\u00e8s plus de quatre mois de chantier, la M\u00e9tropole de Lyon annonce la fin des am\u00e9nagements de la Voie Lyonnaise 7 sur la mont\u00e9e de la Boucle et au carrefour du boulevard des Canuts.<\/strong><\/p>\n<p>La circulation est d\u00e9sormais totalement r\u00e9tablie sur cet axe majeur reliant les quais du Rh\u00f4ne \u00e0 la Croix-Rousse et \u00e0 Caluire-et-Cuire.<\/p>\n<p>Lanc\u00e9e le 21 juillet dernier, l\u2019op\u00e9ration a consist\u00e9 \u00e0 transformer la contre-all\u00e9e de la Boucle en v\u00e9lorue, tout en conservant 15 places de stationnement, dont une d\u00e9di\u00e9e aux livraisons pour les commerces, et en s\u00e9curisant le d\u00e9bouch\u00e9 sur le boulevard des Canuts gr\u00e2ce \u00e0 un carrefour r\u00e9am\u00e9nag\u00e9 et de nouveaux feux tricolores.<\/p>\n<p>Les trottoirs ont \u00e9galement \u00e9t\u00e9 \u00e9largis, et le feu altern\u00e9 install\u00e9 pendant le chantier dans le sens montant a \u00e9t\u00e9 retir\u00e9. La M\u00e9tropole de Lyon annonce par ailleurs la plantation de 20 arbres entre le 10 et le 19 d\u00e9cembre, ainsi que le marquage d\u00e9finitif des blocs de la Voie Lyonnaise en janvier.<\/p>\n","protected":false},"excerpt":{"rendered":"Apr\u00e8s plus de quatre mois de chantier, la M\u00e9tropole de Lyon annonce la fin des am\u00e9nagements de la&hellip;\n","protected":false},"author":2,"featured_media":579880,"comment_status":"","ping_status":"","sticky":false,"template":"","format":"standard","meta":{"footnotes":""},"categories":[1889],"tags":[1111,11,2813,2190,2430,1109,251,1112,2811,1777,674,118,1011,27,1922,1110,1114,2428,2810,12,241,316,25,2812,517,800],"class_list":{"0":"post-579879","1":"post","2":"type-post","3":"status-publish","4":"format-standard","5":"has-post-thumbnail","7":"category-lyon","8":"tag-actu","9":"tag-actualites","10":"tag-article","11":"tag-asvel","12":"tag-auvergne-rhone-alpes","13":"tag-breves","14":"tag-culture","15":"tag-depeches","16":"tag-economique","17":"tag-eu","18":"tag-europe","19":"tag-faits-divers","20":"tag-fr","21":"tag-france","22":"tag-info","23":"tag-informations","24":"tag-infos","25":"tag-lyon","26":"tag-lyonmag","27":"tag-news","28":"tag-ol","29":"tag-politique","30":"tag-republique-francaise","31":"tag-sociale","32":"tag-sport","33":"tag-transports"},"share_on_mastodon":{"url":"https:\/\/pubeurope.com\/@fr\/115667058301434341","error":""},"_links":{"self":[{"href":"https:\/\/www.europesays.com\/fr\/wp-json\/wp\/v2\/posts\/579879","targetHints":{"allow":["GET"]}}],"collection":[{"href":"https:\/\/www.europesays.com\/fr\/wp-json\/wp\/v2\/posts"}],"about":[{"href":"https:\/\/www.europesays.com\/fr\/wp-json\/wp\/v2\/types\/post"}],"author":[{"embeddable":true,"href":"https:\/\/www.europesays.com\/fr\/wp-json\/wp\/v2\/users\/2"}],"replies":[{"embeddable":true,"href":"https:\/\/www.europesays.com\/fr\/wp-json\/wp\/v2\/comments?post=579879"}],"version-history":[{"count":0,"href":"https:\/\/www.europesays.com\/fr\/wp-json\/wp\/v2\/posts\/579879\/revisions"}],"wp:featuredmedia":[{"embeddable":true,"href":"https:\/\/www.europesays.com\/fr\/wp-json\/wp\/v2\/media\/579880"}],"wp:attachment":[{"href":"https:\/\/www.europesays.com\/fr\/wp-json\/wp\/v2\/media?parent=579879"}],"wp:term":[{"taxonomy":"category","embeddable":true,"href":"https:\/\/www.europesays.com\/fr\/wp-json\/wp\/v2\/categories?post=579879"},{"taxonomy":"post_tag","embeddable":true,"href":"https:\/\/www.europesays.com\/fr\/wp-json\/wp\/v2\/tags?post=579879"}],"curies":[{"name":"wp","href":"https:\/\/api.w.org\/{rel}","templated":true}]}}