{"id":579885,"date":"2025-12-05T12:56:15","date_gmt":"2025-12-05T12:56:15","guid":{"rendered":"https:\/\/www.europesays.com\/fr\/579885\/"},"modified":"2025-12-05T12:56:15","modified_gmt":"2025-12-05T12:56:15","slug":"csg-sur-le-capital-que-change-lamendement-adopte-par-lassemblee-pour-les-epargnants","status":"publish","type":"post","link":"https:\/\/www.europesays.com\/fr\/579885\/","title":{"rendered":"CSG sur le capital\u00a0: que change l\u2019amendement adopt\u00e9 par l\u2019Assembl\u00e9e pour les \u00e9pargnants\u00a0?"},"content":{"rendered":"<p class=\"paragraph text_align_left lp-f-body-02\">Une volont\u00e9 de \u00ab\u00a0compromis\u00a0\u00bb voulue par l\u2019ex\u00e9cutif et des cons\u00e9quences. L\u2019Assembl\u00e9e nationale a adopt\u00e9 jeudi soir un amendement du gouvernement sur <a href=\"https:\/\/www.leparisien.fr\/politique\/budget-de-la-secu-la-csg-sur-le-capital-nouvelle-epreuve-du-feu-a-lassemblee-03-12-2025-C3ITZQOCDBBRZOR75F4GTBKIIM.php\" rel=\"noopener\" target=\"_blank\">la hausse de la CSG (Contribution sociale g\u00e9n\u00e9ralis\u00e9e) sur le capital<\/a> \u00e0 177 voix pour et 84 contre, avec 92 abstentions, dans le cadre de l\u2019examen du projet de loi de finances de la S\u00e9curit\u00e9 sociale (PLFSS).<\/p>\n<p class=\"paragraph text_align_left lp-f-body-02\">Cet amendement r\u00e9\u00e9crit une mesure voulue par la gauche, clivante \u00e0 droite. Les socialistes souhaitaient une hausse de 1,4 point de la CSG sur le capital pour la porter \u00e0 10,6\u00a0%, mais le <a href=\"https:\/\/www.leparisien.fr\/politique\/retraites-deficit-prestations-sociales-les-principaux-points-du-budget-de-la-secu-remanie-au-senat-26-11-2025-NNUQK6GMGFEDPJKTQKO4BJQUIY.php\" target=\"_blank\" rel=\"noreferrer noopener\">S\u00e9nat s\u2019y est oppos\u00e9.<\/a><\/p>\n<p class=\"paragraph text_align_left lp-f-body-02\">En pr\u00e9sentant l\u2019amendement gouvernemental jeudi soir, la ministre des Comptes publics Am\u00e9lie de Montchalin a parl\u00e9 de \u00ab\u00a0compromis\u00a0\u00bb en s\u2019assurant qu\u2019aucun \u00ab\u00a0petit \u00e9pargnant\u00a0\u00bb ne soit concern\u00e9 par cette hausse de la CSG. Le rendement de 2,8\u00a0milliards attendu avec la mesure socialiste tomberait donc, avec ces \u00e9volutions, \u00e0 1,5\u00a0milliard, selon le gouvernement.<\/p>\n<p>Qui est concern\u00e9\u00a0?<\/p>\n<p class=\"paragraph text_align_left lp-f-body-02\">Concr\u00e8tement, l\u2019amendement gouvernemental \u00ab\u00a0ne souhaite pas p\u00e9naliser les \u00e9pargnants et l\u2019investissement locatif\u00a0\u00bb. Il vise \u00e0 maintenir \u00e0 9,2\u00a0% la CSG \u00ab\u00a0sur les revenus fonciers et plus-values immobili\u00e8res, les revenus issus des contrats d\u2019assurance de vie, les plans d\u2019\u00e9pargne logement et les contrats d\u2019\u00e9pargne logement ainsi que les plans d\u2019\u00e9pargne populaire\u00a0\u00bb.<\/p>\n<p class=\"paragraph text_align_left lp-f-body-02\">En clair, comme pr\u00e9cis\u00e9 par Am\u00e9lie de Montchalin, les personnes touchant \u00ab\u00a0des revenus locatifs, qui ont une assurance vie\u00a0\u00bb ou un plan d\u2019\u00e9pargne logement (PEL) ne seront pas concern\u00e9es par cette hausse de la CSG. De m\u00eame que les plans d\u2019\u00e9pargne populaire, les revenus fonciers et les plus values immobili\u00e8res. Un flou demeurait autour du Plan d\u2019\u00e9pargne retraite (PER). Mais selon, l\u2019entourage d\u2019Am\u00e9lie de Montchalin, celui-ci est bien concern\u00e9 par cet amendement\u00a0: la CSG n\u2019augmentera donc pas sur le PER.<\/p>\n<p class=\"paragraph text_align_left lp-f-body-02\">La hausse de 1,4 de la CSG sera maintenue sur les dividendes, les plus-values sur les actions, les comptes \u00e0 terme, les revenus obligataires\u2026 Les revenus suppl\u00e9mentaires seront indirectement fl\u00e9ch\u00e9s vers la \u00ab\u00a0branche autonomie\u00a0\u00bb de la s\u00e9curit\u00e9 sociale, via une nouvelle contribution financi\u00e8re autonomie (CFA).<\/p>\n<p class=\"paragraph text_align_left lp-f-body-02\">Il s\u2019agit d\u2019une sorte de \u00ab\u00a0tampon\u00a0\u00bb permettant d\u2019affecter ces revenus vers la branche autonomie, comme l\u2019indique au Parisien l\u2019entourage d\u2019Am\u00e9lie de Montchalin. \u00ab\u00a0Aujourd\u2019hui, il s\u2019agit plut\u00f4t d\u2019un message politique pour dire que ces fonds viseront \u00e0 financer la branche autonomie\u00a0\u00bb, indique-t-on.<\/p>\n<p class=\"paragraph text_align_left lp-f-body-02\">Cette contribution devrait donc toucher en premier lieu \u00ab\u00a0les m\u00e9nages les plus ais\u00e9s\u00a0\u00bb. D\u2019apr\u00e8s la ministre des Comptes publics, cette \u00ab\u00a0contribution financi\u00e8re pour l\u2019autonomie\u00a0\u00bb permettra de prot\u00e9ger \u00ab\u00a0les petits \u00e9pargnants et l\u2019\u00e9pargne populaire de la grande majorit\u00e9 des Fran\u00e7ais\u00a0\u00bb.<\/p>\n","protected":false},"excerpt":{"rendered":"Une volont\u00e9 de \u00ab\u00a0compromis\u00a0\u00bb voulue par l\u2019ex\u00e9cutif et des cons\u00e9quences. L\u2019Assembl\u00e9e nationale a adopt\u00e9 jeudi soir un amendement&hellip;\n","protected":false},"author":2,"featured_media":579886,"comment_status":"","ping_status":"","sticky":false,"template":"","format":"standard","meta":{"footnotes":""},"categories":[1888],"tags":[1111,1928,11,1927,33,1777,674,1011,27,12,1926,626,1925,316,25,6337],"class_list":{"0":"post-579885","1":"post","2":"type-post","3":"status-publish","4":"format-standard","5":"has-post-thumbnail","7":"category-paris","8":"tag-actu","9":"tag-actu-paris","10":"tag-actualites","11":"tag-actualites-paris","12":"tag-economie","13":"tag-eu","14":"tag-europe","15":"tag-fr","16":"tag-france","17":"tag-news","18":"tag-news-paris","19":"tag-paris","20":"tag-paris-news","21":"tag-politique","22":"tag-republique-francaise","23":"tag-votre-argent"},"share_on_mastodon":{"url":"https:\/\/pubeurope.com\/@fr\/115667074135473780","error":""},"_links":{"self":[{"href":"https:\/\/www.europesays.com\/fr\/wp-json\/wp\/v2\/posts\/579885","targetHints":{"allow":["GET"]}}],"collection":[{"href":"https:\/\/www.europesays.com\/fr\/wp-json\/wp\/v2\/posts"}],"about":[{"href":"https:\/\/www.europesays.com\/fr\/wp-json\/wp\/v2\/types\/post"}],"author":[{"embeddable":true,"href":"https:\/\/www.europesays.com\/fr\/wp-json\/wp\/v2\/users\/2"}],"replies":[{"embeddable":true,"href":"https:\/\/www.europesays.com\/fr\/wp-json\/wp\/v2\/comments?post=579885"}],"version-history":[{"count":0,"href":"https:\/\/www.europesays.com\/fr\/wp-json\/wp\/v2\/posts\/579885\/revisions"}],"wp:featuredmedia":[{"embeddable":true,"href":"https:\/\/www.europesays.com\/fr\/wp-json\/wp\/v2\/media\/579886"}],"wp:attachment":[{"href":"https:\/\/www.europesays.com\/fr\/wp-json\/wp\/v2\/media?parent=579885"}],"wp:term":[{"taxonomy":"category","embeddable":true,"href":"https:\/\/www.europesays.com\/fr\/wp-json\/wp\/v2\/categories?post=579885"},{"taxonomy":"post_tag","embeddable":true,"href":"https:\/\/www.europesays.com\/fr\/wp-json\/wp\/v2\/tags?post=579885"}],"curies":[{"name":"wp","href":"https:\/\/api.w.org\/{rel}","templated":true}]}}