{"id":579894,"date":"2025-12-05T13:02:12","date_gmt":"2025-12-05T13:02:12","guid":{"rendered":"https:\/\/www.europesays.com\/fr\/579894\/"},"modified":"2025-12-05T13:02:12","modified_gmt":"2025-12-05T13:02:12","slug":"emmanuel-macron-exhorte-a-maintenir-leffort-de-guerre-et-a-resister-lesprit-de-division","status":"publish","type":"post","link":"https:\/\/www.europesays.com\/fr\/579894\/","title":{"rendered":"Emmanuel Macron exhorte \u00e0 maintenir \u00abl\u2019effort de guerre\u00bb et \u00e0 r\u00e9sister \u00abl\u2019esprit de division\u00bb"},"content":{"rendered":"<p>\n    En visite en Chine, le chef de l\u2019\u00c9tat a soulign\u00e9 l\u2019importance de l\u2019unit\u00e9 transatlantique et du soutien continu \u00e0 l\u2019Ukraine. Il a insist\u00e9 sur la n\u00e9cessit\u00e9 de maintenir la pression sur Moscou tout en poursuivant les n\u00e9gociations de paix.<\/p>\n<p class=\"fig-paragraph\">Le pr\u00e9sident fran\u00e7ais<a href=\"http:\/\/www.lefigaro.fr\/flash-actu\/i-love-you-emmanuel-macron-s-offre-un-bain-de-foule-surprenant-en-chine-20251205\" data-fig-type=\"NewsFlash\" data-gtm-custom-categorie=\"navigation\" data-gtm-custom-action=\"crossclick\" data-gtm-custom-label=\"Contextuel\" data-gtm-event=\"customEventSPE\" data-fig-domain=\"LEFIGARO\" target=\"_blank\" rel=\"noopener\">\u00a0Emmanuel Macron\u00a0<\/a>a appel\u00e9 vendredi \u00e0 maintenir \u00abl&rsquo;effort de guerre\u00bb en faveur de\u00a0<a href=\"http:\/\/www.lefigaro.fr\/international\/guerre-en-ukraine-l-europe-doit-repondre-face-a-la-guerre-hybride-menee-par-la-russie-declare-von-der-leyen-20251008\" data-fig-type=\"NewsFlash\" data-gtm-custom-categorie=\"navigation\" data-gtm-custom-action=\"crossclick\" data-gtm-custom-label=\"Contextuel\" data-gtm-event=\"customEventSPE\" data-fig-domain=\"LEFIGARO\" target=\"_blank\" rel=\"noopener\">l&rsquo;Ukraine face \u00e0 la Russie<\/a>\u00a0et \u00e0 r\u00e9sister \u00e0 un \u00abesprit de division\u00bb entre Europ\u00e9ens et Am\u00e9ricains.<\/p>\n<p class=\"fig-paragraph\">\u00abIl faut maintenir l&rsquo;effort de guerre, poursuivre les pourparlers qui pr\u00e9parent la paix, mais accro\u00eetre la pression en particulier sur l&rsquo;\u00e9conomie russe\u00bb, a dit Emmanuel Macron devant des journalistes. \u00abL&rsquo;unit\u00e9 entre les Am\u00e9ricains et les Europ\u00e9ens sur la question ukrainienne est indispensable\u00bb, a-t-il ajout\u00e9.<\/p>\n<p>                                            <a class=\"fig-a11y-skip\" href=\"#fig-a11y-skip-main-inarticle\" data-module=\"a11y-skip\" data-context=\"was @visible\"><br \/>\n    Passer la publicit\u00e9<br \/>\n<\/a>            <\/p>\n<p class=\"fig-paragraph\">\u00abIl ne faut surtout c\u00e9der \u00e0 aucun esprit de division entre Europ\u00e9ens et Am\u00e9ricains. Nous avons besoin des \u00c9tats-Unis pour avoir la paix. Les \u00c9tats-Unis d&rsquo;Am\u00e9rique ont besoin de nous pour que cette paix soit robuste et durable\u00bb, a-t-il dit.<\/p>\n<p>                                            \u00abOui, nous avons avanc\u00e9\u00bb<\/p>\n<p class=\"fig-paragraph\">Selon l&rsquo;hebdomadaire allemand Der Spiegel,\u00a0<a href=\"http:\/\/www.lefigaro.fr\/international\/a-sarrebruck-macron-et-merz-affichent-leur-bonne-entente-dans-un-contexte-europeen-tendu-20251003\" data-fig-type=\"Article\" data-gtm-custom-categorie=\"navigation\" data-gtm-custom-action=\"crossclick\" data-gtm-custom-label=\"Contextuel\" data-gtm-event=\"customEventSPE\" data-fig-domain=\"LEFIGARO\" target=\"_blank\" rel=\"noopener\">Emmanuel Macron, le chancelier allemand Friedrich Merz<\/a>\u00a0et d&rsquo;autres dirigeants europ\u00e9ens ont exprim\u00e9 leur m\u00e9fiance vis-\u00e0-vis de l&rsquo;administration Trump au moment o\u00f9 celle-ci tente de n\u00e9gocier la fin de la guerre en Ukraine. Selon Der Spiegel, le pr\u00e9sident fran\u00e7ais a \u00e9voqu\u00e9 lundi lors d&rsquo;un entretien t\u00e9l\u00e9phonique avec ses homologues europ\u00e9ens et le pr\u00e9sident ukrainien\u00a0<a href=\"https:\/\/video.lefigaro.fr\/figaro\/international\/volodymyr-zelensky-les-negociateurs-ukrainiens-se-sont-deja-envoles-pour-les-etats-unis-20251204\" data-fig-type=\"Video\" data-gtm-custom-categorie=\"navigation\" data-gtm-custom-action=\"crossclick\" data-gtm-custom-label=\"Contextuel\" data-gtm-event=\"customEventSPE\" data-fig-domain=\"LEFIGARO\" target=\"_blank\" rel=\"noopener\">Volodymyr Zelensky<\/a>\u00a0le risque \u00abque les \u00c9tats-Unis trahissent l&rsquo;Ukraine sur la question des territoires sans qu&rsquo;il y ait de garantie claire en mati\u00e8re de s\u00e9curit\u00e9\u00bb.<\/p>\n<p class=\"fig-paragraph\">Emmanuel Macron n&rsquo;a pas r\u00e9pondu \u00e0 la question de savoir s&rsquo;il avait bien parl\u00e9 de risque de trahison am\u00e9ricaine. Il a assur\u00e9 qu&rsquo;Europ\u00e9ens et Am\u00e9ricains \u00e9taient \u00absur la m\u00eame ligne en mati\u00e8re des garanties de s\u00e9curit\u00e9\u00bb que devait obtenir l&rsquo;Ukraine. Il a rapport\u00e9 avoir eu des \u00e9changes \u00aben profondeur\u00bb avec le pr\u00e9sident chinois Xi Jinping au cours de son s\u00e9jour. La France et les Europ\u00e9ens voudraient voir la Chine, partenaire politique et \u00e9conomique primordial de la Russie, user de son influence sur cette derni\u00e8re pour qu&rsquo;elle mette fin \u00e0 la guerre.<\/p>\n<p class=\"fig-paragraph\">La Chine n&rsquo;a cependant donn\u00e9 aucun signe probant d&rsquo;\u00e9volution \u00e0 ce propos \u00e0 l&rsquo;issue de la visite d\u2019Emmanuel Macron. Emmanuel Macron a assur\u00e9 avoir \u00abvu une volont\u00e9 du pr\u00e9sident (Xi) de contribuer \u00e0 la stabilit\u00e9 et \u00e0 la paix, et il a pris en compte les arguments que je citais pour les Europ\u00e9ens d&rsquo;avoir une paix robuste et durable\u00bb. \u00abEt donc, oui, nous avons avanc\u00e9\u00bb, a-t-il dit.<\/p>\n","protected":false},"excerpt":{"rendered":"En visite en Chine, le chef de l\u2019\u00c9tat a soulign\u00e9 l\u2019importance de l\u2019unit\u00e9 transatlantique et du soutien continu&hellip;\n","protected":false},"author":2,"featured_media":579895,"comment_status":"","ping_status":"","sticky":false,"template":"","format":"standard","meta":{"footnotes":""},"categories":[1590],"tags":[11,1073,1777,674,131,12,220],"class_list":{"0":"post-579894","1":"post","2":"type-post","3":"status-publish","4":"format-standard","5":"has-post-thumbnail","7":"category-ukraine","8":"tag-actualites","9":"tag-emmanuel-macron","10":"tag-eu","11":"tag-europe","12":"tag-guerre-en-ukraine","13":"tag-news","14":"tag-ukraine"},"share_on_mastodon":{"url":"https:\/\/pubeurope.com\/@fr\/115667097631415057","error":""},"_links":{"self":[{"href":"https:\/\/www.europesays.com\/fr\/wp-json\/wp\/v2\/posts\/579894","targetHints":{"allow":["GET"]}}],"collection":[{"href":"https:\/\/www.europesays.com\/fr\/wp-json\/wp\/v2\/posts"}],"about":[{"href":"https:\/\/www.europesays.com\/fr\/wp-json\/wp\/v2\/types\/post"}],"author":[{"embeddable":true,"href":"https:\/\/www.europesays.com\/fr\/wp-json\/wp\/v2\/users\/2"}],"replies":[{"embeddable":true,"href":"https:\/\/www.europesays.com\/fr\/wp-json\/wp\/v2\/comments?post=579894"}],"version-history":[{"count":0,"href":"https:\/\/www.europesays.com\/fr\/wp-json\/wp\/v2\/posts\/579894\/revisions"}],"wp:featuredmedia":[{"embeddable":true,"href":"https:\/\/www.europesays.com\/fr\/wp-json\/wp\/v2\/media\/579895"}],"wp:attachment":[{"href":"https:\/\/www.europesays.com\/fr\/wp-json\/wp\/v2\/media?parent=579894"}],"wp:term":[{"taxonomy":"category","embeddable":true,"href":"https:\/\/www.europesays.com\/fr\/wp-json\/wp\/v2\/categories?post=579894"},{"taxonomy":"post_tag","embeddable":true,"href":"https:\/\/www.europesays.com\/fr\/wp-json\/wp\/v2\/tags?post=579894"}],"curies":[{"name":"wp","href":"https:\/\/api.w.org\/{rel}","templated":true}]}}