{"id":579896,"date":"2025-12-05T13:03:20","date_gmt":"2025-12-05T13:03:20","guid":{"rendered":"https:\/\/www.europesays.com\/fr\/579896\/"},"modified":"2025-12-05T13:03:20","modified_gmt":"2025-12-05T13:03:20","slug":"les-etats-unis-veulent-que-leurope-dirige-la-defense-de-lotan-dici-2027-sources-05-12-2025-a-1320","status":"publish","type":"post","link":"https:\/\/www.europesays.com\/fr\/579896\/","title":{"rendered":"Les \u00c9tats-Unis veulent que l&rsquo;Europe dirige la d\u00e9fense de l&rsquo;Otan d&rsquo;ici 2027-sources &#8211; 05\/12\/2025 \u00e0 13:20"},"content":{"rendered":"<p>\n par Gram Slattery et Humeyra Pamuk\n<\/p>\n<p>\n Les \u00c9tats-Unis<br \/>\nsouhaitent que l&rsquo;Europe prenne en charge d&rsquo;ici 2027 la majorit\u00e9<br \/>\ndes capacit\u00e9s de d\u00e9fense conventionnelle de l&rsquo;Otan, allant du<br \/>\nrenseignement aux missiles, ont indiqu\u00e9 des responsables du<br \/>\nPentagone \u00e0 des diplomates \u00e0 Washington cette semaine, tandis<br \/>\nque ce d\u00e9lai serr\u00e9 semble irr\u00e9aliste pour certains responsables<br \/>\neurop\u00e9ens.\n<\/p>\n<p>\n Cet objectif, rapport\u00e9 par cinq sources au fait des<br \/>\ndiscussions dont un responsable am\u00e9ricain, a \u00e9t\u00e9 transmis lors<br \/>\nd&rsquo;une r\u00e9union \u00e0 Washington cette semaine entre le personnel du<br \/>\nPentagone charg\u00e9 de la politique de l&rsquo;Organisation du trait\u00e9 de<br \/>\nl&rsquo;Atlantique Nord (Otan) et plusieurs d\u00e9l\u00e9gations europ\u00e9ennes.\n<\/p>\n<p>\n Le transfert de cette charge des \u00c9tats-Unis vers les membres<br \/>\neurop\u00e9ens de l&rsquo;Otan changerait radicalement la fa\u00e7on dont les<br \/>\n\u00c9tats-Unis, pays fondateur de l&rsquo;alliance d&rsquo;apr\u00e8s-guerre,<br \/>\ntravaillent avec leurs partenaires militaires les plus<br \/>\nimportants.\n<\/p>\n<p>\n Lors de cette r\u00e9union, les responsables du Pentagone ont<br \/>\nindiqu\u00e9 que Washington n&rsquo;\u00e9tait pas encore satisfait des progr\u00e8s<br \/>\nr\u00e9alis\u00e9s par l&rsquo;Europe pour renforcer ses capacit\u00e9s de d\u00e9fense<br \/>\ndepuis l&rsquo;invasion \u00e9largie de l&rsquo;Ukraine par la Russie en 2022.\n<\/p>\n<p>\n Les responsables am\u00e9ricains ont dit \u00e0 leurs homologues que<br \/>\nsi l&rsquo;Europe ne respectait pas l&rsquo;\u00e9ch\u00e9ance de 2027, les \u00c9tats-Unis<br \/>\npourraient cesser de participer \u00e0 certains m\u00e9canismes de<br \/>\ncoordination de d\u00e9fense de l&rsquo;Otan, ont d\u00e9clar\u00e9 \u00e0 Reuters<br \/>\nplusieurs sources ayant requis l&rsquo;anonymat.\n<\/p>\n<p>\n Certains fonctionnaires du Capitole sont au courant du<br \/>\nmessage du Pentagone aux Europ\u00e9ens et s&rsquo;en inqui\u00e8tent, a d\u00e9clar\u00e9<br \/>\nun responsable am\u00e9ricain.\n<\/p>\n<p>\n \u00c9CH\u00c9ANCE PAS R\u00c9ALISTE\n<\/p>\n<p>\n Les capacit\u00e9s de d\u00e9fense conventionnelles comprennent les<br \/>\nmoyens non nucl\u00e9aires, allant des troupes aux armes. Les<br \/>\nresponsables n&rsquo;ont pas expliqu\u00e9 comment les \u00c9tats-Unis<br \/>\nmesureraient les progr\u00e8s r\u00e9alis\u00e9s par l&rsquo;Europe pour assumer la<br \/>\nt\u00e2che.\n<\/p>\n<p>\n Il n&rsquo;est pas clair non plus si l&rsquo;\u00e9ch\u00e9ance de 2027 repr\u00e9sente<br \/>\nla position de l&rsquo;administration am\u00e9ricaine ou seulement le point<br \/>\nde vue de certains fonctionnaires du Pentagone. D&rsquo;importants<br \/>\nd\u00e9saccords demeurent \u00e0 Washington sur le r\u00f4le militaire que les<br \/>\n\u00c9tats-Unis devraient jouer en Europe.\n<\/p>\n<p>\n Les pays europ\u00e9ens ont largement accept\u00e9 la demande du<br \/>\npr\u00e9sident am\u00e9ricain Donald Trump de prendre plus de<br \/>\nresponsabilit\u00e9s pour leur propre s\u00e9curit\u00e9 et ont promis de<br \/>\nfortes augmentations des d\u00e9penses de d\u00e9fense. Mais plusieurs<br \/>\nresponsables europ\u00e9ens ont d\u00e9clar\u00e9 qu&rsquo;une \u00e9ch\u00e9ance fix\u00e9e \u00e0 2027<br \/>\nn&rsquo;\u00e9tait pas r\u00e9aliste, quelle que soit la mani\u00e8re dont Washington<br \/>\nmesure les progr\u00e8s, l&rsquo;Europe ayant besoin de plus que de<br \/>\nl&rsquo;argent et de la volont\u00e9 politique pour remplacer certaines<br \/>\ncapacit\u00e9s am\u00e9ricaines \u00e0 court terme.\n<\/p>\n<p>\n L&rsquo;Union europ\u00e9enne s&rsquo;est fix\u00e9 pour objectif de rendre le<br \/>\ncontinent en capacit\u00e9 \u00e0 se d\u00e9fendre d&rsquo;ici 2030. Le bloc europ\u00e9en<br \/>\nd\u00e9clare devoir encore combler les lacunes de ses d\u00e9fenses<br \/>\na\u00e9riennes, de ses drones, de ses capacit\u00e9s de cyberguerre, de<br \/>\nses munitions et d&rsquo;autres domaines.\n<\/p>\n<p>\n Des fonctionnaires et des analystes ont d\u00e9clar\u00e9 que m\u00eame<br \/>\ncette \u00e9ch\u00e9ance \u00e0 2030 \u00e9tait tr\u00e8s ambitieuse.<br \/>\nEntre autres d\u00e9fis, les alli\u00e9s de l&rsquo;Otan sont confront\u00e9s \u00e0 des<br \/>\nretards de production pour les \u00e9quipements militaires qu&rsquo;ils<br \/>\nessaient d&rsquo;acheter. Alors que les responsables am\u00e9ricains ont<br \/>\nencourag\u00e9 l&rsquo;Europe \u00e0 acheter davantage de mat\u00e9riel fabriqu\u00e9 aux<br \/>\n\u00c9tats-Unis, certains des syst\u00e8mes d&rsquo;armes et de d\u00e9fense les plus<br \/>\npris\u00e9s fabriqu\u00e9s aux \u00c9tats-Unis mettraient des ann\u00e9es \u00e0 \u00eatre<br \/>\nlivr\u00e9s s&rsquo;ils \u00e9taient command\u00e9s aujourd&rsquo;hui.\n<\/p>\n<p>\n Les \u00c9tats-Unis fournissent \u00e9galement des capacit\u00e9s qui ne<br \/>\npeuvent pas \u00eatre simplement achet\u00e9es, telles que des capacit\u00e9s<br \/>\nuniques de renseignement, de surveillance et de reconnaissance<br \/>\nqui se sont av\u00e9r\u00e9es essentielles \u00e0 l&rsquo;effort de guerre ukrainien.\n<\/p>\n<p>\n Interrog\u00e9 \u00e0 ce sujet, un repr\u00e9sentant de l&rsquo;Otan a d\u00e9clar\u00e9<br \/>\nque les alli\u00e9s europ\u00e9ens avaient commenc\u00e9 \u00e0 assumer davantage de<br \/>\nresponsabilit\u00e9s pour la s\u00e9curit\u00e9 du continent. Il n&rsquo;a pas fait<br \/>\nde commentaire concernant l&rsquo;\u00e9ch\u00e9ance de 2027.\n<\/p>\n<p>\n \u00ab\u00a0Les alli\u00e9s ont reconnu la n\u00e9cessit\u00e9 d&rsquo;investir davantage<br \/>\ndans la d\u00e9fense et de transf\u00e9rer la responsabilit\u00e9 de la d\u00e9fense<br \/>\nconventionnelle des \u00c9tats-Unis vers l&rsquo;Europe\u00a0\u00bb, a d\u00e9clar\u00e9 ce<br \/>\nresponsable de l&rsquo;Otan.\n<\/p>\n<p>\n Le Pentagone et la Maison blanche n&rsquo;ont pas r\u00e9pondu dans<br \/>\nl&rsquo;imm\u00e9diat aux demandes de commentaires.\n<\/p>\n<p>\n Cette semaine, lors d&rsquo;une r\u00e9union des ministres des Affaires<br \/>\n\u00e9trang\u00e8res de l&rsquo;Otan, le vice-secr\u00e9taire d&rsquo;\u00c9tat am\u00e9ricain<br \/>\nChristopher Landau a d\u00e9clar\u00e9 qu&rsquo;il \u00e9tait \u00ab\u00a0\u00e9vident\u00a0\u00bb que les<br \/>\nalli\u00e9s de l&rsquo;Otan devaient assumer la responsabilit\u00e9 de la<br \/>\nd\u00e9fense de l&rsquo;Europe.\n<\/p>\n<p>\n \u00ab\u00a0Les administrations am\u00e9ricaines successives ont d\u00e9clar\u00e9<br \/>\ncela sous une forme ou une autre pratiquement toute ma vie (&#8230;)<br \/>\nmais notre administration le pense vraiment\u00a0\u00bb, a \u00e9crit<br \/>\nChristopher Landau sur X.\n<\/p>\n<p>\n (Reportage Gram Slattery et Humeyra Pamuk \u00e0 Washington, avec la<br \/>\ncontribution de Phil Stewart \u00e0 Washington et Andrew Gray \u00e0<br \/>\nBruxelles ; version fran\u00e7aise Coralie Lamarque, \u00e9dit\u00e9 par Kate<br \/>\nEntringer)<\/p>\n","protected":false},"excerpt":{"rendered":"par Gram Slattery et Humeyra Pamuk Les \u00c9tats-Unis souhaitent que l&rsquo;Europe prenne en charge d&rsquo;ici 2027 la majorit\u00e9&hellip;\n","protected":false},"author":2,"featured_media":2486,"comment_status":"","ping_status":"","sticky":false,"template":"","format":"standard","meta":{"footnotes":""},"categories":[1589],"tags":[400,11,398,408,405,73,1866,403,402,399,404,12,401,406,1864,1865,1863,308,407],"class_list":{"0":"post-579896","1":"post","2":"type-post","3":"status-publish","4":"format-standard","5":"has-post-thumbnail","7":"category-etats-unis","8":"tag-action-cac-40","9":"tag-actualites","10":"tag-bourse-de-paris","11":"tag-boursorama","12":"tag-cotations","13":"tag-etats-unis","14":"tag-etats-unis-damerique","15":"tag-indices-devises","16":"tag-investir","17":"tag-investissement","18":"tag-marche-boursier","19":"tag-news","20":"tag-sicav","21":"tag-trackers","22":"tag-united-states","23":"tag-united-states-of-america","24":"tag-us","25":"tag-usa","26":"tag-warrants"},"share_on_mastodon":{"url":"https:\/\/pubeurope.com\/@fr\/115667101667451444","error":""},"_links":{"self":[{"href":"https:\/\/www.europesays.com\/fr\/wp-json\/wp\/v2\/posts\/579896","targetHints":{"allow":["GET"]}}],"collection":[{"href":"https:\/\/www.europesays.com\/fr\/wp-json\/wp\/v2\/posts"}],"about":[{"href":"https:\/\/www.europesays.com\/fr\/wp-json\/wp\/v2\/types\/post"}],"author":[{"embeddable":true,"href":"https:\/\/www.europesays.com\/fr\/wp-json\/wp\/v2\/users\/2"}],"replies":[{"embeddable":true,"href":"https:\/\/www.europesays.com\/fr\/wp-json\/wp\/v2\/comments?post=579896"}],"version-history":[{"count":0,"href":"https:\/\/www.europesays.com\/fr\/wp-json\/wp\/v2\/posts\/579896\/revisions"}],"wp:featuredmedia":[{"embeddable":true,"href":"https:\/\/www.europesays.com\/fr\/wp-json\/wp\/v2\/media\/2486"}],"wp:attachment":[{"href":"https:\/\/www.europesays.com\/fr\/wp-json\/wp\/v2\/media?parent=579896"}],"wp:term":[{"taxonomy":"category","embeddable":true,"href":"https:\/\/www.europesays.com\/fr\/wp-json\/wp\/v2\/categories?post=579896"},{"taxonomy":"post_tag","embeddable":true,"href":"https:\/\/www.europesays.com\/fr\/wp-json\/wp\/v2\/tags?post=579896"}],"curies":[{"name":"wp","href":"https:\/\/api.w.org\/{rel}","templated":true}]}}