{"id":579899,"date":"2025-12-05T13:05:16","date_gmt":"2025-12-05T13:05:16","guid":{"rendered":"https:\/\/www.europesays.com\/fr\/579899\/"},"modified":"2025-12-05T13:05:16","modified_gmt":"2025-12-05T13:05:16","slug":"meilleur-parc-de-france-record-de-visiteurs-et-projet-en-allemagne-la-folle-semaine-du-parc-asterix","status":"publish","type":"post","link":"https:\/\/www.europesays.com\/fr\/579899\/","title":{"rendered":"\u00ab\u00a0Meilleur parc de France\u00a0\u00bb, record de visiteurs et projet en Allemagne\u00a0: la folle semaine du Parc Ast\u00e9rix"},"content":{"rendered":"<p class=\"paragraph text_align_left lp-f-body-02\">Une pluie de troph\u00e9es vient de tomber sur <a href=\"https:\/\/www.leparisien.fr\/oise-60\/parc-asterix-on-a-teste-les-chars-de-cetautomatix-le-nouveau-manege-qui-donne-le-frisson-sans-grosse-frayeur-13-08-2025-RPLAWJNK35E35KMUHSVTJEJZQ4.php\" target=\"_self\" rel=\"noopener\">le Parc Ast\u00e9rix<\/a>. Le site install\u00e9 \u00e0 Plailly (<a href=\"https:\/\/www.leparisien.fr\/oise-60\/\" target=\"_self\" rel=\"noopener\">Oise<\/a>) depuis 1989 vient d\u2019\u00eatre \u00e9lu meilleur parc de France pour la quatri\u00e8me ann\u00e9e cons\u00e9cutive. Une r\u00e9compense rendue publique ce lundi 1er d\u00e9cembre, glan\u00e9e lors de la troisi\u00e8me \u00e9dition des Parcs Fans Awards, organis\u00e9e par le m\u00e9dia Parc Actus, qui vient s\u2019ajouter \u00e0 cinq autres distinctions remport\u00e9es dans la m\u00eame c\u00e9r\u00e9monie.<\/p>\n<p class=\"paragraph text_align_left lp-f-body-02\">L\u2019h\u00f4tel Les Quais de Lut\u00e8ce a remport\u00e9 le titre de meilleure exp\u00e9rience h\u00f4teli\u00e8re de l\u2019ann\u00e9e. Du c\u00f4t\u00e9 des attractions, <a href=\"https:\/\/www.leparisien.fr\/culture-loisirs\/toutatis-110-kmh-une-fleche-de-51-m-de-haut-ce-que-lon-sait-du-nouveau-grand-huit-du-parc-asterix-06-02-2023-MVXWZB2XHRCMXEEYDQPZK43OJQ.php\" target=\"_self\" rel=\"noopener\">la montagne russe Toutatis<\/a> a \u00e9t\u00e9 d\u00e9sign\u00e9e meilleur grand huit de France et l\u2019\u00e9v\u00e9nement Peur sur le Parc distingu\u00e9 comme meilleur rendez-vous saisonnier. La nouvelle attraction C\u00e9tautomatix, inaugur\u00e9e le 18 ao\u00fbt dernier malgr\u00e9 <a href=\"https:\/\/www.leparisien.fr\/oise-60\/on-lattend-avec-impatience-pourquoi-la-nouvelle-attraction-du-parc-asterix-na-t-elle-toujours-pas-ouvert-18-07-2025-CUNCRZBPPBHQDLHS4VK6S4TQBA.php\" target=\"_self\" rel=\"noopener\">un retard cons\u00e9quent,<\/a> a aussi \u00e9t\u00e9 prim\u00e9e meilleure nouveaut\u00e9.<\/p>\n<p>Ast\u00e9rix en Allemagne<\/p>\n<p class=\"paragraph text_align_left lp-f-body-02\">Des distinctions qui viennent conforter la bonne dynamique du site qui, pour 2025, a d\u00e9pass\u00e9 les 2,9 millions de visiteurs, battant <a href=\"https:\/\/www.leparisien.fr\/culture-loisirs\/15-millions-pour-asterix-25-millions-au-futuroscope-pourquoi-les-parcs-dattractions-investissent-non-stop-05-04-2025-NO53AEVO4JCK3CN5VDNTLWQXPE.php#:~:text=Chez%20Ast%C3%A9rix%2C%20par%20exemple%2C%20l,l&#039;intouchable%20Disneyland%20Paris%20(10\" target=\"_self\" rel=\"noopener\">son record de l\u2019an dernier<\/a>. Deuxi\u00e8me parc d\u2019attractions le plus visit\u00e9 de France, derri\u00e8re Disneyland Paris. Le site gaulois se hisse \u00e9galement \u00e0 la huiti\u00e8me place au niveau europ\u00e9en.<\/p>\n<p class=\"paragraph text_align_left lp-f-body-02\">Le Parc Ast\u00e9rix a d\u2019ailleurs annonc\u00e9 vouloir s\u2019exporter pour la premi\u00e8re fois hors de France, avec <a href=\"https:\/\/www.leparisien.fr\/culture-loisirs\/un-parc-asterix-en-allemagne-a-horizon-2030-2031-02-12-2025-OPQXFVJNWRHPJFQRKGONL6E7GU.php\" target=\"_self\" rel=\"noopener\">un projet d\u2019implantation en Allemagne<\/a> \u00e0 l\u2019horizon 2030-2031. Belantis, le parc d\u2019attractions situ\u00e9 pr\u00e8s de Leipzig (Allemagne), appartenant \u00e0 la Compagnie des Alpes, propri\u00e9taire du Parc Ast\u00e9rix, sera progressivement transform\u00e9 aux couleurs des irr\u00e9ductibles Gaulois. Une premi\u00e8re zone d\u00e9di\u00e9e \u00e0 <a href=\"https:\/\/www.leparisien.fr\/culture-loisirs\/tv\/sa-premiere-apparition-son-nom-sa-longevite-pour-ses-60-ans-et-son-retour-sur-gulli-idefix-nous-livre-ses-secrets-31-08-2025-5CWX7DRZFZF2XDBMIQJPIGWHDQ.php\" target=\"_self\" rel=\"noopener\">Id\u00e9fix, le fid\u00e8le compagnon d\u2019Ob\u00e9lix<\/a>, sera inaugur\u00e9e d\u00e8s le printemps 2026. Le futur site pourrait accueillir jusqu\u2019\u00e0 900 000 visiteurs par an.<\/p>\n<p class=\"title-embed-dailymotion lp-color-text lp-f-subtitle-04\">Vid\u00e9oLe parc Ast\u00e9rix d\u00e9barque en Allemagne<\/p>\n<p class=\"paragraph text_align_left lp-f-body-02\">Dans l\u2019Oise, le parc compte \u00e9galement proposer <a href=\"https:\/\/www.leparisien.fr\/culture-loisirs\/montagne-russe-immersive-nouvelle-zone-grecque-patinoire-ce-qui-vous-attend-au-parc-asterix-dici-a-2028-18-10-2025-3R6UZNEL4NBXDF5XRBC6FX4BTQ.php\" target=\"_self\" rel=\"noopener\">plusieurs nouveaut\u00e9s<\/a> dans les ann\u00e9es \u00e0 venir. D\u00e8s 2027, une nouvelle presqu\u2019\u00eele grecque verra le jour, suivie en 2028 d\u2019une zone britannique inspir\u00e9e d\u2019Ast\u00e9rix chez les Bretons. Un quatri\u00e8me h\u00f4tel est \u00e9galement attendu en 2027.<\/p>\n<p class=\"paragraph text_align_left lp-f-body-02\">Avec l\u2019hiver qui arrive, c\u2019est aussi le retour du No\u00ebl Gaulois, du 20 d\u00e9cembre 2025 au 4 janvier 2026. Cette \u00e9dition proposera deux nouveaut\u00e9s majeures : une patinoire viking couverte et un march\u00e9 de No\u00ebl au c\u0153ur de la zone nordique. Entre r\u00e9compenses et nouveaux projets, le Parc Ast\u00e9rix compte bien confirmer son statut de deuxi\u00e8me site le plus fr\u00e9quent\u00e9 de France et attirer toujours plus de visiteurs dans les ann\u00e9es \u00e0 venir.<\/p>\n","protected":false},"excerpt":{"rendered":"Une pluie de troph\u00e9es vient de tomber sur le Parc Ast\u00e9rix. Le site install\u00e9 \u00e0 Plailly (Oise) depuis&hellip;\n","protected":false},"author":2,"featured_media":579900,"comment_status":"","ping_status":"","sticky":false,"template":"","format":"standard","meta":{"footnotes":""},"categories":[1587],"tags":[11,672,1804,872,1805,1803,1777,674,1801,1944,12,1940,1802],"class_list":{"0":"post-579899","1":"post","2":"type-post","3":"status-publish","4":"format-standard","5":"has-post-thumbnail","7":"category-allemagne","8":"tag-actualites","9":"tag-allemagne","10":"tag-bundesrepublik-deutschland","11":"tag-culture-et-loisirs","12":"tag-de","13":"tag-deutschland","14":"tag-eu","15":"tag-europe","16":"tag-germany","17":"tag-ma-ville","18":"tag-news","19":"tag-oise","20":"tag-republique-federale-dallemagne"},"share_on_mastodon":{"url":"https:\/\/pubeurope.com\/@fr\/115667109540457191","error":""},"_links":{"self":[{"href":"https:\/\/www.europesays.com\/fr\/wp-json\/wp\/v2\/posts\/579899","targetHints":{"allow":["GET"]}}],"collection":[{"href":"https:\/\/www.europesays.com\/fr\/wp-json\/wp\/v2\/posts"}],"about":[{"href":"https:\/\/www.europesays.com\/fr\/wp-json\/wp\/v2\/types\/post"}],"author":[{"embeddable":true,"href":"https:\/\/www.europesays.com\/fr\/wp-json\/wp\/v2\/users\/2"}],"replies":[{"embeddable":true,"href":"https:\/\/www.europesays.com\/fr\/wp-json\/wp\/v2\/comments?post=579899"}],"version-history":[{"count":0,"href":"https:\/\/www.europesays.com\/fr\/wp-json\/wp\/v2\/posts\/579899\/revisions"}],"wp:featuredmedia":[{"embeddable":true,"href":"https:\/\/www.europesays.com\/fr\/wp-json\/wp\/v2\/media\/579900"}],"wp:attachment":[{"href":"https:\/\/www.europesays.com\/fr\/wp-json\/wp\/v2\/media?parent=579899"}],"wp:term":[{"taxonomy":"category","embeddable":true,"href":"https:\/\/www.europesays.com\/fr\/wp-json\/wp\/v2\/categories?post=579899"},{"taxonomy":"post_tag","embeddable":true,"href":"https:\/\/www.europesays.com\/fr\/wp-json\/wp\/v2\/tags?post=579899"}],"curies":[{"name":"wp","href":"https:\/\/api.w.org\/{rel}","templated":true}]}}