{"id":579915,"date":"2025-12-05T13:14:12","date_gmt":"2025-12-05T13:14:12","guid":{"rendered":"https:\/\/www.europesays.com\/fr\/579915\/"},"modified":"2025-12-05T13:14:12","modified_gmt":"2025-12-05T13:14:12","slug":"insolite-atp-moque-pour-sa-destination-de-vacances-taylor-fritz-repond-je-ne-peux-pas-partir-en-vacances-pendant-une-semaine","status":"publish","type":"post","link":"https:\/\/www.europesays.com\/fr\/579915\/","title":{"rendered":"Insolite, ATP > Moqu\u00e9 pour sa destination de vacances, Taylor Fritz r\u00e9pond : \u00ab\u00a0Je ne peux pas partir en vacances pendant une semaine ?\u00a0\u00bb"},"content":{"rendered":"<p>Alors que la plupart des joueurs et joueuses de tennis ont choisi de s\u2019en\u00advoler pour des lieux para\u00addi\u00adsiaques pendant l\u2019in\u00adter\u00adsaison, notam\u00adment aux Maldives, Taylor Fritz a de son c\u00f4t\u00e9 d\u00e9cid\u00e9 de partir pour la capi\u00adtale du Japon, Tokyo.<\/p>\n<p>Raill\u00e9 pour ce choix par ses compa\u00adtriotes et anciens joueurs Isner, Querrey, Johnson et Sock, anima\u00adteurs du c\u00e9l\u00e8bre podcast, Nothing Majors, le 6e joueur mondial a d\u00e9cid\u00e9 de leur r\u00e9pondre de mani\u00e8re assez\u00a0s\u00e8che.\u00a0<\/p>\n<p>Sam Querrey\u00a0: <strong>\u00ab\u202fTaylor Fritz est \u00e0 Tokyo, personne ne sait pour\u00adquoi. J\u2019aimerais bien le savoir. Que fait\u2010il l\u00e0\u2010bas\u202f?<\/strong><br \/>John Isner\u00a0: <strong>Ce n\u2019est pas pour une exhi\u00adbi\u00adtion, n\u2019est\u2010ce pas\u202f? Il n\u2019est pas pay\u00e9.<\/strong><br \/>Querrey\u00a0: <strong>On ne sait pas. Il est \u00e0 l\u2019h\u00f4tel Four Seasons.<\/strong><br \/>Steve Johnson\u00a0: <strong>Peut\u2010\u00eatre qu\u2019il devait y aller pour faire quelque chose.<\/strong><br \/>Jack Sock\u00a0: <strong>Mais il semble prendre le temps de se d\u00e9tendre ou quelque chose comme \u00e7a \u00e0 Tokyo.<\/strong><br \/>Johnson\u00a0: <strong>Qui sait\u202f? Nous allons tirer cela au clair. J\u2019esp\u00e8re avoir une r\u00e9ponse d\u2019ici le podcast de la semaine prochaine.\u202f\u00bb<\/strong><\/p>\n<p><img fetchpriority=\"high\" decoding=\"async\" width=\"1024\" height=\"683\" src=\"https:\/\/www.europesays.com\/fr\/wp-content\/uploads\/2025\/12\/Capture-decran-2025-12-05-a-12.53.05-1024x683.png\" alt=\"\" class=\"wp-image-574400\"  \/><\/p>\n<p><strong>\u00ab\u202fJe ne peux pas partir en vacances pendant une semaine\u202f?\u202f\u00bb<\/strong>, a r\u00e9pondu le joueur am\u00e9ri\u00adcain en commentaires.\u00a0<\/p>\n<p class=\"post-published-date\" style=\"color: silver; font-size: 75%; text-align: left;\">Publi\u00e9 le vendredi 5 d\u00e9cembre 2025 \u00e0 12:52<\/p>\n","protected":false},"excerpt":{"rendered":"Alors que la plupart des joueurs et joueuses de tennis ont choisi de s\u2019en\u00advoler pour des lieux para\u00addi\u00adsiaques&hellip;\n","protected":false},"author":2,"featured_media":579916,"comment_status":"","ping_status":"","sticky":false,"template":"","format":"standard","meta":{"footnotes":""},"categories":[1415],"tags":[1011,27,21365,60,1467],"class_list":{"0":"post-579915","1":"post","2":"type-post","3":"status-publish","4":"format-standard","5":"has-post-thumbnail","7":"category-tennis","8":"tag-fr","9":"tag-france","10":"tag-isner","11":"tag-sports","12":"tag-tennis"},"share_on_mastodon":{"url":"https:\/\/pubeurope.com\/@fr\/115667145717568209","error":""},"_links":{"self":[{"href":"https:\/\/www.europesays.com\/fr\/wp-json\/wp\/v2\/posts\/579915","targetHints":{"allow":["GET"]}}],"collection":[{"href":"https:\/\/www.europesays.com\/fr\/wp-json\/wp\/v2\/posts"}],"about":[{"href":"https:\/\/www.europesays.com\/fr\/wp-json\/wp\/v2\/types\/post"}],"author":[{"embeddable":true,"href":"https:\/\/www.europesays.com\/fr\/wp-json\/wp\/v2\/users\/2"}],"replies":[{"embeddable":true,"href":"https:\/\/www.europesays.com\/fr\/wp-json\/wp\/v2\/comments?post=579915"}],"version-history":[{"count":0,"href":"https:\/\/www.europesays.com\/fr\/wp-json\/wp\/v2\/posts\/579915\/revisions"}],"wp:featuredmedia":[{"embeddable":true,"href":"https:\/\/www.europesays.com\/fr\/wp-json\/wp\/v2\/media\/579916"}],"wp:attachment":[{"href":"https:\/\/www.europesays.com\/fr\/wp-json\/wp\/v2\/media?parent=579915"}],"wp:term":[{"taxonomy":"category","embeddable":true,"href":"https:\/\/www.europesays.com\/fr\/wp-json\/wp\/v2\/categories?post=579915"},{"taxonomy":"post_tag","embeddable":true,"href":"https:\/\/www.europesays.com\/fr\/wp-json\/wp\/v2\/tags?post=579915"}],"curies":[{"name":"wp","href":"https:\/\/api.w.org\/{rel}","templated":true}]}}