{"id":579917,"date":"2025-12-05T13:18:11","date_gmt":"2025-12-05T13:18:11","guid":{"rendered":"https:\/\/www.europesays.com\/fr\/579917\/"},"modified":"2025-12-05T13:18:11","modified_gmt":"2025-12-05T13:18:11","slug":"trois-arrivees-chez-fenix-premier-tech-actualite","status":"publish","type":"post","link":"https:\/\/www.europesays.com\/fr\/579917\/","title":{"rendered":"Trois arriv\u00e9es chez Fenix-Premier Tech &#8211; Actualit\u00e9"},"content":{"rendered":"<p style=\"text-align: justify;\">A l&rsquo;occasion de la conf\u00e9rence de presse qui pr\u00e9sentait <a href=\"https:\/\/www.directvelo.com\/actualite\/124075\/alpecin-et-fenix-ont-un-nouveau-co-sponsor\" target=\"_blank\" rel=\"noopener\"><strong>l&rsquo;arriv\u00e9e du nouveau partenaire de l&rsquo;\u00e9quipe<\/strong><\/a>, l&rsquo;\u00e9quipe Fenix-Premier Tech a annonc\u00e9 le renfort de trois recrues dans la formation du WorldTour f\u00e9minin. Lotte Claes, Mylene de Zoete et Fien Van Eynde porteront le maillot de l&rsquo;\u00e9quipe belge en 2026, selon l&rsquo;information de Wielerflits.nl.<\/p>\n<p style=\"text-align: justify;\"><a href=\"https:\/\/www.directvelo.com\/coureur\/42546\/lotte-claes\" target=\"_blank\" rel=\"noopener\">Lotte CLAES<\/a>, 32 ans (Ar\u00e9ka-B&amp;B H\u00f4tels), a gagn\u00e9 le Circuit Het Nieuwsblad et a termin\u00e9 2e de l&rsquo;Alpes Gr\u00e9sivaudan Classic et 3e du Championnat de Belgique contre-la-montre. Elle a d&rsquo;ailleurs \u00e9t\u00e9 s\u00e9lectionn\u00e9e en \u00e9quipe de Belgique pour le Championnat d&rsquo;Europe (14e du contre-la-montre et de la course en ligne).<\/p>\n<p><a href=\"https:\/\/www.directvelo.com\/coureur\/21581\/mylene-de-zoete\" target=\"_blank\" rel=\"noopener\">Myl\u00e8ne DE ZOETE<\/a>, 26 ans, sans \u00e9quipe apr\u00e8s l&rsquo;arr\u00eat de Ceratizit-WNT Pro Cycling, s&rsquo;est class\u00e9e 7e de la Classique du Maryland, 8e du Trofeo Marratxi-Felanitx et de la 2e \u00e9tape du Tour des Emirats Arabes Unis, 9e du Copenhagen Sprint ou de la Classic Brugge-De Panne.<\/p>\n<p><a href=\"https:\/\/www.directvelo.com\/coureur\/36080\/fien-van-eynde\" target=\"_blank\" rel=\"noopener\">Fien VAN EYNDE<\/a>, 27 ans, promue de la r\u00e9serve Continentale, a remport\u00e9 la m\u00e9daille d&rsquo;argent du Championnat de Belgique et s&rsquo;est class\u00e9e 4e d&rsquo;une \u00e9tape du Tour de Toscane ou encore 8e du Grand Prix de Stuttgart et d&rsquo;une \u00e9tape du Baloise Ladies Tour.<\/p>\n<p>Suivez tous les transferts de l&rsquo;hiver <a href=\"https:\/\/www.directvelo.com\/mutations\/2026#teams-women\" target=\"_blank\" rel=\"noopener\"><strong>en cliquant ici<\/strong><\/a>.<\/p>\n","protected":false},"excerpt":{"rendered":"A l&rsquo;occasion de la conf\u00e9rence de presse qui pr\u00e9sentait l&rsquo;arriv\u00e9e du nouveau partenaire de l&rsquo;\u00e9quipe, l&rsquo;\u00e9quipe Fenix-Premier Tech&hellip;\n","protected":false},"author":2,"featured_media":579918,"comment_status":"","ping_status":"","sticky":false,"template":"","format":"standard","meta":{"footnotes":""},"categories":[1411],"tags":[834,828,836,829,837,827,83,826,824,823,1154,207,814,817,815,816,822,821,832,211,839,1011,27,820,818,819,835,831,830,833,838,60,212,208,825],"class_list":{"0":"post-579917","1":"post","2":"type-post","3":"status-publish","4":"format-standard","5":"has-post-thumbnail","7":"category-cyclisme","8":"tag-attaque","9":"tag-belgique","10":"tag-braquet","11":"tag-bretagne","12":"tag-chute","13":"tag-competition","14":"tag-coupe-de-france","15":"tag-coureur","16":"tag-course-cyclisme","17":"tag-course-cycliste","18":"tag-cycling","19":"tag-cyclisme","20":"tag-direct","21":"tag-direct-velo","22":"tag-directvelo","23":"tag-directvelo-com","24":"tag-epreuve","25":"tag-epreuve-cycliste","26":"tag-federation-francaise-de-cyclisme","27":"tag-ffc","28":"tag-flandres","29":"tag-fr","30":"tag-france","31":"tag-live","32":"tag-live-course","33":"tag-live-epreuve","34":"tag-peloton","35":"tag-radio-peloton","36":"tag-radio-tour","37":"tag-ravitaillement","38":"tag-relance","39":"tag-sports","40":"tag-uci","41":"tag-velo","42":"tag-velos"},"share_on_mastodon":{"url":"https:\/\/pubeurope.com\/@fr\/115667160617276117","error":""},"_links":{"self":[{"href":"https:\/\/www.europesays.com\/fr\/wp-json\/wp\/v2\/posts\/579917","targetHints":{"allow":["GET"]}}],"collection":[{"href":"https:\/\/www.europesays.com\/fr\/wp-json\/wp\/v2\/posts"}],"about":[{"href":"https:\/\/www.europesays.com\/fr\/wp-json\/wp\/v2\/types\/post"}],"author":[{"embeddable":true,"href":"https:\/\/www.europesays.com\/fr\/wp-json\/wp\/v2\/users\/2"}],"replies":[{"embeddable":true,"href":"https:\/\/www.europesays.com\/fr\/wp-json\/wp\/v2\/comments?post=579917"}],"version-history":[{"count":0,"href":"https:\/\/www.europesays.com\/fr\/wp-json\/wp\/v2\/posts\/579917\/revisions"}],"wp:featuredmedia":[{"embeddable":true,"href":"https:\/\/www.europesays.com\/fr\/wp-json\/wp\/v2\/media\/579918"}],"wp:attachment":[{"href":"https:\/\/www.europesays.com\/fr\/wp-json\/wp\/v2\/media?parent=579917"}],"wp:term":[{"taxonomy":"category","embeddable":true,"href":"https:\/\/www.europesays.com\/fr\/wp-json\/wp\/v2\/categories?post=579917"},{"taxonomy":"post_tag","embeddable":true,"href":"https:\/\/www.europesays.com\/fr\/wp-json\/wp\/v2\/tags?post=579917"}],"curies":[{"name":"wp","href":"https:\/\/api.w.org\/{rel}","templated":true}]}}