{"id":579919,"date":"2025-12-05T13:19:13","date_gmt":"2025-12-05T13:19:13","guid":{"rendered":"https:\/\/www.europesays.com\/fr\/579919\/"},"modified":"2025-12-05T13:19:13","modified_gmt":"2025-12-05T13:19:13","slug":"il-vit-un-cauchemar-en-ligue-1-lasse-est-sur-le-coup","status":"publish","type":"post","link":"https:\/\/www.europesays.com\/fr\/579919\/","title":{"rendered":"Il vit un cauchemar en Ligue 1, l&rsquo;ASSE est sur le coup"},"content":{"rendered":"<p><b>En qu\u00eate de renforts cet l\u2019hiver, l\u2019AS Saint-Etienne veut<br \/>\nr\u00e9activer une piste de l\u2019an pass\u00e9. Actuellement \u00e0 l\u2019arr\u00eat du c\u00f4t\u00e9 du FC Metz,<br \/>\nSadibou San\u00e9 a des chances de quitter la Moselle d\u00e8s le mois de janvier. Tr\u00e8s<br \/>\ncourtis\u00e9 en <a href=\"https:\/\/www.foot01.com\/ligue2\" title=\"Ligue 2\" target=\"_blank\" rel=\"noopener\">Ligue 2<\/a>, le d\u00e9fenseur de 21 ans passe \u00e0 c\u00f4t\u00e9 de sa premi\u00e8re ann\u00e9e<br \/>\nen Ligue 1. <\/b>Cinq matchs, deux cartons rouges, et il n\u2019est plus apparu<br \/>\ndepuis le 19 octobre dernier. <a href=\"https:\/\/www.foot01.com\/st-etienne\" target=\"_self\" rel=\"noopener\">Sadibou San\u00e9<\/a> ne vit pas une premi\u00e8re idyllique en<br \/>\nLigue 1 cette saison avec le promu messin. Imp\u00e9rial la saison derni\u00e8re dans<br \/>\nl\u2019antichambre du football fran\u00e7ais, le d\u00e9fenseur central de 21 ans est<br \/>\nd\u00e9sormais au placard en Moselle. Beaucoup pressentent un d\u00e9part d\u00e8s l\u2019hiver<br \/>\npour se relancer. En contrat jusqu\u2019en 2027 avec le promu, Sadibou San\u00e9 a perdu<br \/>\nun peu la c\u00f4te depuis l\u2019hiver dernier.L\u2019AS Saint-Etienne serait-il pr\u00eat \u00e0 ouvrir \u00e0 nouveau le<br \/>\ndossier<\/p>\n<p>Pour rappel, \u00e0 l\u2019hiver 2024, le FC Metz re\u00e7oit une offre de<br \/>\nl\u2019AS Saint-Etienne pour son jeune d\u00e9fenseur central. Mais le pr\u00e9sident Bernard<br \/>\nSerin en avait demand\u00e9 dix millions d\u2019euros. Aucun accord ne sera trouv\u00e9 et<br \/>\nSan\u00e9 reste \u00e0 Metz pour aller chercher au bout des barrages, une mont\u00e9e en Ligue<br \/>\n1 face au Stade de Reims. D\u00e9sormais, le m\u00e9dia Peuple Vert rouvre la<br \/>\npossibilit\u00e9 d\u2019une venue de Sadibou San\u00e9.<\/p>\n<p>Le prix demand\u00e9 sera bien plus faible<br \/>\nau vu du d\u00e9but de saison difficile du d\u00e9fenseur central. Le joueur ne semble<br \/>\nplus dans les plans de St\u00e9phane Le Mignan. De son c\u00f4t\u00e9, la formation d\u2019Eirik<br \/>\nHorneland a tout de m\u00eame de la ressource \u00e0 ce poste. Le club du Forez sera<br \/>\nactif sur le mercato hivernal dans quelques semaines. De nombreux cas seront \u00e0<br \/>\ntrancher au sein des rangs de l\u2019ASSE. Des renforts sont-ils envisag\u00e9s ?<br \/>\nR\u00e9ponse dans les prochaines semaines pour la formation du technicien<br \/>\nnorv\u00e9gien.\u00a0<\/p>\n","protected":false},"excerpt":{"rendered":"En qu\u00eate de renforts cet l\u2019hiver, l\u2019AS Saint-Etienne veut r\u00e9activer une piste de l\u2019an pass\u00e9. Actuellement \u00e0 l\u2019arr\u00eat&hellip;\n","protected":false},"author":2,"featured_media":579920,"comment_status":"","ping_status":"","sticky":false,"template":"","format":"standard","meta":{"footnotes":""},"categories":[1410],"tags":[461,63,1011,27,446,60],"class_list":{"0":"post-579919","1":"post","2":"type-post","3":"status-publish","4":"format-standard","5":"has-post-thumbnail","7":"category-football","8":"tag-asse","9":"tag-football","10":"tag-fr","11":"tag-france","12":"tag-ligue-2","13":"tag-sports"},"share_on_mastodon":{"url":"https:\/\/pubeurope.com\/@fr\/115667164652736954","error":""},"_links":{"self":[{"href":"https:\/\/www.europesays.com\/fr\/wp-json\/wp\/v2\/posts\/579919","targetHints":{"allow":["GET"]}}],"collection":[{"href":"https:\/\/www.europesays.com\/fr\/wp-json\/wp\/v2\/posts"}],"about":[{"href":"https:\/\/www.europesays.com\/fr\/wp-json\/wp\/v2\/types\/post"}],"author":[{"embeddable":true,"href":"https:\/\/www.europesays.com\/fr\/wp-json\/wp\/v2\/users\/2"}],"replies":[{"embeddable":true,"href":"https:\/\/www.europesays.com\/fr\/wp-json\/wp\/v2\/comments?post=579919"}],"version-history":[{"count":0,"href":"https:\/\/www.europesays.com\/fr\/wp-json\/wp\/v2\/posts\/579919\/revisions"}],"wp:featuredmedia":[{"embeddable":true,"href":"https:\/\/www.europesays.com\/fr\/wp-json\/wp\/v2\/media\/579920"}],"wp:attachment":[{"href":"https:\/\/www.europesays.com\/fr\/wp-json\/wp\/v2\/media?parent=579919"}],"wp:term":[{"taxonomy":"category","embeddable":true,"href":"https:\/\/www.europesays.com\/fr\/wp-json\/wp\/v2\/categories?post=579919"},{"taxonomy":"post_tag","embeddable":true,"href":"https:\/\/www.europesays.com\/fr\/wp-json\/wp\/v2\/tags?post=579919"}],"curies":[{"name":"wp","href":"https:\/\/api.w.org\/{rel}","templated":true}]}}