{"id":579921,"date":"2025-12-05T13:20:36","date_gmt":"2025-12-05T13:20:36","guid":{"rendered":"https:\/\/www.europesays.com\/fr\/579921\/"},"modified":"2025-12-05T13:20:36","modified_gmt":"2025-12-05T13:20:36","slug":"ca-ne-veut-pas-dire-que-je-le-cautionne","status":"publish","type":"post","link":"https:\/\/www.europesays.com\/fr\/579921\/","title":{"rendered":"\u00c7a ne veut pas dire que je le cautionne"},"content":{"rendered":"<p>Par <a class=\"author_recette\" id=\"author_name\" href=\"https:\/\/www.nextplz.fr\/auteur\/mamy\" target=\"_blank\" rel=\"noopener\">Mamy Yves<br \/>\nRatsimbazafy<\/a> &#8211; Publi\u00e9 le 05 D\u00e9c 2025 \u00e0 12:14 &#8211; Modifi\u00e9 le<br \/>\n05 D\u00e9c 2025 \u00e0<br \/>\n12:14<\/p>\n<p class=\"article-intro excerpt\">Patricia Kaas revient sur sa<br \/>\nproximit\u00e9 pass\u00e9e avec Vladimir Poutine, qu\u2019elle avait un temps<br \/>\nqualifi\u00e9 de \u00ab pote \u00bb. Aujourd\u2019hui, la chanteuse clarifie son point<br \/>\nde vue et elle ne cautionne en rien ses actions.<\/p>\n<p><img width=\"750\" height=\"410\" src=\"data:image\/svg+xml,%3Csvg%20xmlns=\" http:=\"\" class=\"img-responsive alignnone size-full pinit-here zoom-it\" alt=\"Patricia Kaas (59 ans) tr\u00e8s \" pote=\"\" avec=\"\" vladimir=\"\" poutine=\"\" :=\"\" ne=\"\" veut=\"\" pas=\"\" dire=\"\" que=\"\" je=\"\" le=\"\" cautionne=\"\" fetchpriority=\"high\" data-lazyloading=\"false\" decoding=\"async\" data-lazy-src=\"https:\/\/www.europesays.com\/fr\/wp-content\/uploads\/2025\/12\/patricia-kaas-750x410.jpg\"\/><\/p>\n<p>\u00a9 Shutterstock<\/p>\n<p>Lors de ses tourn\u00e9es triomphales en Russie dans les ann\u00e9es 2000,<br \/>\nPatricia Kaas jouissait d\u2019une <a href=\"https:\/\/www.nextplz.fr\/people\/472365-patricia-kaas-the-voice-en-plein-burn-out-les-gens-ne-comprennent-pas-que\" target=\"_blank\" rel=\"noopener\"><br \/>\nimmense popularit\u00e9<\/a>. L\u2019interpr\u00e8te de Mon mec \u00e0 moi<br \/>\nremplissait en effet les salles du pays, accueillie comme une<br \/>\nv\u00e9ritable star par un public connaissant chacun de ses titres. \u00c0<br \/>\ncette \u00e9poque, elle multipliait les d\u00e9placements \u00e0 Moscou en se<br \/>\nproduisant notamment en 2008 au palais du Kremlin pour pr\u00e9senter<br \/>\nson spectacle Kabaret. Une visibilit\u00e9 exceptionnelle qui<br \/>\nl\u2019a amen\u00e9e \u00e0 croiser plusieurs fois Vladimir Poutine, alors per\u00e7u<br \/>\npar de nombreux dirigeants occidentaux comme un partenaire<br \/>\nfr\u00e9quentable.<\/p>\n<p>Patricia Kaas \u00ab Pote \u00bb avec Poutine ? Une phrase qu\u2019elle a tr\u00e8s<br \/>\nvite nuanc\u00e9e<\/p>\n<p>En 2008, alors invit\u00e9e d\u2019Europe 1, Patricia Kaas avait surpris<br \/>\nen qualifiant Vladimir Poutine de \u00ab pote \u00bb. Une d\u00e9claration faite<br \/>\nsur le ton de la l\u00e9g\u00e8ret\u00e9 qui \u00e9voquait un homme qu\u2019elle d\u00e9crivait<br \/>\ncomme \u00ab cool \u00bb, avec qui elle \u00e9changeait en allemand. Mais,<br \/>\nconsciente des interpr\u00e9tations possibles, la chanteuse avait<br \/>\nrapidement rectifi\u00e9 ses propos aupr\u00e8s de l\u2019AFP. Elle pr\u00e9cisait<br \/>\nalors qu\u2019il s\u2019agissait simplement d\u2019un terme familier pour d\u00e9crire<br \/>\nune relation protocolaire, rien de plus : \u00ab Quand il vient me<br \/>\nvoir chanter, la question n\u00a0\u00bbest pas de savoir comment il g\u00e8re son<br \/>\npays. Je l&rsquo;ai juste rencontr\u00e9, il a \u00e9t\u00e9 plut\u00f4t agr\u00e9able \u00bb.<\/p>\n<p>Une mise au point n\u00e9cessaire \u00e0 l\u2019heure de la guerre en Ukraine<\/p>\n<p>Dans une interview r\u00e9cente accord\u00e9e \u00e0 Ouest-France,<br \/>\nPatricia Kaas a tenu \u00e0 clarifier une nouvelle fois sa position. La<br \/>\ncoach de The Voice insiste en effet comme quoi serrer la<br \/>\nmain d\u2019un chef d\u2019\u00c9tat lors d\u2019un \u00e9v\u00e9nement officiel ne signifie pas<br \/>\nle soutenir : \u00ab \u00c7a ne veut pas dire que je le cautionne. Il<br \/>\nfait n\u2019importe quoi \u00bb. Une mani\u00e8re pour elle d\u2019\u00e9voquer sans<br \/>\nd\u00e9tour les d\u00e9rives du Kremlin. La chanteuse dit ainsi sa profonde<br \/>\ntristesse face \u00e0 la guerre en Ukraine : \u00ab Ce sont deux peuples que<br \/>\nj\u2019adore. Voir des voisins se d\u00e9chirer, des villes d\u00e9truites, c&rsquo;est<br \/>\nhorrible. \u00bb<\/p>\n<p>D\u2019autres artistes embarrass\u00e9s par leurs liens avec Moscou<\/p>\n<p>Patricia Kaas n\u2019est pas la seule \u00e0 devoir se justifier. G\u00e9rard<br \/>\nDepardieu, autrefois proche du Kremlin, a en effet d\u00e9nonc\u00e9 depuis<br \/>\n2022 les \u00ab folles d\u00e9rives \u00bb de Vladimir Poutine. Pierre Richard,<br \/>\ntr\u00e8s populaire en Russie, a \u00e9galement condamn\u00e9 une invasion \u00ab<br \/>\nqui confine au massacre \u00bb. Mireille Mathieu, li\u00e9e depuis<br \/>\nlongtemps au pr\u00e9sident russe, reste plus prudente, lan\u00e7ant<br \/>\ntoutefois <a href=\"https:\/\/fr.wikipedia.org\/wiki\/Patricia_Kaas\" target=\"_blank\" rel=\"noopener\">un appel \u00e0 la paix<\/a>. Autant d\u2019artistes rattrap\u00e9s<br \/>\npar un pass\u00e9 d\u00e9sormais politiquement explosif et contraints, comme<br \/>\nPatricia Kaas, \u00e0 faire la part des choses entre rencontres<br \/>\nprotocolaires et prises de position personnelles.<\/p>\n","protected":false},"excerpt":{"rendered":"Par Mamy Yves Ratsimbazafy &#8211; Publi\u00e9 le 05 D\u00e9c 2025 \u00e0 12:14 &#8211; Modifi\u00e9 le 05 D\u00e9c 2025&hellip;\n","protected":false},"author":2,"featured_media":579922,"comment_status":"","ping_status":"","sticky":false,"template":"","format":"standard","meta":{"footnotes":""},"categories":[1359],"tags":[58,59,1011,27,973],"class_list":{"0":"post-579921","1":"post","2":"type-post","3":"status-publish","4":"format-standard","5":"has-post-thumbnail","7":"category-people","8":"tag-divertissement","9":"tag-entertainment","10":"tag-fr","11":"tag-france","12":"tag-people"},"share_on_mastodon":{"url":"https:\/\/pubeurope.com\/@fr\/115667168323694754","error":""},"_links":{"self":[{"href":"https:\/\/www.europesays.com\/fr\/wp-json\/wp\/v2\/posts\/579921","targetHints":{"allow":["GET"]}}],"collection":[{"href":"https:\/\/www.europesays.com\/fr\/wp-json\/wp\/v2\/posts"}],"about":[{"href":"https:\/\/www.europesays.com\/fr\/wp-json\/wp\/v2\/types\/post"}],"author":[{"embeddable":true,"href":"https:\/\/www.europesays.com\/fr\/wp-json\/wp\/v2\/users\/2"}],"replies":[{"embeddable":true,"href":"https:\/\/www.europesays.com\/fr\/wp-json\/wp\/v2\/comments?post=579921"}],"version-history":[{"count":0,"href":"https:\/\/www.europesays.com\/fr\/wp-json\/wp\/v2\/posts\/579921\/revisions"}],"wp:featuredmedia":[{"embeddable":true,"href":"https:\/\/www.europesays.com\/fr\/wp-json\/wp\/v2\/media\/579922"}],"wp:attachment":[{"href":"https:\/\/www.europesays.com\/fr\/wp-json\/wp\/v2\/media?parent=579921"}],"wp:term":[{"taxonomy":"category","embeddable":true,"href":"https:\/\/www.europesays.com\/fr\/wp-json\/wp\/v2\/categories?post=579921"},{"taxonomy":"post_tag","embeddable":true,"href":"https:\/\/www.europesays.com\/fr\/wp-json\/wp\/v2\/tags?post=579921"}],"curies":[{"name":"wp","href":"https:\/\/api.w.org\/{rel}","templated":true}]}}