{"id":579925,"date":"2025-12-05T13:24:18","date_gmt":"2025-12-05T13:24:18","guid":{"rendered":"https:\/\/www.europesays.com\/fr\/579925\/"},"modified":"2025-12-05T13:24:18","modified_gmt":"2025-12-05T13:24:18","slug":"france-tv-aurait-envoye-un-mail-a-la-cour-des-comptes-pour-retarder-un-rapport-accablant","status":"publish","type":"post","link":"https:\/\/www.europesays.com\/fr\/579925\/","title":{"rendered":"France TV aurait envoy\u00e9 un mail \u00e0 la Cour des comptes pour retarder un rapport\u00a0accablant"},"content":{"rendered":"<p>La commission d\u2019enqu\u00eate sur la neutralit\u00e9 de l\u2019audiovisuel public fait couler beaucoup d\u2019encre. Men\u00e9e par le d\u00e9put\u00e9 UDR de l\u2019H\u00e9rault <a href=\"https:\/\/www.lejdd.fr\/politique\/commission-denquete-ludr-sattaque-aux-derives-ideologiques-de-laudiovisuel-public-161776\" target=\"_blank\" rel=\"noopener\">Charles Alloncle<\/a>, elle apporte chaque jour son lot de r\u00e9v\u00e9lations. Ce jeudi, le pr\u00e9sident de la 3e chambre de la Cour des comptes, Nacer Meddah, n\u2019a pas r\u00e9ussi \u00e0 donner de r\u00e9ponses pr\u00e9cises au rapporteur de la commission \u2013 malgr\u00e9 des relances r\u00e9p\u00e9t\u00e9es de la part de ce dernier.<\/p>\n<p>En cause\u00a0: le possible envoi d\u2019un mail aux membres de la Cour de la part de la direction de <a href=\"https:\/\/www.lejdd.fr\/Societe\/derives-de-laudiovisuel-public-lomerta-de-france-tv-et-radio-france-sur-la-commission-parlementaire-164689\" target=\"_blank\" rel=\"noopener\">France T\u00e9l\u00e9visions<\/a>, demandant de repousser la publication d\u2019un rapport accablant sur sa pr\u00e9sidente Delphine Ernotte \u2013 et ce, apr\u00e8s sa reconduction pour un troisi\u00e8me mandat en mai\u00a02025. \u00ab\u00a0Le secr\u00e9taire g\u00e9n\u00e9ral du groupe aurait envoy\u00e9, je parle au conditionnel, \u00e0 deux d\u2019entre vous un mail qui sollicite le report de la date de votre pr\u00e9rapport non plus en mars\u00a02025, mais apr\u00e8s la reconduction de la pr\u00e9sidente de France T\u00e9l\u00e9visions\u00a0\u00bb, a r\u00e9v\u00e9l\u00e9 Charles Allonce. \u00ab\u00a0Selon lui, un envoi avant cette \u00e9ch\u00e9ance risquait de modifier les termes du d\u00e9bat et aurait pu cr\u00e9er une forme d\u2019ins\u00e9curit\u00e9 pour heurter la sinc\u00e9rit\u00e9 de cette comp\u00e9tition. Pouvez-vous confirmer sous serment si vous avez \u00e9t\u00e9 sollicit\u00e9\u00a0par la direction\u00a0?\u00a0\u00bb a-t-il demand\u00e9.<\/p>\n<p>    La suite apr\u00e8s cette publicit\u00e9<\/p>\n<p>Des r\u00e9ponses \u00e9vasives<\/p>\n<p>Ce \u00e0 quoi Nacer Meddah a r\u00e9pondu\u00a0qu\u2019il avait \u00ab\u00a0d\u00e9j\u00e0 pr\u00eat\u00e9 serment comme magistrat pour conduire mes missions en totale ind\u00e9pendance\u00a0\u00bb, ajoutant que \u00ab\u00a0tout est coll\u00e9gial et contradictoire\u00a0\u00bb. Une r\u00e9ponse qui n\u2019a pas suffi au rapporteur de la commission, lequel a r\u00e9p\u00e9t\u00e9 sa question \u00e0 trois reprises. \u00ab\u00a0En tant que rapporteur et citoyen, je m\u2019\u00e9tonne de la publication d\u2019un rapport de la Cour des comptes quelques jours seulement avant la reconduction pour un troisi\u00e8me mandat\u00a0\u00bb, a-t-il ass\u00e9n\u00e9. \u00ab\u00a0Ce qui compte, c\u2019est le rapport d\u00e9finitif\u00a0\u00bb, a martel\u00e9 le haut fonctionnaire. \u00ab\u00a0Question simple, r\u00e9ponse simple, avez-vous re\u00e7u un mail, oui ou non\u00a0?\u00a0\u00bb a appuy\u00e9 le d\u00e9put\u00e9 <a href=\"https:\/\/www.lejdd.fr\/politique\/labellisation-des-medias-lr-et-udr-lancent-des-petitions-contre-la-derive-dangereuse-demmanuel-macron-164598\" target=\"_blank\" rel=\"noopener\">UDR<\/a>. L\u00e0 encore, nouvelle r\u00e9ponse \u00e9vasive de Nacer Meddah\u00a0: \u00ab\u00a0On n\u2019a rien d\u00e9cal\u00e9.\u00a0\u00bb<\/p>\n<p>    La suite apr\u00e8s cette publicit\u00e9<\/p>\n<p>Cr\u00e9\u00e9e le 28\u00a0octobre dernier, la commission d\u2019enqu\u00eate parlementaire sur la neutralit\u00e9, le fonctionnement et le financement sur l\u2019audiovisuel public a pour but de v\u00e9rifier l\u2019objectivit\u00e9 et la neutralit\u00e9 des \u00e9missions Radio France et France T\u00e9l\u00e9visions, mais aussi d\u2019analyser la d\u00e9rive des comptes de l\u2019organisme \u2013 d\u00e9nonc\u00e9e par un rapport de la Cour des comptes au mois de septembre. Entre\u00a02017 et 2024, le groupe a accumul\u00e9 un d\u00e9ficit de pr\u00e8s de 81\u00a0millions d\u2019euros net. La pr\u00e9sidente de France T\u00e9l\u00e9visions <a href=\"https:\/\/www.lejdd.fr\/Societe\/police-de-la-pensee-irresponsable-delphine-ernotte-sous-le-feu-des-critiques-apres-sa-charge-contre-cnews-162048\" target=\"_blank\" rel=\"noopener\">Delphine Ernotte<\/a> doit se pr\u00e9senter devant la commission le 10\u00a0d\u00e9cembre prochain.<\/p>\n","protected":false},"excerpt":{"rendered":"La commission d\u2019enqu\u00eate sur la neutralit\u00e9 de l\u2019audiovisuel public fait couler beaucoup d\u2019encre. Men\u00e9e par le d\u00e9put\u00e9 UDR&hellip;\n","protected":false},"author":2,"featured_media":579926,"comment_status":"","ping_status":"","sticky":false,"template":"","format":"standard","meta":{"footnotes":""},"categories":[1356],"tags":[58,59,1011,27,252,1364],"class_list":{"0":"post-579925","1":"post","2":"type-post","3":"status-publish","4":"format-standard","5":"has-post-thumbnail","7":"category-television","8":"tag-divertissement","9":"tag-entertainment","10":"tag-fr","11":"tag-france","12":"tag-television","13":"tag-tv"},"share_on_mastodon":{"url":"","error":""},"_links":{"self":[{"href":"https:\/\/www.europesays.com\/fr\/wp-json\/wp\/v2\/posts\/579925","targetHints":{"allow":["GET"]}}],"collection":[{"href":"https:\/\/www.europesays.com\/fr\/wp-json\/wp\/v2\/posts"}],"about":[{"href":"https:\/\/www.europesays.com\/fr\/wp-json\/wp\/v2\/types\/post"}],"author":[{"embeddable":true,"href":"https:\/\/www.europesays.com\/fr\/wp-json\/wp\/v2\/users\/2"}],"replies":[{"embeddable":true,"href":"https:\/\/www.europesays.com\/fr\/wp-json\/wp\/v2\/comments?post=579925"}],"version-history":[{"count":0,"href":"https:\/\/www.europesays.com\/fr\/wp-json\/wp\/v2\/posts\/579925\/revisions"}],"wp:featuredmedia":[{"embeddable":true,"href":"https:\/\/www.europesays.com\/fr\/wp-json\/wp\/v2\/media\/579926"}],"wp:attachment":[{"href":"https:\/\/www.europesays.com\/fr\/wp-json\/wp\/v2\/media?parent=579925"}],"wp:term":[{"taxonomy":"category","embeddable":true,"href":"https:\/\/www.europesays.com\/fr\/wp-json\/wp\/v2\/categories?post=579925"},{"taxonomy":"post_tag","embeddable":true,"href":"https:\/\/www.europesays.com\/fr\/wp-json\/wp\/v2\/tags?post=579925"}],"curies":[{"name":"wp","href":"https:\/\/api.w.org\/{rel}","templated":true}]}}