{"id":579937,"date":"2025-12-05T13:30:24","date_gmt":"2025-12-05T13:30:24","guid":{"rendered":"https:\/\/www.europesays.com\/fr\/579937\/"},"modified":"2025-12-05T13:30:24","modified_gmt":"2025-12-05T13:30:24","slug":"mieux-que-microsoft-cet-outil-gratuit-pour-windows-11-corrige-le-plus-gros-defaut-de-lexplorateur-de-fichiers-frandroid","status":"publish","type":"post","link":"https:\/\/www.europesays.com\/fr\/579937\/","title":{"rendered":"Mieux que Microsoft ? Cet outil gratuit pour Windows 11 corrige le plus gros d\u00e9faut de l&rsquo;Explorateur de fichiers \u2014 Frandroid"},"content":{"rendered":"<p>Vous pouvez sensiblement am\u00e9liorer la vitesse de lancement de l\u2019Explorateur de fichiers avec une simple manipulation. Ou quand un outil tiers fait encore mieux que Microsoft.<\/p>\n<p><a href=\"https:\/\/images.frandroid.com\/wp-content\/uploads\/2025\/03\/windows-11-explorateur-de-fichier-2023-4-1200x716-1.jpg\" target=\"_blank\" class=\"article-content__figure\" rel=\"noopener\"><img fetchpriority=\"high\" decoding=\"async\" loading=\"eager\" width=\"1200\" height=\"716\" src=\"https:\/\/www.europesays.com\/fr\/wp-content\/uploads\/2025\/12\/windows-11-explorateur-de-fichier-2023-4-1200x716-1.jpg\" alt=\"\" class=\"wp-image-2559781 wp-image wp-image\"  \/><\/a>Capture d\u2019\u00e9cran Frandroid<\/p>\n<p>Le 24 novembre dernier, Microsoft a d\u00e9ploy\u00e9 une mise \u00e0 jour facultative pour Windows 11 qui vise \u00e0 corriger <a href=\"https:\/\/www.frandroid.com\/marques\/microsoft\/2882465_fini-les-lenteurs-voici-comment-microsoft-veut-corriger-le-plus-gros-defaut-de-lexplorateur-de-fichiers\" target=\"_blank\" rel=\"noopener\">la lenteur du d\u00e9marrage de l\u2019Explorateur de fichiers<\/a>. Les premiers tests ont \u00e9t\u00e9 concluants, m\u00eame si <a href=\"https:\/\/www.frandroid.com\/marques\/microsoft\/2890711_microsoft-ny-arrive-toujours-pas-windows-10-reste-le-roi-de-la-fluidite-face-a-windows-11-avec-la-derniere-mise-a-jour\" target=\"_blank\" rel=\"noopener\">nous sommes encore loin de la rapidit\u00e9 de Windows 10 dans bien des cas<\/a>.<\/p>\n<p>Alors que <a href=\"https:\/\/www.frandroid.com\/os\/windows\/2879705_windows-11-est-casse-et-cest-microsoft-qui-le-dit\" target=\"_blank\" rel=\"noopener\">de nombreux composants essentiels de l\u2019OS sont touch\u00e9s par des soucis de stabilit\u00e9<\/a>, les utilisateurs doivent se rabattre sur des outils tiers pour corriger ou optimiser le comportement de Windows.<\/p>\n<p>Une manipulation simple pour acc\u00e9l\u00e9rer l\u2019Explorateur de fichiers<\/p>\n<p>L\u2019astuce nous vient de l\u2019utilisateur @TheBobPony sur X (via <a href=\"https:\/\/www.neowin.net\/news\/simple-tweak-makes-windows-11-file-explorer-faster-and-fixes-a-very-annoying-bug\/\" target=\"_blank\" rel=\"noopener\">Neowin<\/a>), qui suit de tr\u00e8s pr\u00e8s l\u2019actualit\u00e9 de Windows et de ses mises \u00e0 jour. Il a ainsi d\u00e9couvert qu\u2019en d\u00e9sactivant WinUI, l\u2019Explorateur de fichiers devenait plus rapide au lancement et bien plus l\u00e9ger.<\/p>\n<blockquote class=\"twitter-tweet\" data-width=\"550\" data-dnt=\"true\">\n<p lang=\"en\" dir=\"ltr\">When disabling the WinUI based elements of File Explorer in Windows 11, not only it fixes the flash bang introduced in the recent preview update and makes File Explorer open faster, it also reduces its memory usage by 69%! <a href=\"https:\/\/t.co\/FkXqDuj8Ta\">pic.twitter.com\/FkXqDuj8Ta<\/a><\/p>\n<p>\u2014 BobPony.com (@TheBobPony) <a href=\"https:\/\/twitter.com\/TheBobPony\/status\/1996548946718802159?ref_src=twsrc%5Etfw\" target=\"_blank\" rel=\"noopener\">December 4, 2025<\/a><\/p><\/blockquote>\n<p>                Ce contenu est bloqu\u00e9 car vous n\u2019avez pas accept\u00e9 les cookies et autres traceurs. Ce contenu est fourni par Twitter.<br \/>Pour pouvoir le visualiser, vous devez accepter l\u2019usage \u00e9tant op\u00e9r\u00e9 par Twitter avec vos donn\u00e9es qui pourront \u00eatre utilis\u00e9es pour les finalit\u00e9s suivantes : vous permettre de visualiser et de partager des contenus avec des m\u00e9dias sociaux, favoriser le d\u00e9veloppement et l\u2019am\u00e9lioration des produits d\u2019Humanoid et de ses partenaires, vous afficher des publicit\u00e9s personnalis\u00e9es par rapport \u00e0 votre profil et activit\u00e9, vous d\u00e9finir un profil publicitaire personnalis\u00e9, mesurer la performance des publicit\u00e9s et du contenu de ce site et mesurer l\u2019audience de ce site <a href=\"#\" class=\"js-privacy\" target=\"_blank\">(en savoir plus)<\/a>            <\/p>\n<p>                En cliquant sur \u00ab J\u2019accepte tout \u00bb, vous consentez aux finalit\u00e9s susmentionn\u00e9es pour l\u2019ensemble des cookies et autres traceurs d\u00e9pos\u00e9s par Humanoid et <a class=\"embed-consent-overlay-vendors-link\" href=\"#preferences-vendeurs\">ses partenaires<\/a>.            <\/p>\n<p>                Vous gardez la possibilit\u00e9 de retirer votre consentement \u00e0 tout moment. Pour plus d\u2019informations, nous vous invitons \u00e0 prendre connaissance de notre <a href=\"https:\/\/www.frandroid.com\/politique-cookies\" target=\"_blank\" rel=\"noopener\">Politique cookies<\/a>.            <\/p>\n<p>            J\u2019accepte tout        <\/p>\n<p class=\"embed-consent-overlay-manage-choices\">            <a href=\"#preferences-publicitaires\">G\u00e9rer mes choix<\/a>        <\/p>\n<p>Pour ce faire, vous pouvez utiliser un outil comme ExplorerPatcher, d\u00e9sactiver la barre de commande Windows 11 par d\u00e9faut et s\u00e9lectionner soit le ruban Windows 10 ou la barre de commande de Windows 7. <\/p>\n<p><a href=\"https:\/\/images.frandroid.com\/wp-content\/uploads\/2025\/12\/1764879906_file_explorer_flash_bang_fix_via_explorer_patcher.webp\" target=\"_blank\" class=\"article-content__figure\" rel=\"noopener\"><img loading=\"lazy\" decoding=\"async\" width=\"1200\" height=\"745\" src=\"https:\/\/www.europesays.com\/fr\/wp-content\/uploads\/2025\/12\/1764879906_file_explorer_flash_bang_fix_via_explorer_patcher-1200x745.webp.webp\" alt=\"\" class=\"wp-image-2900275 wp-image\"  \/><\/a><\/p>\n<p>Alors que le pr\u00e9chargement de l\u2019Explorateur de fichiers d\u00e9ploy\u00e9 par Microsoft pour en acc\u00e9l\u00e9rer le lancement doublait son empreinte m\u00e9moire, ici c\u2019est l\u2019inverse. Selon les mesures de TheBobPony, d\u00e9sactiver WinUI r\u00e9duit son usage de la RAM de 50%, tout en acc\u00e9l\u00e9rant son lancement. <\/p>\n<p>Mais pourquoi un moteur d\u2019interface aussi moderne pose autant de soucis de performance\u00a0?<\/p>\n<p>Un coupable tout trouv\u00e9 ?<\/p>\n<p>WinUI, c\u2019est la couche d\u2019interface utilisateur (UI) de Windows. Elle fournit aux d\u00e9veloppeurs tous les \u00e9l\u00e9ments visuels n\u00e9cessaires pour construire une application : les boutons, les menus, les barres de d\u00e9filement ou encore les zones de texte. C\u2019est l\u2019une des pierres fondatrices du Fluent Design, le langage visuel de Microsoft introduit avec Windows 11.<\/p>\n<p>Ce framework est maintenant d\u00e9coupl\u00e9 du syst\u00e8me d\u2019exploitation et notamment du moteur d\u2019interface historique Win32. <a href=\"https:\/\/www.frandroid.com\/os\/windows\/2772695_windows-11-devient-partiellement-open-source-voici-le-plan-et-les-raisons\" target=\"_blank\" rel=\"noopener\">Microsoft a m\u00eame annonc\u00e9 en ao\u00fbt dernier qu\u2019il deviendrait open source<\/a> pour inciter les d\u00e9veloppeurs \u00e0 l\u2019utiliser plut\u00f4t que la concurrence (React Native, Flutter et bien d\u2019autres).<\/p>\n<p>Mais en tant que framework moderne acc\u00e9l\u00e9r\u00e9 notamment par l\u2019API graphique DirectX, WinUI peut s\u2019av\u00e9rer dans certains cas plus lent. Une acc\u00e9l\u00e9ration par le GPU peut, pour des op\u00e9rations simples, \u00eatre d\u00e9trimentaire aux performances par rapport \u00e0 une acc\u00e9l\u00e9ration logicielle, par le processeur.<\/p>\n<p>Dans ce contexte, le travail des d\u00e9veloppeurs tiers sur WinUI pourrait \u00eatre b\u00e9n\u00e9fique \u00e0 l\u2019avenir du moteur dans Windows 11. C\u2019est tout du moins ce qu\u2019on esp\u00e8re.<\/p>\n<p class=\"shortcode-container see-more\">\n    Pour aller plus loin<br \/><a href=\"https:\/\/www.frandroid.com\/marques\/microsoft\/2857185_meme-microsoft-trouve-le-menu-clic-droit-de-windows-est-bordelique\" target=\"_blank\" rel=\"noopener\">M\u00eame Microsoft trouve que le menu clic droit de Windows est bord\u00e9lique<\/a>\n            <\/p>\n<p>            <script async src=\"https:\/\/platform.twitter.com\/widgets.js\" charset=\"utf-8\"><\/script><\/p>\n","protected":false},"excerpt":{"rendered":"Vous pouvez sensiblement am\u00e9liorer la vitesse de lancement de l\u2019Explorateur de fichiers avec une simple manipulation. Ou quand&hellip;\n","protected":false},"author":2,"featured_media":579938,"comment_status":"","ping_status":"","sticky":false,"template":"","format":"standard","meta":{"footnotes":""},"categories":[7],"tags":[1011,27,43,40,41,39,42,44,7474,11430,49546],"class_list":{"0":"post-579937","1":"post","2":"type-post","3":"status-publish","4":"format-standard","5":"has-post-thumbnail","7":"category-sciences-et-technologies","8":"tag-fr","9":"tag-france","10":"tag-science","11":"tag-science-and-technology","12":"tag-sciences","13":"tag-sciences-et-technologies","14":"tag-technologies","15":"tag-technology","16":"tag-windows-11","17":"tag-windows-11-24h2","18":"tag-windows-11-25h2"},"share_on_mastodon":{"url":"https:\/\/pubeurope.com\/@fr\/115667208945943720","error":""},"_links":{"self":[{"href":"https:\/\/www.europesays.com\/fr\/wp-json\/wp\/v2\/posts\/579937","targetHints":{"allow":["GET"]}}],"collection":[{"href":"https:\/\/www.europesays.com\/fr\/wp-json\/wp\/v2\/posts"}],"about":[{"href":"https:\/\/www.europesays.com\/fr\/wp-json\/wp\/v2\/types\/post"}],"author":[{"embeddable":true,"href":"https:\/\/www.europesays.com\/fr\/wp-json\/wp\/v2\/users\/2"}],"replies":[{"embeddable":true,"href":"https:\/\/www.europesays.com\/fr\/wp-json\/wp\/v2\/comments?post=579937"}],"version-history":[{"count":0,"href":"https:\/\/www.europesays.com\/fr\/wp-json\/wp\/v2\/posts\/579937\/revisions"}],"wp:featuredmedia":[{"embeddable":true,"href":"https:\/\/www.europesays.com\/fr\/wp-json\/wp\/v2\/media\/579938"}],"wp:attachment":[{"href":"https:\/\/www.europesays.com\/fr\/wp-json\/wp\/v2\/media?parent=579937"}],"wp:term":[{"taxonomy":"category","embeddable":true,"href":"https:\/\/www.europesays.com\/fr\/wp-json\/wp\/v2\/categories?post=579937"},{"taxonomy":"post_tag","embeddable":true,"href":"https:\/\/www.europesays.com\/fr\/wp-json\/wp\/v2\/tags?post=579937"}],"curies":[{"name":"wp","href":"https:\/\/api.w.org\/{rel}","templated":true}]}}