{"id":579939,"date":"2025-12-05T13:31:16","date_gmt":"2025-12-05T13:31:16","guid":{"rendered":"https:\/\/www.europesays.com\/fr\/579939\/"},"modified":"2025-12-05T13:31:16","modified_gmt":"2025-12-05T13:31:16","slug":"memoire-vive-ssd-micron-sort-du-marche-grand-public-et-met-fin-a-la-marque-crucial","status":"publish","type":"post","link":"https:\/\/www.europesays.com\/fr\/579939\/","title":{"rendered":"M\u00e9moire vive, SSD : Micron sort du march\u00e9 grand public et met fin \u00e0 la marque Crucial"},"content":{"rendered":"<p>Les tensions d\u00e9j\u00e0 \u00e0 l\u2019\u0153uvre sur le march\u00e9 grand public de la m\u00e9moire, vive ou flash, risquent de s&rsquo;accentuer. Le groupe \u00e9tats-unien Micron vient en effet d&rsquo;annoncer la fin de ses activit\u00e9s grand public, qui s&rsquo;incarnaient jusqu&rsquo;ici au travers de la marque Crucial. Il acte sa d\u00e9cision au travers d&rsquo;un <a href=\"https:\/\/investors.micron.com\/news-releases\/news-release-details\/micron-announces-exit-crucial-consumer-business\" target=\"_blank\" rel=\"noopener\">communiqu\u00e9<\/a> dat\u00e9 du 3 d\u00e9cembre, qui pr\u00e9cise que la vente des produits Crucial va s&rsquo;interrompre sur tous les canaux de distribution, \u00e0 l&rsquo;\u00e9chelle mondiale. <\/p>\n<p>Des lignes reconverties vers des march\u00e9s plus porteurs<\/p>\n<p>S&rsquo;il prend soin de remercier les \u00e9quipes et les clients de la marque Crucial, active pendant 29 ans, et souligne le caract\u00e8re \u00ab\u00a0difficile\u00a0\u00bb de cette d\u00e9cision, le groupe assume la dimension strat\u00e9gique de cette derni\u00e8re. Ce mouvement t\u00e9moignerait \u00ab\u00a0de l\u2019engagement de Micron envers la transformation continue de son portefeuille et l\u2019alignement qui en r\u00e9sulte de ses activit\u00e9s sur des vecteurs de croissance structurels et rentables dans le domaine de la m\u00e9moire et du stockage\u00a0\u00bb, enrobe le communiqu\u00e9. <\/p>\n<p>\u00ab\u00a0Aliment\u00e9e par l&rsquo;IA, la croissance des centres de donn\u00e9es a entra\u00een\u00e9 une forte augmentation de la demande en m\u00e9moire et en stockage. Micron a pris la difficile d\u00e9cision de se retirer du march\u00e9 grand public de Crucial afin d&rsquo;am\u00e9liorer l&rsquo;approvisionnement et le support pour ses clients strat\u00e9giques les plus importants dans les segments \u00e0 forte croissance\u00a0\u00bb, d\u00e9crit de fa\u00e7on plus explicite Sumit Sadana, vice pr\u00e9sident ex\u00e9cutif du groupe des activit\u00e9s. <\/p>\n<p>Micron indique que l&rsquo;approvisionnement en produits Crucial sera assur\u00e9 jusqu&rsquo;en f\u00e9vrier 2026, et promet que le support et le service apr\u00e8s-vente seront assur\u00e9s au-del\u00e0 de cette date. Les produits RAM et NAND vendus sous la marque Micron sur le march\u00e9 professionnel (serveurs notamment) resteront quant \u00e0 eux disponibles. Les lignes pr\u00e9c\u00e9demment d\u00e9volues \u00e0 la fabrication des puces DDR et NAND int\u00e9gr\u00e9es aux barrettes et SSD Crucial seront quant \u00e0 elles reconverties vers des segments de march\u00e9 plus lucratifs.<\/p>\n<p>Micron ne pr\u00e9cise pas si ses lignes de production de GDDR7, dont les puces \u00e9quipent une partie des cartes graphiques pour joueurs de la s\u00e9rie RTX 5000 chez NVIDIA, sont concern\u00e9es par ce mouvement. <\/p>\n<p><img decoding=\"async\" src=\"https:\/\/www.europesays.com\/fr\/wp-content\/uploads\/2025\/12\/trendforce.jpg\" alt=\"\" class=\"wp-image-212819\"\/>Etabli par Trendforce, ce tableau classe les principaux fournisseurs de DRAM du march\u00e9 en fonction de leur chiffre d&rsquo;affaires et de leurs parts de march\u00e9 sur le troisi\u00e8me trimestre 2025. Micron arrive en troisi\u00e8me position <\/p>\n<p>P\u00e9nurie \u00e0 venir, des effets d\u00e9j\u00e0 sensibles<\/p>\n<p>Cette annonce intervient alors que les analystes \u00e9voquent depuis plusieurs semaines une possible p\u00e9nurie \u00e0 venir sur le march\u00e9 de la m\u00e9moire. Alors que la demande globale ne cesse d&rsquo;augmenter, les principaux acteurs du secteur que sont Samsung, SK Hynix et Micron concentrent en effet leurs capacit\u00e9s de production, actuelles ou en cours de d\u00e9veloppement, vers les segments associ\u00e9s \u00e0 l&rsquo;IA g\u00e9n\u00e9rative\u00a0: la m\u00e9moire vive DDR pour serveurs et surtout la m\u00e9moire HBM (High Bandwidth Memory) utilis\u00e9e au sein des puces sp\u00e9cialis\u00e9es dans l&rsquo;IA, qu&rsquo;il s&rsquo;agisse des <a href=\"https:\/\/next.ink\/176122\/toujours-plus-chez-nvidia-voici-blackwell-ultra-puis-vera-rubin-ultra-feynman\/\" target=\"_blank\" rel=\"noopener\">composants sign\u00e9s NVIDIA<\/a>, des <a href=\"https:\/\/next.ink\/180152\/avec-ses-tpu-ironwood-google-passe-a-lere-de-linference-avec-de-gros-chiffres\/\" target=\"_blank\" rel=\"noopener\">derniers TPU de Google<\/a> ou des produits d\u00e9velopp\u00e9s <a href=\"https:\/\/next.ink\/212434\/amazon-lance-ses-puces-trainium3-pour-lia-25-petaflops-et-144-go-de-hbm3e\/\" target=\"_blank\" rel=\"noopener\">par Amazon<\/a>. <\/p>\n<p>Il faut dire que la demande, nourrie par les promesses d&rsquo;investissement de tous les grands noms de l&rsquo;IA, est ph\u00e9nom\u00e9nale. D\u00e9but 2024, le Cor\u00e9en SK Hynix indiquait par exemple <a href=\"https:\/\/next.ink\/brief_article\/hbm-la-production-de-2025-deja-presque-entierement-vendue\/\" target=\"_blank\" rel=\"noopener\">avoir d\u00e9j\u00e0 vendu<\/a> la quasi-totalit\u00e9 de sa production pr\u00e9visionnelle pour 2025. Le ph\u00e9nom\u00e8ne s&rsquo;est depuis consid\u00e9rablement acc\u00e9l\u00e9r\u00e9, et les tensions d\u00e9j\u00e0 sensibles devraient s&rsquo;accentuer, sur la DDR comme sur la NAND.<\/p>\n<p><a href=\"https:\/\/www.trendforce.com\/news\/2025\/12\/03\/news-sandisk-samsung-reportedly-delay-nand-delivery-hitting-transcend-with-50-100-weekly-price-spike\/\" target=\"_blank\" rel=\"noopener\">D&rsquo;apr\u00e8s<\/a> le cabinet sp\u00e9cialis\u00e9 Trendforce, les fournisseurs de m\u00e9moire flash n&rsquo;auraient plus que sept \u00e0 dix semaines de stock d&rsquo;avance, contre 10 \u00e0 15 semaines un trimestre plus t\u00f4t. C\u00f4t\u00e9 m\u00e9moire vive, les leaders cor\u00e9ens Samsung et SK Hynix ont tous deux \u00e9mis des alertes quant \u00e0 la disponibilit\u00e9 de leurs puces DRAM. Le premier <a href=\"https:\/\/www.trendforce.com\/news\/2025\/12\/02\/news-memory-price-rally-may-run-past-2028-as-samsung-sk-hynix-reportedly-cautious-on-expansion\/\" target=\"_blank\" rel=\"noopener\">serait<\/a> par exemple en mesure de ne traiter que 70 % des demandes entrantes, et ne verrait pas l&rsquo;horizon s&rsquo;\u00e9claircir avant 2028. <\/p>\n<p>Reste \u00e0 voir quels seront les effets concrets de cette p\u00e9nurie sur le march\u00e9 de l&rsquo;informatique grand public ou professionnelle, hors serveurs. Doc_TB, ancien de Canard PC Hardware qui accompagne LDLC sur des sujets d&rsquo;approvisionnement et de cr\u00e9ation de composants en marque blanche, <a href=\"https:\/\/x.com\/d0ctb\/status\/1996309013798015286?s=12&amp;t=xTQm2VS8JX3d1ppj-Ml80g\">remarque<\/a> que les difficult\u00e9s d\u00e9j\u00e0 \u00e0 l&rsquo;oeuvre font revenir un ph\u00e9nom\u00e8ne oubli\u00e9 de longue date\u00a0: celui des barrettes DDR no-name, faisant appel \u00e0 des puces m\u00e9moire d\u00e9class\u00e9es (n&rsquo;ayant pas rempli les exigences de contr\u00f4le qualit\u00e9 pour \u00eatre int\u00e9gr\u00e9es sur des produits de grande marque). <\/p>\n","protected":false},"excerpt":{"rendered":"Les tensions d\u00e9j\u00e0 \u00e0 l\u2019\u0153uvre sur le march\u00e9 grand public de la m\u00e9moire, vive ou flash, risquent de&hellip;\n","protected":false},"author":2,"featured_media":579940,"comment_status":"","ping_status":"","sticky":false,"template":"","format":"standard","meta":{"footnotes":""},"categories":[6],"tags":[35,33,34,1011,27],"class_list":{"0":"post-579939","1":"post","2":"type-post","3":"status-publish","4":"format-standard","5":"has-post-thumbnail","7":"category-economie","8":"tag-business","9":"tag-economie","10":"tag-economy","11":"tag-fr","12":"tag-france"},"share_on_mastodon":{"url":"https:\/\/pubeurope.com\/@fr\/115667211735924834","error":""},"_links":{"self":[{"href":"https:\/\/www.europesays.com\/fr\/wp-json\/wp\/v2\/posts\/579939","targetHints":{"allow":["GET"]}}],"collection":[{"href":"https:\/\/www.europesays.com\/fr\/wp-json\/wp\/v2\/posts"}],"about":[{"href":"https:\/\/www.europesays.com\/fr\/wp-json\/wp\/v2\/types\/post"}],"author":[{"embeddable":true,"href":"https:\/\/www.europesays.com\/fr\/wp-json\/wp\/v2\/users\/2"}],"replies":[{"embeddable":true,"href":"https:\/\/www.europesays.com\/fr\/wp-json\/wp\/v2\/comments?post=579939"}],"version-history":[{"count":0,"href":"https:\/\/www.europesays.com\/fr\/wp-json\/wp\/v2\/posts\/579939\/revisions"}],"wp:featuredmedia":[{"embeddable":true,"href":"https:\/\/www.europesays.com\/fr\/wp-json\/wp\/v2\/media\/579940"}],"wp:attachment":[{"href":"https:\/\/www.europesays.com\/fr\/wp-json\/wp\/v2\/media?parent=579939"}],"wp:term":[{"taxonomy":"category","embeddable":true,"href":"https:\/\/www.europesays.com\/fr\/wp-json\/wp\/v2\/categories?post=579939"},{"taxonomy":"post_tag","embeddable":true,"href":"https:\/\/www.europesays.com\/fr\/wp-json\/wp\/v2\/tags?post=579939"}],"curies":[{"name":"wp","href":"https:\/\/api.w.org\/{rel}","templated":true}]}}