{"id":579943,"date":"2025-12-05T13:33:11","date_gmt":"2025-12-05T13:33:11","guid":{"rendered":"https:\/\/www.europesays.com\/fr\/579943\/"},"modified":"2025-12-05T13:33:11","modified_gmt":"2025-12-05T13:33:11","slug":"meteo-un-redoux-exceptionnel-a-partir-de-ce-week-end","status":"publish","type":"post","link":"https:\/\/www.europesays.com\/fr\/579943\/","title":{"rendered":"M\u00e9t\u00e9o : un redoux exceptionnel \u00e0 partir de ce week-end"},"content":{"rendered":"<p>Le premier week-end de d\u00e9cembre sera marqu\u00e9 par un redoux exceptionnel sur toute la France, qui devrait se poursuivre au moins en d\u00e9but de semaine prochaine. Les normales de saisons seront par endroits tr\u00e8s largement d\u00e9pass\u00e9es, donnant l&rsquo;impression d&rsquo;\u00eatre d\u00e9j\u00e0 arriv\u00e9 au printemps. Toutefois, chaleur ne rimera pas forc\u00e9ment avec beau temps. Les pr\u00e9visions.<\/p>\n<p>\u00a0<\/p>\n<p><strong>La vague de douceur annonc\u00e9e ce week-end par tous les organismes m\u00e9t\u00e9o<\/strong>, due \u00e0 un flux oc\u00e9anique, va faire grimper le thermom\u00e8tre bien <a href=\"https:\/\/www.planet.fr\/meteo-hiver-2025-2026-neige-froid-polaire-les-previsions-meteo-pour-decembre-janvier-et-fevrier.2991147.1550.html\" target=\"_blank\" rel=\"noopener\">au-del\u00e0 des normales de saison<\/a>, mettant fin aux conditions plus fra\u00eeches du d\u00e9but de semaine. Elle devrait se poursuivre au moins jusqu&rsquo;en d\u00e9but de semaine prochaine, voire un peu plus.<\/p>\n<p>Des temp\u00e9ratures dignes d&rsquo;un printemps<\/p>\n<p><strong>Cette douceur sera particuli\u00e8rement marqu\u00e9e dans la moiti\u00e9 sud du pays.<\/strong> Les pr\u00e9visions annoncent des pointes qui pourraient atteindre <strong>19 \u00e0 20\u00b0C<\/strong> dans certaines r\u00e9gions, notamment sous l&rsquo;effet de foehn sur le pi\u00e9mont pyr\u00e9n\u00e9en, d&rsquo;apr\u00e8s <a href=\"https:\/\/actualite.lachainemeteo.com\/actualite-meteo\/2025-12-04\/jusqu-a-plus-de-20-c-douceur-exceptionnelle-en-france-des-ce-dimanche-83751\" target=\"_blank\" rel=\"noopener\">La Cha\u00eene M\u00e9t\u00e9o<\/a>. Avec une <strong>temp\u00e9rature jusqu&rsquo;\u00e0 20\u00b0C attendue dans le sud de la France<\/strong>, l&rsquo;\u00e9cart atteindra localement <a href=\"https:\/\/www.planet.fr\/impots-taxe-fonciere-wc-electricite-chauffage-ces-equipements-de-confort-pourraient-faire-exploser-votre-du.2990875.1556.html\" target=\"_blank\" rel=\"noopener\"><strong>jusqu&rsquo;\u00e0 8\u00b0C au-dessus des moyennes<\/strong><\/a> de saison.<\/p>\n<p>Une douceur accompagn\u00e9e de fortes pluies<\/p>\n<p><strong>Malheureusement, ce regain de douceur s&rsquo;accompagne d&rsquo;une forte instabilit\u00e9. La France restera sous l&rsquo;influence de perturbations successives tout au long du week-end<\/strong>. Celui-ci sera donc rythm\u00e9 par des passages pluvieux quasi-quotidiens, avec une d\u00e9gradation plus active attendue d\u00e8s dimanche, en particulier sur la moiti\u00e9 nord du territoire.<\/p>\n<p>Une vigilance particuli\u00e8re sur les massifs montagneux<\/p>\n<p>Les <strong>cons\u00e9quences du redoux en montagne en d\u00e9cembre<\/strong> sont en revanche pr\u00e9occupantes. La combinaison de fortes pluies et d&rsquo;une nette hausse des temp\u00e9ratures en altitude acc\u00e9l\u00e8re le processus de <strong>fonte des neiges sur les reliefs. Cette situation a pour effet d&rsquo;accentuer le risque de crues et d&rsquo;inondations dans les vall\u00e9es et d&rsquo;augmenter la probabilit\u00e9 d&rsquo;un risque d&rsquo;avalanche<\/strong>, notamment dans les zones o\u00f9 le manteau de poudreuse est fragilis\u00e9.<\/p>\n<p class=\"text-base font-semibold mr-0 mb-2 md:mr-4 md:mb-0 text-center md:text-left\">\n    Vous avez aim\u00e9 cet article ?\n  <\/p>\n<p>    Inscrivez-vous \u00e0 nos Newsletters<\/p>\n<p>Retrouvez dans notre diaporama ci-dessous les pr\u00e9visions r\u00e9gion par r\u00e9gion, <strong>toutes les sources \u00e9tant concordantes sur le temps qu&rsquo;il fera ce week-end pr\u00e8s de chez vous. Certains pourront s&rsquo;habiller l\u00e9g\u00e8rement mais \u00e9quip\u00e9s d&rsquo;un parapluie, d&rsquo;autres pourront presque ressortir le maillot de bain. Comme \u00e9voqu\u00e9, grande vigilance pour les montagnards !\u00a0<\/strong><\/p>\n","protected":false},"excerpt":{"rendered":"Le premier week-end de d\u00e9cembre sera marqu\u00e9 par un redoux exceptionnel sur toute la France, qui devrait se&hellip;\n","protected":false},"author":2,"featured_media":579944,"comment_status":"","ping_status":"","sticky":false,"template":"","format":"standard","meta":{"footnotes":""},"categories":[4],"tags":[11,13632,1011,27,2487,12,52651,25],"class_list":{"0":"post-579943","1":"post","2":"type-post","3":"status-publish","4":"format-standard","5":"has-post-thumbnail","7":"category-france","8":"tag-actualites","9":"tag-automne","10":"tag-fr","11":"tag-france","12":"tag-meteo","13":"tag-news","14":"tag-pic-de-chaleur","15":"tag-republique-francaise"},"share_on_mastodon":{"url":"https:\/\/pubeurope.com\/@fr\/115667219542462324","error":""},"_links":{"self":[{"href":"https:\/\/www.europesays.com\/fr\/wp-json\/wp\/v2\/posts\/579943","targetHints":{"allow":["GET"]}}],"collection":[{"href":"https:\/\/www.europesays.com\/fr\/wp-json\/wp\/v2\/posts"}],"about":[{"href":"https:\/\/www.europesays.com\/fr\/wp-json\/wp\/v2\/types\/post"}],"author":[{"embeddable":true,"href":"https:\/\/www.europesays.com\/fr\/wp-json\/wp\/v2\/users\/2"}],"replies":[{"embeddable":true,"href":"https:\/\/www.europesays.com\/fr\/wp-json\/wp\/v2\/comments?post=579943"}],"version-history":[{"count":0,"href":"https:\/\/www.europesays.com\/fr\/wp-json\/wp\/v2\/posts\/579943\/revisions"}],"wp:featuredmedia":[{"embeddable":true,"href":"https:\/\/www.europesays.com\/fr\/wp-json\/wp\/v2\/media\/579944"}],"wp:attachment":[{"href":"https:\/\/www.europesays.com\/fr\/wp-json\/wp\/v2\/media?parent=579943"}],"wp:term":[{"taxonomy":"category","embeddable":true,"href":"https:\/\/www.europesays.com\/fr\/wp-json\/wp\/v2\/categories?post=579943"},{"taxonomy":"post_tag","embeddable":true,"href":"https:\/\/www.europesays.com\/fr\/wp-json\/wp\/v2\/tags?post=579943"}],"curies":[{"name":"wp","href":"https:\/\/api.w.org\/{rel}","templated":true}]}}