{"id":579945,"date":"2025-12-05T13:34:12","date_gmt":"2025-12-05T13:34:12","guid":{"rendered":"https:\/\/www.europesays.com\/fr\/579945\/"},"modified":"2025-12-05T13:34:12","modified_gmt":"2025-12-05T13:34:12","slug":"des-drones-survolent-la-base-des-sous-marins-nucleaires-francais-la-marine-nationale-ouvre-le-feu","status":"publish","type":"post","link":"https:\/\/www.europesays.com\/fr\/579945\/","title":{"rendered":"Des drones survolent la base des sous-marins nucl\u00e9aires fran\u00e7ais, la Marine nationale ouvre le feu"},"content":{"rendered":"<p>\n                                                                    l&rsquo;essentiel<br \/>\n                                                                La base sous-marine de l\u2019\u00cele-Longue, pr\u00e8s de Brest (Finist\u00e8re), a \u00e9t\u00e9 survol\u00e9e par plusieurs drones jeudi soir. Elle abrite les sous-marins nucl\u00e9aires fran\u00e7ais. La Marine nationale a ripost\u00e9 en tirant sur les drones.\n                            <\/p>\n<p>C\u2019est un endroit strat\u00e9gique pour la d\u00e9fense de la France. Les sous-marins nucl\u00e9aires lanceurs d\u2019engins sont rassembl\u00e9s \u00e0 la base sous-marine de l\u2019\u00cele-Longue, pr\u00e8s de Brest dans le Finist\u00e8re. Jeudi soir vers 19h30, cinq drones sont apparus et ont survol\u00e9 la base, qui borde la rade de Brest.<\/p>\n<p>Un dispositif de lutte anti-drones a \u00e9t\u00e9 imm\u00e9diatement mis en place. Le bataillon des fusiliers marins, qui assure la protection de la base, a effectu\u00e9 plusieurs tirs anti-drones. La base assure la maintenance des quatre SNLE fran\u00e7ais, dont l\u2019un au moins est en permanence en mer pour assurer la dissuasion nucl\u00e9aire.<\/p>\n<p>Ni la pr\u00e9fecture maritime, ni le parquet, contact\u00e9s par la radio <a href=\"https:\/\/www.francebleu.fr\/infos\/rendez-vous\/cinq-drones-survolent-l-ile-longue-le-bataillon-de-fusiliers-marin-replique-par-plusieurs-tirs-9969539\" target=\"_blank\" rel=\"noopener\">Ici Breizh Izel<\/a> n\u2019ont donn\u00e9 suite dans l\u2019imm\u00e9diat.\u00a0Ce lieu cl\u00e9 de la dissuasion nucl\u00e9aire fran\u00e7aise est prot\u00e9g\u00e9 par 120 gendarmes maritimes en lien avec les fusiliers marins.<\/p>\n<p class=\"std-elt__inline\">\n        <strong>\u00c0 lire aussi :<\/strong><br \/>\n        <a href=\"https:\/\/www.ladepeche.fr\/2025\/12\/05\/direct-guerre-en-ukraine-moscou-affirme-avoir-abattu-41-drones-ukrainiens-dans-la-nuit-13092334.php\" target=\"_blank\" rel=\"noopener\">DIRECT. Guerre en Ukraine\u00a0: Moscou \u00ab\u00a0souhaite la reddition de l\u2019Ukraine, elle veut tout et pas la paix\u00a0\u00bb, fustige Emmanuel Macron<\/a>\n    <\/p>\n<p>Des drones au-dessus de la poudrerie de Bergerac<\/p>\n<p>Les signalements de survols de drones se sont multipli\u00e9s ces derniers mois dans plusieurs pays europ\u00e9ens qui soup\u00e7onnent la Russie d\u2019\u00eatre derri\u00e8re ces actions. En France, un survol de drone a \u00e9t\u00e9 signal\u00e9 le 18\u00a0novembre au-dessus de la presqu\u2019\u00eele de Crozon. La poudrerie de Bergerac (Dordogne) a connu une situation similaire en novembre. Des drones avaient aussi <a href=\"https:\/\/www.ladepeche.fr\/2025\/11\/12\/apres-la-poudrerie-darmement-de-bergerac-un-drone-a-survole-illegalement-un-convoi-de-chars-de-combat-leclerc-13047591.php\" target=\"_blank\" rel=\"noopener\">survol\u00e9\u00a0un convoi de chars Leclerc \u00e0 Mulhouse<\/a>.<\/p>\n","protected":false},"excerpt":{"rendered":"l&rsquo;essentiel La base sous-marine de l\u2019\u00cele-Longue, pr\u00e8s de Brest (Finist\u00e8re), a \u00e9t\u00e9 survol\u00e9e par plusieurs drones jeudi soir.&hellip;\n","protected":false},"author":2,"featured_media":579946,"comment_status":"","ping_status":"","sticky":false,"template":"","format":"standard","meta":{"footnotes":""},"categories":[2],"tags":[11,69001,1011,27,329,12],"class_list":{"0":"post-579945","1":"post","2":"type-post","3":"status-publish","4":"format-standard","5":"has-post-thumbnail","7":"category-actualites","8":"tag-actualites","9":"tag-du00e9fense-armu00e9e","10":"tag-fr","11":"tag-france","12":"tag-france-monde","13":"tag-news"},"share_on_mastodon":{"url":"https:\/\/pubeurope.com\/@fr\/115667223587064053","error":""},"_links":{"self":[{"href":"https:\/\/www.europesays.com\/fr\/wp-json\/wp\/v2\/posts\/579945","targetHints":{"allow":["GET"]}}],"collection":[{"href":"https:\/\/www.europesays.com\/fr\/wp-json\/wp\/v2\/posts"}],"about":[{"href":"https:\/\/www.europesays.com\/fr\/wp-json\/wp\/v2\/types\/post"}],"author":[{"embeddable":true,"href":"https:\/\/www.europesays.com\/fr\/wp-json\/wp\/v2\/users\/2"}],"replies":[{"embeddable":true,"href":"https:\/\/www.europesays.com\/fr\/wp-json\/wp\/v2\/comments?post=579945"}],"version-history":[{"count":0,"href":"https:\/\/www.europesays.com\/fr\/wp-json\/wp\/v2\/posts\/579945\/revisions"}],"wp:featuredmedia":[{"embeddable":true,"href":"https:\/\/www.europesays.com\/fr\/wp-json\/wp\/v2\/media\/579946"}],"wp:attachment":[{"href":"https:\/\/www.europesays.com\/fr\/wp-json\/wp\/v2\/media?parent=579945"}],"wp:term":[{"taxonomy":"category","embeddable":true,"href":"https:\/\/www.europesays.com\/fr\/wp-json\/wp\/v2\/categories?post=579945"},{"taxonomy":"post_tag","embeddable":true,"href":"https:\/\/www.europesays.com\/fr\/wp-json\/wp\/v2\/tags?post=579945"}],"curies":[{"name":"wp","href":"https:\/\/api.w.org\/{rel}","templated":true}]}}