{"id":579947,"date":"2025-12-05T13:35:13","date_gmt":"2025-12-05T13:35:13","guid":{"rendered":"https:\/\/www.europesays.com\/fr\/579947\/"},"modified":"2025-12-05T13:35:13","modified_gmt":"2025-12-05T13:35:13","slug":"45-000-interventions-et-des-innovations-technologiques","status":"publish","type":"post","link":"https:\/\/www.europesays.com\/fr\/579947\/","title":{"rendered":"45\u00a0000 interventions et des innovations technologiques"},"content":{"rendered":"<p>La patronne des sapeurs-pompiers a \u00e9t\u00e9 c\u00e9l\u00e9br\u00e9e jeudi 4\u00a0d\u00e9cembre lors de la c\u00e9r\u00e9monie de la Sainte-Barbe. La grande famille des pompiers s\u2019est rassembl\u00e9e \u00e0 l\u2019\u00e9tat-major du SDIS (service d\u00e9partemental d\u2019incendie et de secours) de la Loire en d\u00e9but de soir\u00e9e.<\/p>\n<p>Pr\u00e8s de 300 sapeurs-pompiers \u00e9taient r\u00e9unis pour des remises de d\u00e9corations par la pr\u00e9f\u00e8te de la Loire, Muriel Nguyen, un temps de recueillement pour les dix sapeurs-pompiers disparus en 2025 dans l\u2019exercice de leurs fonctions, mais aussi pour remercier tous les services de s\u00e9curit\u00e9 civile.<\/p>\n<p>Lors de son discours, le contr\u00f4leur g\u00e9n\u00e9ral \u00c9ric Meunier, directeur du SDIS 42, a pu tirer un premier bilan de <a href=\"https:\/\/www.leprogres.fr\/environnement\/2025\/10\/16\/inondations-les-pompiers-s-entrainent-pour-mieux-repondre-aux-aleas-climatiques\" target=\"_blank\" rel=\"noopener\">l\u2019activit\u00e9 des sapeurs-pompiers en 2025<\/a> \u00a0: 45\u00a0000 interventions ont \u00e9t\u00e9 r\u00e9alis\u00e9es, pour 63\u00a0000 sorties d\u2019engins.<\/p>\n<p>  Radio du futur et tablettes connect\u00e9es<\/p>\n<p>Les secours \u00e0 la personne repr\u00e9sentent 80\u00a0% de l\u2019activit\u00e9. Les pompiers de la Loire se sont aussi projet\u00e9s hors du d\u00e9partement\u00a0: de l\u2019Ard\u00e8che \u00e0 Mayotte, en passant pour le sud de la France lors des feux de for\u00eats estivaux.<\/p>\n<p>2025 a \u00e9t\u00e9 une \u00ab\u00a0ann\u00e9e d\u2019innovation\u00a0\u00bb pour les sapeurs-pompiers\u00a0: quatre centres de secours sont pionniers dans le test du r\u00e9seau radio du futur, qui permet des communications plus s\u00e9curis\u00e9es et de meilleure qualit\u00e9.<\/p>\n<p>De plus, le SDIS 42 s\u2019est dot\u00e9 de tablettes connect\u00e9es pour <a href=\"https:\/\/www.leprogres.fr\/sante\/2025\/10\/14\/en-situation-d-urgence-ce-dispositif-medical-fait-la-difference-depuis-2-ans\" target=\"_blank\" rel=\"noopener\">transmettre en direct les bilans m\u00e9dicaux des victimes<\/a> au CHU, mais aussi de <a href=\"https:\/\/www.leprogres.fr\/faits-divers-justice\/2025\/06\/18\/des-moyens-aeriens-renforces-pour-lutter-contre-les-feux-de-forets\" target=\"_blank\" rel=\"noopener\">deux drones suppl\u00e9mentaires<\/a> pour analyser les zones d\u2019intervention. Autant d\u2019outils qui permettent aux sapeurs-pompiers de se pr\u00e9parer pour l\u2019ann\u00e9e 2026, qui marquera les trente ans de la d\u00e9partementalisation des SDIS.<\/p>\n","protected":false},"excerpt":{"rendered":"La patronne des sapeurs-pompiers a \u00e9t\u00e9 c\u00e9l\u00e9br\u00e9e jeudi 4\u00a0d\u00e9cembre lors de la c\u00e9r\u00e9monie de la Sainte-Barbe. La grande&hellip;\n","protected":false},"author":2,"featured_media":579948,"comment_status":"","ping_status":"","sticky":false,"template":"","format":"standard","meta":{"footnotes":""},"categories":[9653],"tags":[1111,11,2430,7539,1777,674,274,1011,27,3367,12,25,4001,7538],"class_list":{"0":"post-579947","1":"post","2":"type-post","3":"status-publish","4":"format-standard","5":"has-post-thumbnail","7":"category-saint-etienne","8":"tag-actu","9":"tag-actualites","10":"tag-auvergne-rhone-alpes","11":"tag-edition-loire-sud","12":"tag-eu","13":"tag-europe","14":"tag-faits-divers-justice","15":"tag-fr","16":"tag-france","17":"tag-loire","18":"tag-news","19":"tag-republique-francaise","20":"tag-saint-etienne","21":"tag-saint-etienne-ville"},"share_on_mastodon":{"url":"https:\/\/pubeurope.com\/@fr\/115667227420084174","error":""},"_links":{"self":[{"href":"https:\/\/www.europesays.com\/fr\/wp-json\/wp\/v2\/posts\/579947","targetHints":{"allow":["GET"]}}],"collection":[{"href":"https:\/\/www.europesays.com\/fr\/wp-json\/wp\/v2\/posts"}],"about":[{"href":"https:\/\/www.europesays.com\/fr\/wp-json\/wp\/v2\/types\/post"}],"author":[{"embeddable":true,"href":"https:\/\/www.europesays.com\/fr\/wp-json\/wp\/v2\/users\/2"}],"replies":[{"embeddable":true,"href":"https:\/\/www.europesays.com\/fr\/wp-json\/wp\/v2\/comments?post=579947"}],"version-history":[{"count":0,"href":"https:\/\/www.europesays.com\/fr\/wp-json\/wp\/v2\/posts\/579947\/revisions"}],"wp:featuredmedia":[{"embeddable":true,"href":"https:\/\/www.europesays.com\/fr\/wp-json\/wp\/v2\/media\/579948"}],"wp:attachment":[{"href":"https:\/\/www.europesays.com\/fr\/wp-json\/wp\/v2\/media?parent=579947"}],"wp:term":[{"taxonomy":"category","embeddable":true,"href":"https:\/\/www.europesays.com\/fr\/wp-json\/wp\/v2\/categories?post=579947"},{"taxonomy":"post_tag","embeddable":true,"href":"https:\/\/www.europesays.com\/fr\/wp-json\/wp\/v2\/tags?post=579947"}],"curies":[{"name":"wp","href":"https:\/\/api.w.org\/{rel}","templated":true}]}}