{"id":579954,"date":"2025-12-05T13:40:13","date_gmt":"2025-12-05T13:40:13","guid":{"rendered":"https:\/\/www.europesays.com\/fr\/579954\/"},"modified":"2025-12-05T13:40:13","modified_gmt":"2025-12-05T13:40:13","slug":"toulon-la-mutuelle-familiale-met-lhumain-au-coeur","status":"publish","type":"post","link":"https:\/\/www.europesays.com\/fr\/579954\/","title":{"rendered":"TOULON : La Mutuelle Familiale met l\u2019humain au c\u0153ur"},"content":{"rendered":"<p style=\"text-align: left;\"><strong>\u00ab Nous ne voulons pas \u00eatre une simple mutuelle avec des tarifs, mais accompagner le salari\u00e9 et sa famille au mieux, l\u2019humain au c\u0153ur \u00bb, affirme David Giovannetti, responsable entreprise sur le secteur M\u00e9diterran\u00e9e de la Mutuelle Familiale.<\/strong><\/p>\n<p style=\"text-align: left;\">N\u00e9e en janvier 1937 sous l\u2019appellation \u00ab Mutuelle du M\u00e9tallurgiste \u00bb, avant de prendre en 1946 son nom actuel, la Mutuelle Familiale affiche plus de 88 ans de services et actions de solidarit\u00e9 avec ses adh\u00e9rents. \u00ab Nous sommes une vraie mutuelle \u00bb, plaide avec force de conviction David Giovannetti, responsable entreprise de la Mutuelle Familiale sur le secteur M\u00e9diterran\u00e9e, de Nice \u00e0 Perpignan.<\/p>\n<p style=\"text-align: left;\">\u00ab Nous \u00e9voluons sous statut loi 1901, nos b\u00e9n\u00e9fices sont remis au \u00ab pot \u00bb pour renforcer notre offre, pas d\u2019appartenance \u00e0 une banque, pas de dividendes \u00e0 reverser, personne en dessus ou en dessous, nous sommes parfaitement autonomes ! \u00bb. Une revendication d\u2019ind\u00e9pendance qu\u2019il transforme en argument de diff\u00e9renciation sur l\u2019approche, au niveau de ses cibles de pr\u00e9dilection.<\/p>\n<p style=\"text-align: left;\">A savoir les entreprises et associations pour lesquelles il s\u2019agit de couvrir les salari\u00e9s (une offre obligatoire pour les employeurs depuis la Loi ANI entr\u00e9e en vigueur le 1er janvier 2016) ; les particuliers, public traditionnel ; les communes qui sont en demande croissante, directement ou via leur CCAS.<\/p>\n<p style=\"text-align: left;\"><a href=\"https:\/\/www.var-entreprises.com\/la-mutuelle-familiale-met-lhumain-au-coeur\" target=\"_blank\" rel=\"noopener\">LIRE LA SUITE<\/a><\/p>\n<p style=\"text-align: left;\"><strong>SOURCE : Var entreprises \u2013 Newsletter de novembre 2025.<\/strong><\/p>\n","protected":false},"excerpt":{"rendered":"\u00ab Nous ne voulons pas \u00eatre une simple mutuelle avec des tarifs, mais accompagner le salari\u00e9 et sa&hellip;\n","protected":false},"author":2,"featured_media":579955,"comment_status":"","ping_status":"","sticky":false,"template":"","format":"standard","meta":{"footnotes":""},"categories":[9619],"tags":[1111,11,1777,674,1011,27,12,882,25,2310],"class_list":{"0":"post-579954","1":"post","2":"type-post","3":"status-publish","4":"format-standard","5":"has-post-thumbnail","7":"category-toulon","8":"tag-actu","9":"tag-actualites","10":"tag-eu","11":"tag-europe","12":"tag-fr","13":"tag-france","14":"tag-news","15":"tag-provence-alpes-cote-dazur","16":"tag-republique-francaise","17":"tag-toulon"},"share_on_mastodon":{"url":"https:\/\/pubeurope.com\/@fr\/115667247118484500","error":""},"_links":{"self":[{"href":"https:\/\/www.europesays.com\/fr\/wp-json\/wp\/v2\/posts\/579954","targetHints":{"allow":["GET"]}}],"collection":[{"href":"https:\/\/www.europesays.com\/fr\/wp-json\/wp\/v2\/posts"}],"about":[{"href":"https:\/\/www.europesays.com\/fr\/wp-json\/wp\/v2\/types\/post"}],"author":[{"embeddable":true,"href":"https:\/\/www.europesays.com\/fr\/wp-json\/wp\/v2\/users\/2"}],"replies":[{"embeddable":true,"href":"https:\/\/www.europesays.com\/fr\/wp-json\/wp\/v2\/comments?post=579954"}],"version-history":[{"count":0,"href":"https:\/\/www.europesays.com\/fr\/wp-json\/wp\/v2\/posts\/579954\/revisions"}],"wp:featuredmedia":[{"embeddable":true,"href":"https:\/\/www.europesays.com\/fr\/wp-json\/wp\/v2\/media\/579955"}],"wp:attachment":[{"href":"https:\/\/www.europesays.com\/fr\/wp-json\/wp\/v2\/media?parent=579954"}],"wp:term":[{"taxonomy":"category","embeddable":true,"href":"https:\/\/www.europesays.com\/fr\/wp-json\/wp\/v2\/categories?post=579954"},{"taxonomy":"post_tag","embeddable":true,"href":"https:\/\/www.europesays.com\/fr\/wp-json\/wp\/v2\/tags?post=579954"}],"curies":[{"name":"wp","href":"https:\/\/api.w.org\/{rel}","templated":true}]}}