{"id":579958,"date":"2025-12-05T13:42:19","date_gmt":"2025-12-05T13:42:19","guid":{"rendered":"https:\/\/www.europesays.com\/fr\/579958\/"},"modified":"2025-12-05T13:42:19","modified_gmt":"2025-12-05T13:42:19","slug":"creche-dans-la-cour-de-lhotel-de-ville-de-beziers-le-tribunal-administratif-de-montpellier-rejette-le-refere-dun-biterrois","status":"publish","type":"post","link":"https:\/\/www.europesays.com\/fr\/579958\/","title":{"rendered":"Cr\u00e8che dans la cour de l\u2019H\u00f4tel de ville de B\u00e9ziers\u00a0: le tribunal administratif de Montpellier rejette le r\u00e9f\u00e9r\u00e9 d\u2019un Biterrois"},"content":{"rendered":"<p>\n                                                                Le tribunal administratif de Montpellier vient de rejeter le r\u00e9f\u00e9r\u00e9 libert\u00e9 d\u00e9pos\u00e9 par Me Mazas, qui repr\u00e9sentait un Biterrois, David Garcia. La cr\u00e8che sur roulettes est donc maintenue dans l\u2019enceinte municipale et ne sera pas sortie comme c\u2019est d\u00e9j\u00e0 arriv\u00e9 \u00e0 plusieurs reprises.\n                            <\/p>\n<p>Le tribunal administratif de Montpellier a rejet\u00e9, ce jeudi 4\u00a0d\u00e9cembre, le recours d\u2019un Biterrois, David Garcia, contre<a href=\"https:\/\/www.midilibre.fr\/2025\/11\/29\/il-y-a-deux-france-robert-menard-inaugure-la-creche-de-noel-de-la-ville-de-beziers-alors-que-des-manifestants-crient-au-droit-a-la-laicite-13081426.php\" target=\"_self\" rel=\"noopener\"> la cr\u00e8che install\u00e9e par Robert M\u00e9nard dans la cour de l\u2019H\u00f4tel de ville<\/a>. Cette proc\u00e9dure en \u00ab\u00a0r\u00e9f\u00e9r\u00e9 libert\u00e9\u00a0\u00bb visait \u00e0 faire sortir la cr\u00e8che, en urgence, de l\u2019enceinte de la mairie. Or le juge a estim\u00e9 que la condition d\u2019urgence n\u2019\u00e9tait pas remplie et que l\u2019installation \u00ab\u00a0ne portait pas une atteinte grave et imm\u00e9diate aux libert\u00e9s fondamentales invoqu\u00e9es\u00a0\u00bb.<\/p>\n<p>Sur les r\u00e9seaux sociaux, la Ville de B\u00e9ziers se f\u00e9licitait\u00a0: \u00ab\u00a0Nous recevons depuis quelques jours des milliers de messages qui soutiennent notre cr\u00e8che\u00a0: ils ont \u00e9t\u00e9 entendus\u00a0!\u00a0\u00bb<\/p>\n<p>\u00ab\u00a0C\u2019est incroyable\u00a0\u00bb<\/p>\n<p>De son c\u00f4t\u00e9, l\u2019avocate de David Garcia, Sophie Mazas, qui repr\u00e9sente \u00e9galement la Ligue des Droits de l\u2019Homme de l\u2019H\u00e9rault, a qualifi\u00e9 cette d\u00e9cision \u00ab\u00a0d\u2019incroyable\u00a0\u00bb. \u00ab\u00a0Le tribunal administratif de Montpellier est le seul \u00e0 ne pas faire respecter ses d\u00e9cisions de justice. Il a une conception autonome des droits fondamentaux. La jurisprudence du Conseil d\u2019\u00c9tat\u00a0n\u2019est pas appliqu\u00e9e.\u00a0\u00bb\u00a0Sur le fond, au titre de la loi de 1905 sur la la\u00efcit\u00e9, la Ville de B\u00e9ziers a en effet perdu \u00e0 plusieurs reprises.<\/p>\n<p>L\u2019arr\u00eat\u00e9 municipal pris en mai\u00a02023 pour asseoir le principe de l\u2019installation de la cr\u00e8che dans la cour de l\u2019H\u00f4tel de ville tous les ans a \u00e9t\u00e9 annul\u00e9 par ce m\u00eame tribunal administratif de Montpellier. Dans cette proc\u00e9dure, la Ville de B\u00e9ziers a fait appel (lequel n\u2019est pas suspensif) et a donc d\u00fb reprendre un autre arr\u00eat\u00e9\u2026<\/p>\n<p>David Garcia avait attaqu\u00e9 la cr\u00e8che de Robert M\u00e9nard, d\u00e8s 2014. Il a \u00e9t\u00e9 candidat de la France insoumise en 2017.<\/p>\n","protected":false},"excerpt":{"rendered":"Le tribunal administratif de Montpellier vient de rejeter le r\u00e9f\u00e9r\u00e9 libert\u00e9 d\u00e9pos\u00e9 par Me Mazas, qui repr\u00e9sentait un&hellip;\n","protected":false},"author":2,"featured_media":579959,"comment_status":"","ping_status":"","sticky":false,"template":"","format":"standard","meta":{"footnotes":""},"categories":[9599],"tags":[1111,11,37552,1777,674,1011,27,7089,2208,12,2680,316,25],"class_list":{"0":"post-579958","1":"post","2":"type-post","3":"status-publish","4":"format-standard","5":"has-post-thumbnail","7":"category-montpellier","8":"tag-actu","9":"tag-actualites","10":"tag-beziers","11":"tag-eu","12":"tag-europe","13":"tag-fr","14":"tag-france","15":"tag-herault","16":"tag-montpellier","17":"tag-news","18":"tag-occitanie","19":"tag-politique","20":"tag-republique-francaise"},"share_on_mastodon":{"url":"https:\/\/pubeurope.com\/@fr\/115667254835925717","error":""},"_links":{"self":[{"href":"https:\/\/www.europesays.com\/fr\/wp-json\/wp\/v2\/posts\/579958","targetHints":{"allow":["GET"]}}],"collection":[{"href":"https:\/\/www.europesays.com\/fr\/wp-json\/wp\/v2\/posts"}],"about":[{"href":"https:\/\/www.europesays.com\/fr\/wp-json\/wp\/v2\/types\/post"}],"author":[{"embeddable":true,"href":"https:\/\/www.europesays.com\/fr\/wp-json\/wp\/v2\/users\/2"}],"replies":[{"embeddable":true,"href":"https:\/\/www.europesays.com\/fr\/wp-json\/wp\/v2\/comments?post=579958"}],"version-history":[{"count":0,"href":"https:\/\/www.europesays.com\/fr\/wp-json\/wp\/v2\/posts\/579958\/revisions"}],"wp:featuredmedia":[{"embeddable":true,"href":"https:\/\/www.europesays.com\/fr\/wp-json\/wp\/v2\/media\/579959"}],"wp:attachment":[{"href":"https:\/\/www.europesays.com\/fr\/wp-json\/wp\/v2\/media?parent=579958"}],"wp:term":[{"taxonomy":"category","embeddable":true,"href":"https:\/\/www.europesays.com\/fr\/wp-json\/wp\/v2\/categories?post=579958"},{"taxonomy":"post_tag","embeddable":true,"href":"https:\/\/www.europesays.com\/fr\/wp-json\/wp\/v2\/tags?post=579958"}],"curies":[{"name":"wp","href":"https:\/\/api.w.org\/{rel}","templated":true}]}}