{"id":579964,"date":"2025-12-05T13:46:30","date_gmt":"2025-12-05T13:46:30","guid":{"rendered":"https:\/\/www.europesays.com\/fr\/579964\/"},"modified":"2025-12-05T13:46:30","modified_gmt":"2025-12-05T13:46:30","slug":"pres-de-grenoble-une-dispute-entre-deux-amis-degenere-limmeuble-evacue-durgence","status":"publish","type":"post","link":"https:\/\/www.europesays.com\/fr\/579964\/","title":{"rendered":"Pr\u00e8s de Grenoble. Une dispute entre deux amis d\u00e9g\u00e9n\u00e8re : l&rsquo;immeuble \u00e9vacu\u00e9 d&rsquo;urgence"},"content":{"rendered":"<p>                    Par<br \/>\n        <strong><br \/>\n            <a href=\"https:\/\/actu.fr\/auteur\/lisa-rodrigues\" title=\"Consulter tous les articles de Lisa Rodrigues\" target=\"_blank\" rel=\"noopener\">Lisa Rodrigues<\/a><br \/>\n                    <\/strong><\/p>\n<p>        Publi\u00e9 le<\/p>\n<p>            5 d\u00e9c. 2025 \u00e0 10h01        <\/p>\n<p>Un ami qui ne vous veut pas que du bien. Jeudi 4 d\u00e9cembre au soir, peu avant 21 heures, une <strong>\u00e9vacuation d\u2019un immeuble<\/strong> d\u2019habitation de quatre \u00e9tages est ordonn\u00e9e \u00e0 <a href=\"https:\/\/actu.fr\/auvergne-rhone-alpes\/voiron_38563\" target=\"_blank\" rel=\"noopener\">Voiron<\/a>, rue Banche-de-Cour, quelques rues derri\u00e8re l\u2019\u00e9glise Saint-Bruno.<\/p>\n<p>    <a href=\"https:\/\/www.google.com\/maps\/embed?pb=!1m18!1m12!1m3!1d1178.558407756907!2d5.592099494031269!3d45.3669753125983!2m3!1f0!2f0!3f0!3m2!1i1024!2i768!4f13.1!3m3!1m2!1s0x478ae43f0890405d%3A0xdab44c97d026df50!2sRue%20Banche%20de%20Cour%2C%2038500%20Voiron!5e0!3m2!1sfr!2sfr!4v1764923125794!5m2!1sfr!2sfr\" title=\"Ouvrie le lien\" target=\"_blank\" rel=\"noopener\">Cliquez ici pour visualiser le contenu<\/a><\/p>\n<p class=\" wall-content\">Un <strong>incendie<\/strong> s\u2019est d\u00e9clar\u00e9 quelques instants plus t\u00f4t dans un appartement du premier \u00e9tage.<\/p>\n<p>Un \u00ab\u00a0diff\u00e9rend\u00a0\u00bb entre deux amis<\/p>\n<p class=\" wall-content\">La trentaine d\u2019occupants de l\u2019immeuble a \u00e9t\u00e9 \u00e9vacu\u00e9e, selon la Direction interd\u00e9partementale de la police nationale.<\/p>\n<p class=\" wall-content\">Apr\u00e8s de rapides v\u00e9rifications, l\u2019origine de l\u2019incendie semble \u00eatre un \u00ab\u00a0diff\u00e9rend\u00a0\u00bb entre le locataire de l\u2019appartement sinistr\u00e9, un homme de 30 ans qui n\u2019est pas pr\u00e9sent sur place, et un ami qu\u2019il h\u00e9berge.<\/p>\n<p>L\u2019incendie rapidement ma\u00eetris\u00e9<\/p>\n<p class=\" wall-content\">Toujours selon les forces de l\u2019ordre, c\u2019est \u00e0 cause de cette dispute que <strong>l\u2019ami en question aurait mis le feu \u00e0 l\u2019appartement<\/strong>, avant de quitter les lieux.<\/p>\n<p class=\" wall-content\">L\u2019incendie a rapidement \u00e9t\u00e9 ma\u00eetris\u00e9 par les pompiers et l\u2019ensemble des habitants ont pu regagner leurs appartements dans la soir\u00e9e, sans besoin de relogement.<\/p>\n<p class=\" wall-content\">Personnalisez votre actualit\u00e9 en ajoutant vos villes et m\u00e9dias en favori avec <a href=\"https:\/\/moncompte.actu.fr\" title=\"D\u00e9couvez Mon Actu\" rel=\"nofollow noopener\" data-trk=\"{&quot;cta&quot;:{&quot;action&quot;:&quot;https:\\\/\\\/moncompte.actu.fr&quot;,&quot;category&quot;:&quot;mon compte&quot;,&quot;from&quot;:&quot;article footer&quot;,&quot;name&quot;:&quot;Mon actu&quot;,&quot;type&quot;:&quot;cta&quot;}}\" target=\"_blank\">Mon Actu<\/a>.<\/p>\n","protected":false},"excerpt":{"rendered":"Par Lisa Rodrigues Publi\u00e9 le 5 d\u00e9c. 2025 \u00e0 10h01 Un ami qui ne vous veut pas que&hellip;\n","protected":false},"author":2,"featured_media":579965,"comment_status":"","ping_status":"","sticky":false,"template":"","format":"standard","meta":{"footnotes":""},"categories":[9566],"tags":[1111,11,2430,1777,674,118,1011,27,2731,1310,12,1311,25],"class_list":{"0":"post-579964","1":"post","2":"type-post","3":"status-publish","4":"format-standard","5":"has-post-thumbnail","7":"category-grenoble","8":"tag-actu","9":"tag-actualites","10":"tag-auvergne-rhone-alpes","11":"tag-eu","12":"tag-europe","13":"tag-faits-divers","14":"tag-fr","15":"tag-france","16":"tag-grenoble","17":"tag-incendie","18":"tag-news","19":"tag-pompiers","20":"tag-republique-francaise"},"share_on_mastodon":{"url":"https:\/\/pubeurope.com\/@fr\/115667271242756742","error":""},"_links":{"self":[{"href":"https:\/\/www.europesays.com\/fr\/wp-json\/wp\/v2\/posts\/579964","targetHints":{"allow":["GET"]}}],"collection":[{"href":"https:\/\/www.europesays.com\/fr\/wp-json\/wp\/v2\/posts"}],"about":[{"href":"https:\/\/www.europesays.com\/fr\/wp-json\/wp\/v2\/types\/post"}],"author":[{"embeddable":true,"href":"https:\/\/www.europesays.com\/fr\/wp-json\/wp\/v2\/users\/2"}],"replies":[{"embeddable":true,"href":"https:\/\/www.europesays.com\/fr\/wp-json\/wp\/v2\/comments?post=579964"}],"version-history":[{"count":0,"href":"https:\/\/www.europesays.com\/fr\/wp-json\/wp\/v2\/posts\/579964\/revisions"}],"wp:featuredmedia":[{"embeddable":true,"href":"https:\/\/www.europesays.com\/fr\/wp-json\/wp\/v2\/media\/579965"}],"wp:attachment":[{"href":"https:\/\/www.europesays.com\/fr\/wp-json\/wp\/v2\/media?parent=579964"}],"wp:term":[{"taxonomy":"category","embeddable":true,"href":"https:\/\/www.europesays.com\/fr\/wp-json\/wp\/v2\/categories?post=579964"},{"taxonomy":"post_tag","embeddable":true,"href":"https:\/\/www.europesays.com\/fr\/wp-json\/wp\/v2\/tags?post=579964"}],"curies":[{"name":"wp","href":"https:\/\/api.w.org\/{rel}","templated":true}]}}