{"id":579966,"date":"2025-12-05T13:47:13","date_gmt":"2025-12-05T13:47:13","guid":{"rendered":"https:\/\/www.europesays.com\/fr\/579966\/"},"modified":"2025-12-05T13:47:13","modified_gmt":"2025-12-05T13:47:13","slug":"ils-se-disent-quils-jouent-leur-avenir-a-rennes-comment-les-trans-musicales-sont-devenues-un-tremplin-pour-les-artistes","status":"publish","type":"post","link":"https:\/\/www.europesays.com\/fr\/579966\/","title":{"rendered":"\u00ab\u00a0Ils se disent qu\u2019ils jouent leur avenir\u00a0\u00bb\u00a0: \u00e0 Rennes, comment les Trans Musicales sont devenues un tremplin pour les artistes"},"content":{"rendered":"<p>Nirvana, Etienne Daho, Bj\u00f6rk, Daft Punk, Stromae, Zaho de Sagazan\u2026 Toutes ces stars ont un point commun : ils sont pass\u00e9s aux Trans Musicales de Rennes. Un festival qui leur a permis de faire d\u00e9coller leur carri\u00e8re. Depuis 1979, les Trans ont forg\u00e9 leur r\u00e9putation de d\u00e9couvreur de talents. Et de gros pourvoyeur d\u2019artistes pour les festivals du printemps et de l\u2019\u00e9t\u00e9. \u00ab On nous appelle souvent le premier festival de l\u2019ann\u00e9e prochaine \u00bb, observe Erwan Gouadec, le directeur des Trans.<\/p>\n<p>Plac\u00e9 en toute fin d\u2019ann\u00e9e, d\u00e9but d\u00e9cembre, le festival rennais est le dernier festival de l\u2019ann\u00e9e, un moment id\u00e9al pour des programmateurs en plein bouclage de la saison suivante. Pour preuve, cette ann\u00e9e, quelque \u00ab 2 000 accr\u00e9ditations ont \u00e9t\u00e9 octroy\u00e9es aux professionnels du secteur, en France, en Europe, et \u00e0 l\u2019international, pointe Erwan Gouadec. Un chiffre stable depuis plusieurs ann\u00e9es \u00bb. \u00ab Cette ann\u00e9e, on a pris un stand au Libert\u00e9 pour toute une journ\u00e9e pour \u00eatre en contact direct avec toute cette faune que drainent les Trans Musicales, appuie Pierre Blanc, directeur artistique du label Wiser Records. De jeunes artistes viennent aussi sans \u00eatre programm\u00e9s car ils se disent qu\u2019ils vont y rencontrer des gens du m\u00e9tier. C\u2019est l\u00e0 o\u00f9 on capte les artistes de demain \u00bb.<\/p>\n<p>Un festival \u00ab incontournable \u00bb pour les professionnels<\/p>\n<p>Mais si les Trans sont devenues \u00ab incontournables \u00bb pour les professionnels, elles le doivent d\u2019abord \u00e0 leur propre programmation. \u00ab C\u2019est un lieu o\u00f9 on peut voir une quantit\u00e9 astronomique de concerts en tr\u00e8s peu de temps (77 groupes et artistes programm\u00e9s cette ann\u00e9e) \u00bb, pointe Alice Boinet, programmatrice artistique du festival Art Rock, \u00e0 Saint-Brieuc. \u00ab Et puis ce sont des esth\u00e9tiques tr\u00e8s diff\u00e9rentes \u00bb, ajoute Victor Connan, programmateur des festivals Les Nuits secr\u00e8tes et La Bonne Aventure, dans le nord de la France et qui, chaque ann\u00e9e, ram\u00e8ne un ou deux groupes vus aux Trans dans ses festivals. \u00ab On peut passer d\u2019un groupe de cumbia \u00e0 une fanfare, puis de la musique japonaise entrecoup\u00e9s de DJ sets de techno. \u00c7a part dans tous les sens. Il n\u2019y a pas vraiment d\u2019\u00e9quivalent en France. \u00bb<\/p>\n<p>Une programmation vari\u00e9e, mais aussi \u00ab des choses qu\u2019ils ne verront pas ailleurs \u00bb, promet Erwan Gouadec. \u00ab Il y a beaucoup d\u2019artistes \u00e9trangers pour qui les Trans sont la premi\u00e8re sc\u00e8ne en France, confirme Pierre Blanc. Et parmi les artistes fran\u00e7ais, il y a beaucoup de sc\u00e8nes montantes, donc on est encore sur du d\u00e9frichage. Le fond de ma cible, ce sont d\u2019ailleurs les \u00e9mergents. En 2008, j\u2019ai pris une claque avec la Britannique Ebony Bones. Je ne la connaissais pas. Son concert m\u2019avait bluff\u00e9 et je l\u2019avais fait tourner au Japon et en Chine tout de suite apr\u00e8s \u00bb. Alice Boinet, elle, se souvient du groupe TVOD l\u2019an dernier. \u00ab J\u2019ai ador\u00e9 et j\u2019ai appel\u00e9 leur agent la semaine suivante pour les prendre sur Art Rock \u00bb.<\/p>\n<p>\u00ab \u00c7a leur met la pression \u00bb<\/p>\n<p>Les Trans, un acc\u00e9l\u00e9rateur de carri\u00e8re dont sont bien conscients les artistes. \u00ab C\u2019est une forme de reconnaissance et de l\u00e9gitimation, explique Asfar Shamsi, en r\u00e9sidence artistique avec Lynx IRL au th\u00e9\u00e2tre L\u2019Aire Libre pour le festival. On conna\u00eet des grands noms qui sont pass\u00e9s par l\u00e0, c\u2019est valorisant \u00bb. \u00ab \u00c7a leur met la pression, ils se disent qu\u2019ils jouent leur avenir car ils comprennent que s\u2019ils jouent l\u00e0, c\u2019est une reconnaissance de leur musique en Europe et \u00e7a peut avoir un impact sur leur carri\u00e8re \u00bb, admet Pierre Blanc. \u00ab Pour nous, un concert r\u00e9ussi aux Trans, c\u2019est le signe de la fiabilit\u00e9 d\u2019un groupe, ajoute le programmateur des Nuits Secr\u00e8tes. Pour les groupes qui d\u00e9butent, on se dit qu\u2019ils sont en capacit\u00e9 de tenir un concert d\u2019une heure devant un public nombreux et dans des conditions techniques similaires aux n\u00f4tres \u00bb.<\/p>\n<p>Pourtant, \u00e0 \u00e9couter Erwan Gouadec, les Trans repr\u00e9sentent moins qu\u2019avant ce moment de v\u00e9rit\u00e9 dans la carri\u00e8re d\u2019un artiste. \u00ab C\u2019\u00e9tait surtout vrai dans les ann\u00e9es 1990, \u00e0 l\u2019\u00e9poque pr\u00e9-internet. Quelques artistes qui avaient rat\u00e9 leur concert aux Trans nous ont dit qu\u2019ils avaient eu du mal \u00e0 rebondir apr\u00e8s. Mais aujourd\u2019hui, alors que l\u2019industrie du disque n\u2019est plus vigoureuse, on n\u2019en est plus \u00e0 se poser la question de la vie ou de la mort d\u2019un groupe. Ils se mettent la pression car il y a beaucoup de professionnels pr\u00e9sents, mais \u00e7a s\u2019arr\u00eate l\u00e0 \u00bb. Cette ann\u00e9e annonce-t-elle, cette fois encore, l\u2019\u00e9mergence d\u2019une ou plusieurs stars de demain ? Bien malin qui pourrait l\u2019affirmer avec certitude.<\/p>\n","protected":false},"excerpt":{"rendered":"Nirvana, Etienne Daho, Bj\u00f6rk, Daft Punk, Stromae, Zaho de Sagazan\u2026 Toutes ces stars ont un point commun :&hellip;\n","protected":false},"author":2,"featured_media":579967,"comment_status":"","ping_status":"","sticky":false,"template":"","format":"standard","meta":{"footnotes":""},"categories":[2821],"tags":[1111,11,829,3173,872,1777,674,1011,27,848,12,584,25],"class_list":{"0":"post-579966","1":"post","2":"type-post","3":"status-publish","4":"format-standard","5":"has-post-thumbnail","7":"category-rennes","8":"tag-actu","9":"tag-actualites","10":"tag-bretagne","11":"tag-culture-a-rennes","12":"tag-culture-et-loisirs","13":"tag-eu","14":"tag-europe","15":"tag-fr","16":"tag-france","17":"tag-ille-et-vilaine","18":"tag-news","19":"tag-rennes","20":"tag-republique-francaise"},"share_on_mastodon":{"url":"https:\/\/pubeurope.com\/@fr\/115667277028431563","error":""},"_links":{"self":[{"href":"https:\/\/www.europesays.com\/fr\/wp-json\/wp\/v2\/posts\/579966","targetHints":{"allow":["GET"]}}],"collection":[{"href":"https:\/\/www.europesays.com\/fr\/wp-json\/wp\/v2\/posts"}],"about":[{"href":"https:\/\/www.europesays.com\/fr\/wp-json\/wp\/v2\/types\/post"}],"author":[{"embeddable":true,"href":"https:\/\/www.europesays.com\/fr\/wp-json\/wp\/v2\/users\/2"}],"replies":[{"embeddable":true,"href":"https:\/\/www.europesays.com\/fr\/wp-json\/wp\/v2\/comments?post=579966"}],"version-history":[{"count":0,"href":"https:\/\/www.europesays.com\/fr\/wp-json\/wp\/v2\/posts\/579966\/revisions"}],"wp:featuredmedia":[{"embeddable":true,"href":"https:\/\/www.europesays.com\/fr\/wp-json\/wp\/v2\/media\/579967"}],"wp:attachment":[{"href":"https:\/\/www.europesays.com\/fr\/wp-json\/wp\/v2\/media?parent=579966"}],"wp:term":[{"taxonomy":"category","embeddable":true,"href":"https:\/\/www.europesays.com\/fr\/wp-json\/wp\/v2\/categories?post=579966"},{"taxonomy":"post_tag","embeddable":true,"href":"https:\/\/www.europesays.com\/fr\/wp-json\/wp\/v2\/tags?post=579966"}],"curies":[{"name":"wp","href":"https:\/\/api.w.org\/{rel}","templated":true}]}}