{"id":579970,"date":"2025-12-05T13:49:15","date_gmt":"2025-12-05T13:49:15","guid":{"rendered":"https:\/\/www.europesays.com\/fr\/579970\/"},"modified":"2025-12-05T13:49:15","modified_gmt":"2025-12-05T13:49:15","slug":"strasbourg-malaise-mortel-pres-du-marche-gare","status":"publish","type":"post","link":"https:\/\/www.europesays.com\/fr\/579970\/","title":{"rendered":"Strasbourg. Malaise mortel pr\u00e8s du March\u00e9-Gare"},"content":{"rendered":"<p>Les sapeurs-pompiers sont intervenus pour une personne victime d\u2019un malaise sur la voie publique, rue du March\u00e9-Gare, \u00e0 proximit\u00e9 du march\u00e9 d\u2019int\u00e9r\u00eat national (MIN) dans le quartier de Cronenbourg \u00e0 Strasbourg, vendredi 5\u00a0d\u00e9cembre peu apr\u00e8s 10\u00a0h\u00a030. \u00c0 l\u2019arriv\u00e9e des secours, la victime \u00e9tait en arr\u00eat cardiorespiratoire. Malgr\u00e9 leur intervention rapide et la mise en \u0153uvre des man\u0153uvres de r\u00e9animation, la victime a \u00e9t\u00e9 d\u00e9clar\u00e9e d\u00e9c\u00e9d\u00e9e par le m\u00e9decin.<\/p>\n","protected":false},"excerpt":{"rendered":"Les sapeurs-pompiers sont intervenus pour une personne victime d\u2019un malaise sur la voie publique, rue du March\u00e9-Gare, \u00e0&hellip;\n","protected":false},"author":2,"featured_media":579971,"comment_status":"","ping_status":"","sticky":false,"template":"","format":"standard","meta":{"footnotes":""},"categories":[2820],"tags":[119,1111,11,2389,2649,2880,1777,674,274,107,1011,27,775,12,25,640,2879],"class_list":{"0":"post-579970","1":"post","2":"type-post","3":"status-publish","4":"format-standard","5":"has-post-thumbnail","7":"category-strasbourg","8":"tag-accident","9":"tag-actu","10":"tag-actualites","11":"tag-alsace","12":"tag-bas-rhin","13":"tag-edition-strasbourg","14":"tag-eu","15":"tag-europe","16":"tag-faits-divers-justice","17":"tag-fil-info","18":"tag-fr","19":"tag-france","20":"tag-grand-est","21":"tag-news","22":"tag-republique-francaise","23":"tag-strasbourg","24":"tag-strasbourg-ville"},"share_on_mastodon":{"url":"","error":""},"_links":{"self":[{"href":"https:\/\/www.europesays.com\/fr\/wp-json\/wp\/v2\/posts\/579970","targetHints":{"allow":["GET"]}}],"collection":[{"href":"https:\/\/www.europesays.com\/fr\/wp-json\/wp\/v2\/posts"}],"about":[{"href":"https:\/\/www.europesays.com\/fr\/wp-json\/wp\/v2\/types\/post"}],"author":[{"embeddable":true,"href":"https:\/\/www.europesays.com\/fr\/wp-json\/wp\/v2\/users\/2"}],"replies":[{"embeddable":true,"href":"https:\/\/www.europesays.com\/fr\/wp-json\/wp\/v2\/comments?post=579970"}],"version-history":[{"count":0,"href":"https:\/\/www.europesays.com\/fr\/wp-json\/wp\/v2\/posts\/579970\/revisions"}],"wp:featuredmedia":[{"embeddable":true,"href":"https:\/\/www.europesays.com\/fr\/wp-json\/wp\/v2\/media\/579971"}],"wp:attachment":[{"href":"https:\/\/www.europesays.com\/fr\/wp-json\/wp\/v2\/media?parent=579970"}],"wp:term":[{"taxonomy":"category","embeddable":true,"href":"https:\/\/www.europesays.com\/fr\/wp-json\/wp\/v2\/categories?post=579970"},{"taxonomy":"post_tag","embeddable":true,"href":"https:\/\/www.europesays.com\/fr\/wp-json\/wp\/v2\/tags?post=579970"}],"curies":[{"name":"wp","href":"https:\/\/api.w.org\/{rel}","templated":true}]}}