{"id":579974,"date":"2025-12-05T13:51:19","date_gmt":"2025-12-05T13:51:19","guid":{"rendered":"https:\/\/www.europesays.com\/fr\/579974\/"},"modified":"2025-12-05T13:51:19","modified_gmt":"2025-12-05T13:51:19","slug":"pres-de-nice-une-explosion-entendue-les-pompiers-deployes-pour-lincendie-dun-immeuble","status":"publish","type":"post","link":"https:\/\/www.europesays.com\/fr\/579974\/","title":{"rendered":"Pr\u00e8s de Nice. Une explosion entendue, les pompiers d\u00e9ploy\u00e9s pour l&rsquo;incendie d&rsquo;un immeuble"},"content":{"rendered":"<p>                    Par<br \/>\n        <strong><br \/>\n            <a href=\"https:\/\/actu.fr\/auteur\/ugo-maillard\" title=\"Consulter tous les articles de Ugo Maillard\" target=\"_blank\" rel=\"noopener\">Ugo Maillard<\/a><br \/>\n                    <\/strong><\/p>\n<p>        Publi\u00e9 le<\/p>\n<p>            5 d\u00e9c. 2025 \u00e0 11h40<br \/>\n        ; mis \u00e0 jour le 5 d\u00e9c. 2025 \u00e0 12h07    <\/p>\n<p>Peu apr\u00e8s 11h, ce vendredi 5 d\u00e9cembre 2025, un <strong>incendie<\/strong> s\u2019est d\u00e9clar\u00e9 dans un immeuble d\u2019habitations sur la commune d\u2019Antibes (<a href=\"https:\/\/actu.fr\/provence-alpes-cote-d-azur\/alpes-maritimes_06\" target=\"_blank\" rel=\"noopener\">Alpes-Maritimes<\/a>), au niveau de Juan-les-Pins. Les faits se sont produits au niveau du boulevard Charles-Guillaumont.<\/p>\n<p>    <a href=\"https:\/\/www.google.com\/maps\/embed?pb=!1m18!1m12!1m3!1d7076.493662651537!2d7.091419490655306!3d43.57325677886877!2m3!1f0!2f0!3f0!3m2!1i1024!2i768!4f13.1!3m3!1m2!1s0x12ce7fff5abb8d23%3A0xccb83be7132225c2!2sBd%20Charles%20Guillaumont!5e0!3m2!1sfr!2sfr!4v1764932820218!5m2!1sfr!2sfr\" title=\"Ouvrie le lien\" target=\"_blank\" rel=\"noopener\">Cliquez ici pour visualiser le contenu<\/a><\/p>\n<p class=\" wall-content\">Selon les informations du Service d\u00e9partemental d\u2019incendie et de secours communiqu\u00e9es \u00e0 la r\u00e9daction d\u2019<a href=\"https:\/\/actu.fr\/nice\/\" target=\"_blank\" rel=\"noopener\">actu Nice<\/a>, le feu provient du 6e \u00e9tage d\u2019un immeuble de sept \u00e9tages. Les sapeurs-pompiers sont sur place et proc\u00e8dent actuellement \u00e0 l\u2019\u00e9vacuation des habitants.<\/p>\n<p>Une explosion entendue par les habitants<\/p>\n<p class=\" wall-content\">Un premier bilan des pompiers fait \u00e9tat de <strong>trois personnes prises en charge<\/strong> par le Smur. Leur \u00e9tat de sant\u00e9 n\u2019est pas encore connu.<\/p>\n<p class=\" wall-content\">Selon des t\u00e9moignages diffus\u00e9s sur les r\u00e9seaux sociaux, des habitants du secteur ont not\u00e9 une violente explosion.\u00a0<\/p>\n<p class=\" wall-content\">Au total, sept engins et\u00a027 sapeurs-pompiers sont mobilis\u00e9s. La police nationale, la police municipale, ENEDIS et GRDF sont \u00e9galement sur place.<\/p>\n<p class=\" wall-content\">\u00c0 noter que la route du bord de mer sur Juan-les-Pins est temporairement ferm\u00e9e pour faciliter l\u2019intervention.<\/p>\n<p class=\" wall-content\"><strong>Plus d\u2019informations \u00e0 suivre\u2026<\/strong><\/p>\n<p class=\" wall-content\">Personnalisez votre actualit\u00e9 en ajoutant vos villes et m\u00e9dias en favori avec <a href=\"https:\/\/moncompte.actu.fr\" title=\"D\u00e9couvez Mon Actu\" rel=\"nofollow noopener\" data-trk=\"{&quot;cta&quot;:{&quot;action&quot;:&quot;https:\\\/\\\/moncompte.actu.fr&quot;,&quot;category&quot;:&quot;mon compte&quot;,&quot;from&quot;:&quot;article footer&quot;,&quot;name&quot;:&quot;Mon actu&quot;,&quot;type&quot;:&quot;cta&quot;}}\" target=\"_blank\">Mon Actu<\/a>.<\/p>\n","protected":false},"excerpt":{"rendered":"Par Ugo Maillard Publi\u00e9 le 5 d\u00e9c. 2025 \u00e0 11h40 ; mis \u00e0 jour le 5 d\u00e9c. 2025&hellip;\n","protected":false},"author":2,"featured_media":579975,"comment_status":"","ping_status":"","sticky":false,"template":"","format":"standard","meta":{"footnotes":""},"categories":[2819],"tags":[1111,11,1777,674,118,1011,27,1310,12,2401,1311,882,25],"class_list":{"0":"post-579974","1":"post","2":"type-post","3":"status-publish","4":"format-standard","5":"has-post-thumbnail","7":"category-nice","8":"tag-actu","9":"tag-actualites","10":"tag-eu","11":"tag-europe","12":"tag-faits-divers","13":"tag-fr","14":"tag-france","15":"tag-incendie","16":"tag-news","17":"tag-nice","18":"tag-pompiers","19":"tag-provence-alpes-cote-dazur","20":"tag-republique-francaise"},"share_on_mastodon":{"url":"https:\/\/pubeurope.com\/@fr\/115667290390575020","error":""},"_links":{"self":[{"href":"https:\/\/www.europesays.com\/fr\/wp-json\/wp\/v2\/posts\/579974","targetHints":{"allow":["GET"]}}],"collection":[{"href":"https:\/\/www.europesays.com\/fr\/wp-json\/wp\/v2\/posts"}],"about":[{"href":"https:\/\/www.europesays.com\/fr\/wp-json\/wp\/v2\/types\/post"}],"author":[{"embeddable":true,"href":"https:\/\/www.europesays.com\/fr\/wp-json\/wp\/v2\/users\/2"}],"replies":[{"embeddable":true,"href":"https:\/\/www.europesays.com\/fr\/wp-json\/wp\/v2\/comments?post=579974"}],"version-history":[{"count":0,"href":"https:\/\/www.europesays.com\/fr\/wp-json\/wp\/v2\/posts\/579974\/revisions"}],"wp:featuredmedia":[{"embeddable":true,"href":"https:\/\/www.europesays.com\/fr\/wp-json\/wp\/v2\/media\/579975"}],"wp:attachment":[{"href":"https:\/\/www.europesays.com\/fr\/wp-json\/wp\/v2\/media?parent=579974"}],"wp:term":[{"taxonomy":"category","embeddable":true,"href":"https:\/\/www.europesays.com\/fr\/wp-json\/wp\/v2\/categories?post=579974"},{"taxonomy":"post_tag","embeddable":true,"href":"https:\/\/www.europesays.com\/fr\/wp-json\/wp\/v2\/tags?post=579974"}],"curies":[{"name":"wp","href":"https:\/\/api.w.org\/{rel}","templated":true}]}}