{"id":579978,"date":"2025-12-05T13:53:17","date_gmt":"2025-12-05T13:53:17","guid":{"rendered":"https:\/\/www.europesays.com\/fr\/579978\/"},"modified":"2025-12-05T13:53:17","modified_gmt":"2025-12-05T13:53:17","slug":"cetait-une-victoire-ce-syndicaliste-nantais-raconte-la-greve-de-1995-trois-semaines","status":"publish","type":"post","link":"https:\/\/www.europesays.com\/fr\/579978\/","title":{"rendered":"\u00ab\u00a0C\u2019\u00e9tait une victoire\u00a0\u00bb\u00a0: ce syndicaliste nantais raconte la gr\u00e8ve de 1995, trois semaines"},"content":{"rendered":"<tr wp_automatic_readability=\"6.8911917098446\">\n<td valign=\"middle\" align=\"center\" class=\"col-logo\" wp_automatic_readability=\"5\">\n    <img decoding=\"async\" src=\"https:\/\/maville.com\/design\/images\/logo-of-monetise.svg?version=20130627\" alt=\"logo Ouest-France\" height=\"66\"\/><\/p>\n<p>Contenu r\u00e9serv\u00e9 aux abonn\u00e9s<\/p>\n<\/td>\n<td class=\"col-titre\">\n\t\t\tVendredi 05 d\u00e9cembre 2025 11:00<br \/>\n\t\t\t<a class=\"icon-bulle sizeL count\" href=\"#ancreAvis\"><br \/>\n\t&#8230;<br \/>\n<\/a><\/td>\n<\/tr>\n<p>\t\t<a class=\"mavillebox2 elmt-photo\" href=\"https:\/\/maville.com\/photosmvi\/2025\/12\/05\/P35621709D7095200G.jpg\" title=\" \u00c9ric Thouzeau, en 1995, \u00e9tait \u00e0 la CFDT. En 2003, il a migr\u00e9 avec les autres responsables CFDT cheminot \u00e0 la CGT, o\u00f9 il milite toujours. Il \u00e9tait ainsi pr\u00e9sent, mardi 2\u00a0d\u00e9cembre, \u00e0 la manifestation pour un budget d\u00e9cent.  \u00a9  Ouest-France  \" rel=\"galerie_actu noopener\" target=\"_blank\"><br \/>\n\t<img decoding=\"async\" src=\"https:\/\/www.europesays.com\/fr\/wp-content\/uploads\/2025\/12\/P35621709D7095200G_crop_640-330_.jpg\" alt=\"photo  \u00e9ric thouzeau, en 1995, \u00e9tait \u00e0 la cfdt. en 2003, il a migr\u00e9 avec les autres responsables cfdt cheminot \u00e0 la cgt, o\u00f9 il milite toujours. il \u00e9tait ainsi pr\u00e9sent, mardi 2\u00a0d\u00e9cembre, \u00e0 la manifestation pour un budget d\u00e9cent.  \u00a9  ouest-france \"\/><br \/>\n\t2<br \/>\n<\/a><\/p>\n<p class=\"elmt-legende\"> \u00c9ric Thouzeau, en 1995, \u00e9tait \u00e0 la CFDT. En 2003, il a migr\u00e9 avec les autres responsables CFDT cheminot \u00e0 la CGT, o\u00f9 il milite toujours. Il \u00e9tait ainsi pr\u00e9sent, mardi 2\u00a0d\u00e9cembre, \u00e0 la manifestation pour un budget d\u00e9cent.  \u00a9  Ouest-France  <\/p>\n<p><a class=\"mavillebox2\" href=\"https:\/\/maville.com\/photosmvi\/2025\/12\/05\/P35621710D7095200G.jpg\" title=\"La couverture du livret r\u00e9dig\u00e9 par Eric Thouzeau sur la gr\u00e8ve historique - 3\u00a0semaines sans trafic ferroviaire dans l\u2019Ouest - qui a eu lieu, il y a 30\u00a0ans. \u00a9  DR. \" rel=\"galerie_actu noopener\" target=\"_blank\"><\/p>\n<p>\t\t\u00c9ric Thouzeau, alors responsable nantais CFDT des cheminots, aujourd\u2019hui militant \u00e0 la CGT, d\u00e9taille dans un livret la grande gr\u00e8ve de novembre et d\u00e9cembre\u00a01995. Le mouvement avait priv\u00e9 la population de train pendant trois semaines.<\/p>\n<p><b>Cet article est r\u00e9serv\u00e9 aux abonn\u00e9s<\/b><\/p>\n<p>Pour un acc\u00e8s imm\u00e9diat, abonnez-vous<\/p>\n<p><b>1\u00e8re semaine offerte<\/b><\/p>\n<p>\t\t Philippe Gambert \u00a0\u00a0<br \/>\n\t\tOuest-France<\/p>\n<p>Retrouvez d&rsquo;autres actus sur la commune de :<\/p>\n<p>\t\t&#13;<\/p>\n","protected":false},"excerpt":{"rendered":"Contenu r\u00e9serv\u00e9 aux abonn\u00e9s Vendredi 05 d\u00e9cembre 2025 11:00 &#8230; 2 \u00c9ric Thouzeau, en 1995, \u00e9tait \u00e0 la&hellip;\n","protected":false},"author":2,"featured_media":579979,"comment_status":"","ping_status":"","sticky":false,"template":"","format":"standard","meta":{"footnotes":""},"categories":[2818],"tags":[51077,1111,11,1777,674,1011,27,6151,4715,766,12,2636,9068,5812,25,6689,20432,69384,926,1264,9693],"class_list":{"0":"post-579978","1":"post","2":"type-post","3":"status-publish","4":"format-standard","5":"has-post-thumbnail","7":"category-nantes","8":"tag-51077","9":"tag-actu","10":"tag-actualites","11":"tag-eu","12":"tag-europe","13":"tag-fr","14":"tag-france","15":"tag-greve","16":"tag-nantais","17":"tag-nantes","18":"tag-news","19":"tag-pays-de-la-loire","20":"tag-raconte","21":"tag-rails","22":"tag-republique-francaise","23":"tag-roche","24":"tag-semaines","25":"tag-syndicaliste","26":"tag-train","27":"tag-victoire","28":"tag-yon"},"share_on_mastodon":{"url":"https:\/\/pubeurope.com\/@fr\/115667299071154805","error":""},"_links":{"self":[{"href":"https:\/\/www.europesays.com\/fr\/wp-json\/wp\/v2\/posts\/579978","targetHints":{"allow":["GET"]}}],"collection":[{"href":"https:\/\/www.europesays.com\/fr\/wp-json\/wp\/v2\/posts"}],"about":[{"href":"https:\/\/www.europesays.com\/fr\/wp-json\/wp\/v2\/types\/post"}],"author":[{"embeddable":true,"href":"https:\/\/www.europesays.com\/fr\/wp-json\/wp\/v2\/users\/2"}],"replies":[{"embeddable":true,"href":"https:\/\/www.europesays.com\/fr\/wp-json\/wp\/v2\/comments?post=579978"}],"version-history":[{"count":0,"href":"https:\/\/www.europesays.com\/fr\/wp-json\/wp\/v2\/posts\/579978\/revisions"}],"wp:featuredmedia":[{"embeddable":true,"href":"https:\/\/www.europesays.com\/fr\/wp-json\/wp\/v2\/media\/579979"}],"wp:attachment":[{"href":"https:\/\/www.europesays.com\/fr\/wp-json\/wp\/v2\/media?parent=579978"}],"wp:term":[{"taxonomy":"category","embeddable":true,"href":"https:\/\/www.europesays.com\/fr\/wp-json\/wp\/v2\/categories?post=579978"},{"taxonomy":"post_tag","embeddable":true,"href":"https:\/\/www.europesays.com\/fr\/wp-json\/wp\/v2\/tags?post=579978"}],"curies":[{"name":"wp","href":"https:\/\/api.w.org\/{rel}","templated":true}]}}