{"id":579984,"date":"2025-12-05T13:56:14","date_gmt":"2025-12-05T13:56:14","guid":{"rendered":"https:\/\/www.europesays.com\/fr\/579984\/"},"modified":"2025-12-05T13:56:14","modified_gmt":"2025-12-05T13:56:14","slug":"il-ne-faut-pas-oublier-le-massif-central-la-deprime-des-collectifs-face-a-la-ligne-sncf-lyon-bordeaux-par-massy","status":"publish","type":"post","link":"https:\/\/www.europesays.com\/fr\/579984\/","title":{"rendered":"\u00ab\u00a0Il ne faut pas oublier le Massif Central\u00a0\u00bb\u2026 La d\u00e9prime des collectifs face \u00e0 la ligne SNCF Lyon-Bordeaux par Massy"},"content":{"rendered":"<p><a href=\"https:\/\/www.20minutes.fr\/societe\/4188337-20251127-nouvelle-liaison-tgv-entre-bordeaux-lyon-cinq-heures-2027\" class=\"c-link c-link--is-underlined\" target=\"_blank\" rel=\"noopener\">L\u2019annonce <\/a>d\u2019une ligne <a href=\"https:\/\/www.20minutes.fr\/dossier\/sncf\" class=\"c-link c-link--is-underlined\" target=\"_blank\" rel=\"noopener\">SNCF <\/a>pour un futur TGV <a href=\"https:\/\/www.20minutes.fr\/dossier\/ouigo\" class=\"c-link c-link--is-underlined\" target=\"_blank\" rel=\"noopener\">Ouigo <\/a>Lyon-Bordeaux, passant par Massy, Saint-Pierre-des-Corps et Poitiers a relanc\u00e9 un vieux sentiment d\u2019abandon au c\u0153ur du Massif Central. Pour les d\u00e9fenseurs du rail local, ce choix d\u2019itin\u00e9raire est m\u00eame \u00ab\u00a0un scandale\u00a0\u00bb.<\/p>\n<p><img decoding=\"async\" alt=\"Le parcours propos\u00e9 par la SNCF pour relier Lyon et Bordeaux passe par Massy, au sud de Paris.\" class=\"c-img\" loading=\"lazy\" fetchpriority=\"auto\" width=\"718\"  src=\"https:\/\/img.20mn.fr\/NiBQn0BrTY6sryU9HHybUik\/718x0\" \/>Le parcours propos\u00e9 par la SNCF pour relier Lyon et Bordeaux passe par Massy, au sud de Paris.\u2002-\u00a0AuRail<\/p>\n<p>Le collectif AuRAil, qui regroupe vingt organisations d\u2019usagers, pointe que \u00ab\u00a0435\u00a0km \u00e0 vol d\u2019oiseau\u00a0\u00bb s\u00e9parent Lyon et Bordeaux. Le parcours propos\u00e9 par la SNCF est de 930\u00a0km. \u00ab\u00a0Y aurait-il une volont\u00e9 d\u00e9lib\u00e9r\u00e9e d\u2019exclure les territoires du Massif Central\u00a0?\u00a0\u00bb, se questionne l\u2019organisme. Elle souligne \u00e9galement que cette \u00ab\u00a0d\u00e9viation\u00a0\u00bb renforcera \u00ab\u00a0l\u2019\u00e9toile ferroviaire parisienne au d\u00e9triment des r\u00e9gions qu\u2019elle ne traversera pas\u00a0\u00bb.<\/p>\n<p>Des alternatives qui existent<\/p>\n<p>Le collectif assure que des alternatives existent. Il imagine alors une liaison directe Lyon-Saint-Etienne, jusque Clermont-Ferrand, puis Ussel, Brive et Bordeaux. Une option longue de 507\u00a0km, qui permettrait de rouvrir les lignes ferm\u00e9es Bo\u00ebn-Thiers et Laqueille-Ussel. \u00ab\u00a0Certains se sont empress\u00e9s de s\u2019esbaudir devant un projet TGV de plus via Massy TGV alors qu\u2019il ne s\u2019agit, une fois de plus, que de laisser de c\u00f4t\u00e9 nos territoires\u00a0\u00bb, d\u00e9nonce AuRail.<\/p>\n<\/p>\n<p>En ligne classique, sans investissements majeurs, plusieurs trac\u00e9s d\u2019environ 500\u00a0km seraient possibles\u00a0: via Saint-Pierre-des-Corps, via Clermont-Ferrand et Ussel, ou via Le Puy-en-Velay et Aurillac. Certains imaginent m\u00eame qu&rsquo;\u00ab\u00a0avec un peu de courage politique\u00a0\u00bb, ce maillage transversal pourrait rena\u00eetre, argue le collectif.<\/p>\n<p>La diagonale du vide \u00ab\u00a0reste vide\u00a0\u00bb<\/p>\n<p>Pour ces territoires, l\u2019enjeu d\u00e9passe le simple confort de d\u00e9placement. Depuis la suppression en 2014, pour des raisons financi\u00e8res, de l\u2019Intercit\u00e9s Lyon-Bordeaux par le centre de la France, le Massif central vit une v\u00e9ritable panne de desserte. <a href=\"https:\/\/www.20minutes.fr\/societe\/4022441-20230208-train-lyon-bordeaux-pari-railcoop-trop-grand\" class=\"c-link c-link--is-underlined\" target=\"_blank\" rel=\"noopener\">En\u00a02019, une coop\u00e9rative ferroviaire avait lanc\u00e9 un projet, mais a d\u00fb y renoncer<\/a>. \u00ab\u00a0Poitiers, Tours et Angoul\u00eame dans le centre ouest du pays, b\u00e9n\u00e9ficieront de la nouvelle ligne\u00a0\u00bb Lyon-Bordeaux, note-t-il, mais \u00ab\u00a0la diagonale du vide\u00a0\u00bb reste vide, regrette Marc Goutteroze, pr\u00e9sident d\u2019Aurail. Il rappelle qu\u2019il n\u2019existe plus de liaison r\u00e9guli\u00e8re Clermont-Saint-\u00c9tienne, ni Saint-\u00c9tienne-Limoges.<\/p>\n<p><img decoding=\"async\" alt=\"Une des proposition d'AuRail pour relier en train Bordeaux et Lyon.\" class=\"c-img\" loading=\"lazy\" fetchpriority=\"auto\" width=\"718\"  src=\"https:\/\/img.20mn.fr\/cfT3BRXsQei4iMn7OZZdMCk\/718x0\" \/>Une des proposition d&rsquo;AuRail pour relier en train Bordeaux et Lyon.\u2002-\u00a0AuRail<\/p>\n<p>AuRail et la FNAUT appellent donc \u00e0 une mesure imm\u00e9diate\u00a0: r\u00e9tablir les correspondances entre TER Auvergne-Rh\u00f4ne-Alpes et Nouvelle-Aquitaine \u00e0 Montlu\u00e7on, pour rouvrir les liaisons aujourd\u2019hui quasi impossibles, comme Clermont-Bordeaux ou Limoges-Lyon. \u00ab\u00a0Une telle mesure, peu co\u00fbteuse, permettrait de r\u00e9tablir des relations utiles aux territoires travers\u00e9s\u00a0\u00bb, assurent-elles.<\/p>\n<p>\u00ab\u00a0Aujourd\u2019hui, l\u2019absence de relation ferroviaire directe entre la 2e et la 6e agglom\u00e9ration fran\u00e7aise laisse le champ libre \u00e0 l\u2019avion et \u00e0 l\u2019autoroute, ajoutent-elles. On ne peut qu\u2019\u00eatre favorable \u00e0 cette initiative qui r\u00e9pond aux besoins des usagers. Il ne faut pas oublier le Massif Central.\u00a0\u00bb<\/p>\n<p>La r\u00e9ponse de la SNCF<\/p>\n<p>De son c\u00f4t\u00e9, SNCF Voyageurs a expliqu\u00e9 les raisons de ce choix d\u2019itin\u00e9raire sur X. La compagnie ferroviaire privil\u00e9gie \u00ab\u00a0une ligne \u00e0 grande vitesse d\u00e9j\u00e0 existante\u00a0\u00bb, sans correspondance. Cette option permet d\u2019effectuer le trajet \u00ab\u00a0en cinq heures alors que depuis plus de dix dans, plus aucun TGV ne reliait Bordeaux \u00e0 Lyon\u00a0\u00bb.<\/p>\n<blockquote class=\"twitter-tweet\" align=\"center\" data-lang=\"fr_FR\">\n<p lang=\"fr\" dir=\"ltr\">Pourquoi la nouvelle offre OUIGO Lyon-Bordeaux ne traverse-t-elle pas le Massif Central ?<br \/>La  nouvelle offre OUIGO en TGV empruntera une ligne \u00e0 grande vitesse d\u00e9j\u00e0  existante (Bordeaux &#8211; Angoul\u00eame &#8211; Poitiers\u00a0&#8211; St Pierre des Corps &#8211; Massy  TGV &#8211; Lyon) sans que les voyageurs aient\u2026 <a href=\"https:\/\/t.co\/DuGR81PXFt\">pic.twitter.com\/DuGR81PXFt<\/a><\/p>\n<p>\u2014 SNCF Voyageurs (@SNCFVoyageurs) <a href=\"https:\/\/twitter.com\/SNCFVoyageurs\/status\/1994407893697782024?ref_src=twsrc%5Etfw\" target=\"_blank\" rel=\"noopener\">November 28, 2025<\/a><\/p><\/blockquote>\n<p class=\"mb-m@xs text-l@xs\">En cliquant sur\u00ab J\u2019accepte \u00bb, vous acceptez le d\u00e9p\u00f4t de cookies par des services externes et aurez ainsi acc\u00e8s aux contenus de nos partenaires.<\/p>\n<p class=\"mb-xl@xs text-s@xs\">Plus d\u2019informations sur la page<a href=\"https:\/\/www.20minutes.fr\/gestion-cookies\" class=\"mx-xxs@xs color-ultramarine\" target=\"_blank\" rel=\"noopener\">Politique de gestion des cookies<\/a><\/p>\n<p>J\u2019accepte<\/p>\n<p>Elle justifie ce trac\u00e9 pour proposer le \u00ab\u00a0temps de parcours le plus rapide possible\u00a0\u00bb. \u00ab\u00a0Pour qu\u2019elle soit pertinente, le TGV doit circuler principalement \u00e0 grande vitesse et il n\u2019existe pas aujourd\u2019hui d\u2019infrastructure permettant de le faire en traversant le Massif Central\u00a0\u00bb, fait-elle savoir. Avant d\u2019assurer \u00ab\u00a0partager enti\u00e8rement les enjeux de desserte ferroviaire du centre de la France, qui rel\u00e8vent d\u2019une politique publique d\u2019investissement et d\u2019am\u00e9nagement du territoire\u00a0\u00bb.<\/p>\n<p><a href=\"https:\/\/www.20minutes.fr\/dossier\/sncf\" class=\"c-link c-btn c-btn--primary\" target=\"_blank\" rel=\"noopener\">Notre dossier SNCF<\/a><\/p>\n<p>\u00ab\u00a0Notre position n\u2019est pas anti-TGV. Nous voulons simplement que les investissements soient mieux r\u00e9partis et qu\u2019un r\u00e9seau transversal structurant renaisse\u00a0\u00bb, explique encore le collectif AuRail. Pour ce dernier, cette annonce renforce \u00ab\u00a0une fois de plus le sch\u00e9ma en \u00e9toile autour de Paris\u00a0\u00bb, indique l\u2019organise. Ce qui revient \u00e0 figer durablement le centre de la France hors des radars ferroviaires, et hors du pays.<\/p>\n<p><script async src=\"https:\/\/platform.twitter.com\/widgets.js\" charset=\"utf-8\"><\/script><\/p>\n","protected":false},"excerpt":{"rendered":"L\u2019annonce d\u2019une ligne SNCF pour un futur TGV Ouigo Lyon-Bordeaux, passant par Massy, Saint-Pierre-des-Corps et Poitiers a relanc\u00e9&hellip;\n","protected":false},"author":2,"featured_media":579985,"comment_status":"","ping_status":"","sticky":false,"template":"","format":"standard","meta":{"footnotes":""},"categories":[2817],"tags":[1111,47,11,3177,2430,1997,9050,1777,674,1011,27,2905,3367,2428,12,2219,23443,25,2429,2431,4001,2215,104,6472,2214,926],"class_list":{"0":"post-579984","1":"post","2":"type-post","3":"status-publish","4":"format-standard","5":"has-post-thumbnail","7":"category-bordeaux","8":"tag-actu","9":"tag-actualite","10":"tag-actualites","11":"tag-aquitaine","12":"tag-auvergne-rhone-alpes","13":"tag-bordeaux","14":"tag-clermont-ferrand","15":"tag-eu","16":"tag-europe","17":"tag-fr","18":"tag-france","19":"tag-gironde","20":"tag-loire","21":"tag-lyon","22":"tag-news","23":"tag-nouvelle-aquitaine","24":"tag-ouigo","25":"tag-republique-francaise","26":"tag-rhone","27":"tag-rhone-alpes","28":"tag-saint-etienne","29":"tag-sncf","30":"tag-societe","31":"tag-ter","32":"tag-tgv","33":"tag-train"},"share_on_mastodon":{"url":"https:\/\/pubeurope.com\/@fr\/115667310861750570","error":""},"_links":{"self":[{"href":"https:\/\/www.europesays.com\/fr\/wp-json\/wp\/v2\/posts\/579984","targetHints":{"allow":["GET"]}}],"collection":[{"href":"https:\/\/www.europesays.com\/fr\/wp-json\/wp\/v2\/posts"}],"about":[{"href":"https:\/\/www.europesays.com\/fr\/wp-json\/wp\/v2\/types\/post"}],"author":[{"embeddable":true,"href":"https:\/\/www.europesays.com\/fr\/wp-json\/wp\/v2\/users\/2"}],"replies":[{"embeddable":true,"href":"https:\/\/www.europesays.com\/fr\/wp-json\/wp\/v2\/comments?post=579984"}],"version-history":[{"count":0,"href":"https:\/\/www.europesays.com\/fr\/wp-json\/wp\/v2\/posts\/579984\/revisions"}],"wp:featuredmedia":[{"embeddable":true,"href":"https:\/\/www.europesays.com\/fr\/wp-json\/wp\/v2\/media\/579985"}],"wp:attachment":[{"href":"https:\/\/www.europesays.com\/fr\/wp-json\/wp\/v2\/media?parent=579984"}],"wp:term":[{"taxonomy":"category","embeddable":true,"href":"https:\/\/www.europesays.com\/fr\/wp-json\/wp\/v2\/categories?post=579984"},{"taxonomy":"post_tag","embeddable":true,"href":"https:\/\/www.europesays.com\/fr\/wp-json\/wp\/v2\/tags?post=579984"}],"curies":[{"name":"wp","href":"https:\/\/api.w.org\/{rel}","templated":true}]}}