{"id":579990,"date":"2025-12-05T14:00:27","date_gmt":"2025-12-05T14:00:27","guid":{"rendered":"https:\/\/www.europesays.com\/fr\/579990\/"},"modified":"2025-12-05T14:00:27","modified_gmt":"2025-12-05T14:00:27","slug":"benjamin-pavard-lom-pour-aller-ou-ligue-1-j15-lille-om","status":"publish","type":"post","link":"https:\/\/www.europesays.com\/fr\/579990\/","title":{"rendered":"Benjamin Pavard : l&rsquo;OM, pour aller o\u00f9 ? &#8211; Ligue 1 &#8211; J15 &#8211; Lille-OM"},"content":{"rendered":"<p>Plus de neuf ans apr\u00e8s son d\u00e9part en inconnu du LOSC vers Stuttgart, en 2016, Benjamin Pavard va retrouver ce vendredi soir <a target=\"_blank\" href=\"https:\/\/www.sofoot.com\/articles\/pourquoi-benjamin-pavard-est-meilleur-que-marcelo-france-ligue-1-j9-lille-montpellier-mon-amour\" rel=\"noopener\">le pr\u00e9 de ses d\u00e9buts professionnels<\/a>. Le visage imberbe et les bouclettes n\u2019ont pas chang\u00e9, au contraire du maillot qui est aujourd\u2019hui teint\u00e9 en ciel et blanc. Celui qui avait exprim\u00e9 dans notre magazine (So Foot, num\u00e9ro 193) aim\u00e9 \u00ab\u202fconna\u00eetre une autre suite\u202f\u00bb\u00a0avec les Dogues au d\u00e9but de sa carri\u00e8re, mais qui devait \u00ab\u202fpenser \u00e0 son temps de jeu\u202f\u00bb\u00a0avant tout, revient \u00e0 Pierre-Mauroy, <a target=\"_blank\" href=\"https:\/\/www.sofoot.com\/articles\/interview-benjamin-pavard-equipe-de-france-des-que-je-touche-la-balle-sens-lai-bien-prise-international-entretien\" rel=\"noopener\">une carri\u00e8re \u00e9trang\u00e8re bien remplie<\/a> (Stuttgart, Bayern Munich et Inter Milan) et une Coupe du monde dans sa besace. Mais qu\u2019en est-il vraiment de son d\u00e9but de saison et de son statut \u00e0 l\u2019OM, club dans lequel il est venu se refaire la cerise <a target=\"_blank\" href=\"https:\/\/www.sofoot.com\/articles\/equipe-de-france-forfait-de-wesley-fofana-benjamin-pavard-le-cas-a-part\" rel=\"noopener\">en esp\u00e9rant un \u00e9t\u00e9 nord-am\u00e9ricain ?<\/a><\/p>\n<p>Soleil bleu et blanc<\/p>\n<p>L\u2019aventure phoc\u00e9enne de Pavard a d\u2019abord commenc\u00e9 dans une douce fin d\u2019\u00e9t\u00e9. Lui qui annon\u00e7ait \u00e0 son arriv\u00e9e vouloir \u00ab\u00a0montrer (s)a vraie valeur en France\u202f\u00bb <a target=\"_blank\" href=\"https:\/\/www.sofoot.com\/articles\/benjamin-pavard-inter-milan-de-retour-en-ligue-1-a-lolympique-de-marseille\" rel=\"noopener\">est arriv\u00e9 \u00e0 Marseille dans un mois de septembre<\/a> o\u00f9 les temp\u00e9ratures maximales ont atteint 28 degr\u00e9s, ce m\u00eame chiffre choisi par Benji pour tenir l\u2019arri\u00e8re-garde marseillaise. Et il n\u2019a pas attendu longtemps pour montrer les muscles, avec <a target=\"_blank\" href=\"https:\/\/www.sofoot.com\/articles\/ligue-1-marseille-domine-facilement-lorient-reduit-a-dix-avant-meme-le-quart-dheure-de-jeu\" rel=\"noopener\">un premier but pour son premier match face \u00e0 Lorient (4-0)<\/a> puis une s\u00e9rie de cinq victoires d\u2019affil\u00e9e pour l\u2019OM lors de ses six premi\u00e8res rencontres de championnat avec les Olympiens, alors leaders \u00e0 la huiti\u00e8me journ\u00e9e (et une victoire face au Havre). Bien au-dessus des normales de saison, donc. Un d\u00e9but d\u2019exercice dor\u00e9 et un plan de relance parfait en apparence. Mais c\u2019\u00e9tait sans compter <a target=\"_blank\" href=\"https:\/\/www.sofoot.com\/articles\/equipe-de-france-suivez-en-direct-la-liste-de-didier-deschamps-pour-les-qualifications\" rel=\"noopener\">sa non s\u00e9lection avec l\u2019\u00e9quipe de France<\/a> pour le rassemblement d\u2019octobre, auquel il prendra finalement part <a target=\"_blank\" href=\"https:\/\/www.sofoot.com\/breves\/equipe-de-france-benjamin-pavard-rappele-avec-les-bleus-apres-le-forfait-de-konate\" rel=\"noopener\">pour pallier la blessure d\u2019Ibrahima Konat\u00e9<\/a>, en faisant banquette face \u00e0 l\u2019Islande.<\/p>\n<p>Un \u00e9l\u00e9ment s\u00fbrement contributeur de la m\u00e9forme de Pavard fin octobre avec son OM, et une double tuile tr\u00e8s poissarde qui lui est tomb\u00e9 dessus. En C1 d\u2019abord, <a target=\"_blank\" href=\"https:\/\/www.sofoot.com\/articles\/ligue-des-champions-a-11-contre-10-le-sporting-renverse-marseille\" rel=\"noopener\">et le but victorieux du Sporting qu\u2019il contre du bras<\/a>, puis en championnat <a target=\"_blank\" href=\"https:\/\/www.sofoot.com\/articles\/ligue-1-lens-renverse-lom-et-grimpe-a-la-deuxieme-place\" rel=\"noopener\">en coulant l\u2019OM \u00e0 Lens (2-1)<\/a> avec un penalty provoqu\u00e9 sur Odsonne Edouard puis un malheureux CSC pour permettre aux Artois de l\u2019emporter. Jamais un joueur n\u2019a \u00e9gal\u00e9 cette \u00ab\u202fperf\u2019\u202f\u00bb depuis que le statisticien Opta analyse le championnat. Pas ouf comme vitrine. L\u00e0 encore, cons\u00e9quence directe sur sa place en Bleus, <a target=\"_blank\" href=\"https:\/\/www.sofoot.com\/breves\/la-liste-des-bleus-avec-le-grand-retour-de-ngolo-kante-rayan-cherki-et-jean-philippe-mateta-presents\" rel=\"noopener\">avec une seconde non convocation d\u2019affil\u00e9e dans le groupe de Didier Deschamps<\/a>.<\/p>\n<blockquote class=\"twitter-tweet\">\n<p lang=\"fr\" dir=\"ltr\">1 &#8211; Benjamin Pavard est le premier joueur de Marseille \u00e0 conc\u00e9der un penalty et marquer contre son camp lors d\u2019un m\u00eame match de Ligue 1 depuis qu\u2019Opta l\u2019analyse (2006\/07). Tuile. <a target=\"_blank\" href=\"https:\/\/twitter.com\/hashtag\/RCLOM?src=hash&amp;ref_src=twsrc%5Etfw\" rel=\"noopener\">#RCLOM<\/a> <a target=\"_blank\" href=\"https:\/\/t.co\/ebgXqyl5AD\">pic.twitter.com\/ebgXqyl5AD<\/a><\/p>\n<p>\u2014 OptaJean (@OptaJean) <a target=\"_blank\" href=\"https:\/\/twitter.com\/OptaJean\/status\/1982183440054202846?ref_src=twsrc%5Etfw\" rel=\"noopener\">October 25, 2025<\/a><\/p><\/blockquote>\n<p>La Coupe du monde, c\u2019est trop loin ?<\/p>\n<p>Une forme en dents de scie, \u00e7a ne pr\u00e9sage rien de bon en vue d\u2019une s\u00e9lection pour la plus grande des comp\u00e9titions mondiales. Une chose que Pavard a tr\u00e8s vite compris. Sur les sept derniers matchs, qui ont suivi Lens, on sent que le d\u00e9fenseur marseillais a retrouv\u00e9 une stabilit\u00e9 dans les performances. Jusqu\u2019\u00e0 m\u00eame r\u00e9aliser une offrande (plus ou moins volontaire) pour son co\u00e9quipier Pierre-Emerick Aubameyang lors de <a target=\"_blank\" href=\"https:\/\/www.sofoot.com\/articles\/ligue-1-lolympique-de-marseille-eparpille-nice-avec-des-buts-de-pierre-emerick-aubameyang-et-timothy-weah\" rel=\"noopener\">la balade de sant\u00e9 marseillaise \u00e0 Nice (1-5)<\/a>, le 21 novembre dernier. Une performance \u00e0 souligner, \u00e9tant donn\u00e9 les humeurs tactiques tr\u00e8s changeantes de Roberto De Zerbi, qui a utilis\u00e9 six dispositifs diff\u00e9rents depuis le d\u00e9but de l\u2019exercice. Que ce soit avec Balerdi, Aguerd ou CJ Egan-Riley, \u00e0 quatre derri\u00e8re ou \u00e0 trois, Pavard a repris les commandes de la d\u00e9fense de la troisi\u00e8me meilleure d\u00e9fense de Ligue 1 (comme son classement) en l\u2019absence de son capitaine Leonardo Balerdi, qui revient \u00e0 t\u00e2tons.<\/p>\n<p><img decoding=\"async\" loading=\"lazy\" class=\"\" src=\"https:\/\/www.europesays.com\/fr\/wp-content\/uploads\/2025\/12\/1764943227_169_grande.jpg\" alt=\"\" width=\"2560\" height=\"1707\"\/>C\u2019est en statut de leader que Benjamin Pavard revient \u00e0 Lille ce vendredi soir, mais avec un paradoxe autour de lui : son retour en France est globalement bon au niveau des performances sur le terrain, mais celui-ci semble l\u2019\u00e9loigner peu \u00e0 peu des sph\u00e8res de l\u2019\u00e9quipe de France, \u00e0 six mois du Mondial. Est-ce la faute de ces deux cagades dans deux gros matchs cons\u00e9cutifs ? Du manque de prestige <a target=\"_blank\" href=\"https:\/\/www.sofoot.com\/breves\/om-timothy-weah-la-ligue-1-le-meilleur-championnat-du-monde\" rel=\"noopener\">d\u2019un championnat que son co\u00e9quipier Timothy Weah d\u00e9crit comme \u00ab\u202fle meilleur du monde\u202f\u00bb<\/a> ? Ou d\u2019un \u00ab\u202fDD boycott\u202f\u00bb qui serait pass\u00e9 d\u2019un Olympique \u00e0 l\u2019autre ? En attendant les r\u00e9ponses \u00e0 ces questions, l\u2019OM et Pavard peuvent provisoirement repasser leaders du championnat en cas de victoire \u00e0 Lille. Un endroit o\u00f9 le champion du monde 2018 est parti non sans ranc\u0153ur : \u00ab\u202fLe LOSC a beaucoup chang\u00e9, confiait-il dans nos colonnes il y a trois ans, sans pour autant oublier d\u2019o\u00f9 il vient. Mais je reste son premier supporter. C\u2019est mon club de c\u0153ur.\u202f\u00bb\u00a0Lui aussi a bien chang\u00e9, et doit montrer aujourd\u2019hui quels objectifs d\u00e9fendre au-del\u00e0 de sa propre cage.<\/p>\n<p>\t\t\t\t\t\t\t\t\t\t<a class=\"lien-connexe\" href=\"https:\/\/www.sofoot.com\/breves\/adil-rami-aurait-ete-victime-de-racisme-de-la-part-dun-ancien-defenseur-de-lom-et-de-logc-nice\" target=\"_blank\" rel=\"noopener\">Adil Rami aurait \u00e9t\u00e9 victime de racisme par un ancien d\u00e9fenseur bien connu en Ligue 1<\/a>\t\t\t\t\t<script async src=\"https:\/\/platform.twitter.com\/widgets.js\" charset=\"utf-8\"><\/script><\/p>\n","protected":false},"excerpt":{"rendered":"Plus de neuf ans apr\u00e8s son d\u00e9part en inconnu du LOSC vers Stuttgart, en 2016, Benjamin Pavard va&hellip;\n","protected":false},"author":2,"featured_media":579991,"comment_status":"","ping_status":"","sticky":false,"template":"","format":"standard","meta":{"footnotes":""},"categories":[2815],"tags":[1111,47,11,61,69,65,64,1777,674,63,1011,27,811,68,66,1307,12,62,70,25,67],"class_list":{"0":"post-579990","1":"post","2":"type-post","3":"status-publish","4":"format-standard","5":"has-post-thumbnail","7":"category-lille","8":"tag-actu","9":"tag-actualite","10":"tag-actualites","11":"tag-actus-football","12":"tag-bundesliga","13":"tag-championnats-europeens","14":"tag-equipe-de-france","15":"tag-eu","16":"tag-europe","17":"tag-football","18":"tag-fr","19":"tag-france","20":"tag-hauts-de-france","21":"tag-ligua","22":"tag-ligue-1","23":"tag-lille","24":"tag-news","25":"tag-news-foot","26":"tag-premier-league","27":"tag-republique-francaise","28":"tag-serie-a"},"share_on_mastodon":{"url":"https:\/\/pubeurope.com\/@fr\/115667327026335184","error":""},"_links":{"self":[{"href":"https:\/\/www.europesays.com\/fr\/wp-json\/wp\/v2\/posts\/579990","targetHints":{"allow":["GET"]}}],"collection":[{"href":"https:\/\/www.europesays.com\/fr\/wp-json\/wp\/v2\/posts"}],"about":[{"href":"https:\/\/www.europesays.com\/fr\/wp-json\/wp\/v2\/types\/post"}],"author":[{"embeddable":true,"href":"https:\/\/www.europesays.com\/fr\/wp-json\/wp\/v2\/users\/2"}],"replies":[{"embeddable":true,"href":"https:\/\/www.europesays.com\/fr\/wp-json\/wp\/v2\/comments?post=579990"}],"version-history":[{"count":0,"href":"https:\/\/www.europesays.com\/fr\/wp-json\/wp\/v2\/posts\/579990\/revisions"}],"wp:featuredmedia":[{"embeddable":true,"href":"https:\/\/www.europesays.com\/fr\/wp-json\/wp\/v2\/media\/579991"}],"wp:attachment":[{"href":"https:\/\/www.europesays.com\/fr\/wp-json\/wp\/v2\/media?parent=579990"}],"wp:term":[{"taxonomy":"category","embeddable":true,"href":"https:\/\/www.europesays.com\/fr\/wp-json\/wp\/v2\/categories?post=579990"},{"taxonomy":"post_tag","embeddable":true,"href":"https:\/\/www.europesays.com\/fr\/wp-json\/wp\/v2\/tags?post=579990"}],"curies":[{"name":"wp","href":"https:\/\/api.w.org\/{rel}","templated":true}]}}