{"id":579992,"date":"2025-12-05T14:02:21","date_gmt":"2025-12-05T14:02:21","guid":{"rendered":"https:\/\/www.europesays.com\/fr\/579992\/"},"modified":"2025-12-05T14:02:21","modified_gmt":"2025-12-05T14:02:21","slug":"fabrique-a-marseille-volume-2-des-talents-toujours-plus-locaux","status":"publish","type":"post","link":"https:\/\/www.europesays.com\/fr\/579992\/","title":{"rendered":"\u00ab\u00a0Fabriqu\u00e9 \u00e0 Marseille\u00a0\u00bb volume 2\u00a0: des talents toujours plus locaux\u00a0!"},"content":{"rendered":"<p>\t\u00ab\u00a0Fabriqu\u00e9 \u00e0 Marseille\u00a0\u00bb volume 2\u00a0: des talents toujours plus locaux\u00a0! &#8211; Toutma<\/p>\n<p>&#13;<br \/>\n&#13;<\/p>\n<p>&#13;<br \/>\n\t\t&#13;<\/p>\n<p>Nous utilisons des cookies pour vous garantir la meilleure exp\u00e9rience sur notre site web. Si vous continuez \u00e0 utiliser ce site, nous supposerons que vous en \u00eates satisfait.OK<\/p>\n<p>\t\t&#13;<\/p>\n","protected":false},"excerpt":{"rendered":"\u00ab\u00a0Fabriqu\u00e9 \u00e0 Marseille\u00a0\u00bb volume 2\u00a0: des talents toujours plus locaux\u00a0! &#8211; Toutma &#13; &#13; &#13; &#13; Nous utilisons&hellip;\n","protected":false},"author":2,"featured_media":579993,"comment_status":"","ping_status":"","sticky":false,"template":"","format":"standard","meta":{"footnotes":""},"categories":[2814],"tags":[1111,11,1477,69385,69386,1777,674,1011,27,69387,69388,884,12,882,25,69389,6939],"class_list":{"0":"post-579992","1":"post","2":"type-post","3":"status-publish","4":"format-standard","5":"has-post-thumbnail","7":"category-marseille","8":"tag-actu","9":"tag-actualites","10":"tag-artisanat","11":"tag-artisanat-marseille","12":"tag-entreprises-locales","13":"tag-eu","14":"tag-europe","15":"tag-fr","16":"tag-france","17":"tag-label-made-in-marseille","18":"tag-made-in-marseille","19":"tag-marseille","20":"tag-news","21":"tag-provence-alpes-cote-dazur","22":"tag-republique-francaise","23":"tag-savoir-faire-marseillais","24":"tag-savoir-faire"},"share_on_mastodon":{"url":"https:\/\/pubeurope.com\/@fr\/115667333538581489","error":""},"_links":{"self":[{"href":"https:\/\/www.europesays.com\/fr\/wp-json\/wp\/v2\/posts\/579992","targetHints":{"allow":["GET"]}}],"collection":[{"href":"https:\/\/www.europesays.com\/fr\/wp-json\/wp\/v2\/posts"}],"about":[{"href":"https:\/\/www.europesays.com\/fr\/wp-json\/wp\/v2\/types\/post"}],"author":[{"embeddable":true,"href":"https:\/\/www.europesays.com\/fr\/wp-json\/wp\/v2\/users\/2"}],"replies":[{"embeddable":true,"href":"https:\/\/www.europesays.com\/fr\/wp-json\/wp\/v2\/comments?post=579992"}],"version-history":[{"count":0,"href":"https:\/\/www.europesays.com\/fr\/wp-json\/wp\/v2\/posts\/579992\/revisions"}],"wp:featuredmedia":[{"embeddable":true,"href":"https:\/\/www.europesays.com\/fr\/wp-json\/wp\/v2\/media\/579993"}],"wp:attachment":[{"href":"https:\/\/www.europesays.com\/fr\/wp-json\/wp\/v2\/media?parent=579992"}],"wp:term":[{"taxonomy":"category","embeddable":true,"href":"https:\/\/www.europesays.com\/fr\/wp-json\/wp\/v2\/categories?post=579992"},{"taxonomy":"post_tag","embeddable":true,"href":"https:\/\/www.europesays.com\/fr\/wp-json\/wp\/v2\/tags?post=579992"}],"curies":[{"name":"wp","href":"https:\/\/api.w.org\/{rel}","templated":true}]}}