{"id":579994,"date":"2025-12-05T14:04:33","date_gmt":"2025-12-05T14:04:33","guid":{"rendered":"https:\/\/www.europesays.com\/fr\/579994\/"},"modified":"2025-12-05T14:04:33","modified_gmt":"2025-12-05T14:04:33","slug":"un-policier-mis-en-examen-pour-violences-aggravees","status":"publish","type":"post","link":"https:\/\/www.europesays.com\/fr\/579994\/","title":{"rendered":"un policier mis en examen pour \u00abviolences aggrav\u00e9es\u00bb"},"content":{"rendered":"<p>\n    Il s\u2019agit du premier policier incrimin\u00e9 pour les violents coups re\u00e7us par Angelina, une Marseillaise pass\u00e9e \u00e0 tabac par les forces de l\u2019ordre en marge d\u2019une manifestation en 2018. Dix policiers ont \u00e9t\u00e9 mis en examen au total dans ce dossier.<\/p>\n<p class=\"fig-paragraph\">Un policier a \u00e9t\u00e9 mis en examen pour \u00abviolences aggrav\u00e9es\u00bb pour le passage \u00e0 tabac d&rsquo;une jeune femme par les forces de l&rsquo;ordre en marge d&rsquo;une manifestation \u00e0 Marseille en 2018, a annonc\u00e9 vendredi le parquet de la ville. Le policier est poursuivi pour \u00abviolences aggrav\u00e9es par trois circonstances (arme, r\u00e9union et par une personne d\u00e9positaire de l&rsquo;autorit\u00e9 publique)\u00bb, selon un communiqu\u00e9 du parquet.<\/p>\n<p class=\"fig-paragraph\">Il s&rsquo;agit du premier policier directement incrimin\u00e9 pour les violents coups re\u00e7us par Angelina, jeune femme de 19 ans qui avait eu le cr\u00e2ne fractur\u00e9 et a souffert d&rsquo;importantes s\u00e9quelles. Au total dans ce dossier, dix policiers ont \u00e9t\u00e9 mis en examen, essentiellement pour \u00abnon-assistance \u00e0 personne en danger\u00bb.<\/p>\n<p>                                            <a class=\"fig-a11y-skip\" href=\"#fig-a11y-skip-main-inarticle\" data-module=\"a11y-skip\" data-context=\"was @visible\"><br \/>\n    Passer la publicit\u00e9<br \/>\n<\/a>            <\/p>\n<p>                                            Tir de LBD<\/p>\n<p class=\"fig-paragraph\">Le samedi 8 d\u00e9cembre 2018, plusieurs manifestations s\u2019\u00e9taient rejointes dans la ville\u00a0: une marche contre l\u2019habitat indigne, un mois apr\u00e8s l\u2019effondrement meurtrier des immeubles de la rue d\u2019Aubagne, une marche pour le climat et une manifestation de\u00a0<a href=\"http:\/\/www.lefigaro.fr\/vox\/dossier\/gilets-jaunes-intellectuels\" target=\"_blank\" data-fig-type=\"Topic\" rel=\"noopener\" data-gtm-custom-categorie=\"navigation\" data-gtm-custom-action=\"crossclick\" data-gtm-custom-label=\"Contextuel\" data-gtm-event=\"customEventSPE\" data-fig-domain=\"LEFIGARO\">\u00abgilets jaunes\u00bb.<\/a><\/p>\n<p class=\"fig-paragraph\">Dans ce contexte explosif, o\u00f9 500 policiers \u00e9taient mobilis\u00e9s, Angelina (qui se faisait appeler Maria), une vendeuse de 19 ans, rentrait du travail accompagn\u00e9 de son petit ami de l\u2019\u00e9poque quand elle avait \u00e9t\u00e9 atteinte par un<a href=\"http:\/\/www.lefigaro.fr\/marseille\/affaire-hedi-a-marseille-des-coups-a-l-origine-des-blessures-et-non-le-tir-de-lbd-des-policiers-20240704\" target=\"_blank\" data-fig-type=\"NewsFlash\" rel=\"noopener\" data-gtm-custom-categorie=\"navigation\" data-gtm-custom-action=\"crossclick\" data-gtm-custom-label=\"Contextuel\" data-gtm-event=\"customEventSPE\" data-fig-domain=\"LEFIGARO\">\u00a0tir de LBD<\/a>\u00a0\u00e0 la cuisse, dans une ruelle du c\u0153ur commer\u00e7ant de Marseille.<\/p>\n<p class=\"fig-paragraph\">Elle a ensuite \u00e9t\u00e9 violemment frapp\u00e9e au sol par une quinzaine de policiers, \u00e0 coups de pied et de matraques, qui lui ont fractur\u00e9 le cr\u00e2ne et laiss\u00e9 d\u2019importantes s\u00e9quelles. En voulant la prot\u00e9ger, son petit ami s\u2019est fait \u00e9galement violenter par les forces de l\u2019ordre.<\/p>\n","protected":false},"excerpt":{"rendered":"Il s\u2019agit du premier policier incrimin\u00e9 pour les violents coups re\u00e7us par Angelina, une Marseillaise pass\u00e9e \u00e0 tabac&hellip;\n","protected":false},"author":2,"featured_media":579995,"comment_status":"","ping_status":"","sticky":false,"template":"","format":"standard","meta":{"footnotes":""},"categories":[2814],"tags":[1111,11,1777,674,1011,27,53142,884,5117,12,882,25,7374],"class_list":{"0":"post-579994","1":"post","2":"type-post","3":"status-publish","4":"format-standard","5":"has-post-thumbnail","7":"category-marseille","8":"tag-actu","9":"tag-actualites","10":"tag-eu","11":"tag-europe","12":"tag-fr","13":"tag-france","14":"tag-lbd","15":"tag-marseille","16":"tag-mise-en-examen","17":"tag-news","18":"tag-provence-alpes-cote-dazur","19":"tag-republique-francaise","20":"tag-violences-policieres"},"share_on_mastodon":{"url":"https:\/\/pubeurope.com\/@fr\/115667341445265734","error":""},"_links":{"self":[{"href":"https:\/\/www.europesays.com\/fr\/wp-json\/wp\/v2\/posts\/579994","targetHints":{"allow":["GET"]}}],"collection":[{"href":"https:\/\/www.europesays.com\/fr\/wp-json\/wp\/v2\/posts"}],"about":[{"href":"https:\/\/www.europesays.com\/fr\/wp-json\/wp\/v2\/types\/post"}],"author":[{"embeddable":true,"href":"https:\/\/www.europesays.com\/fr\/wp-json\/wp\/v2\/users\/2"}],"replies":[{"embeddable":true,"href":"https:\/\/www.europesays.com\/fr\/wp-json\/wp\/v2\/comments?post=579994"}],"version-history":[{"count":0,"href":"https:\/\/www.europesays.com\/fr\/wp-json\/wp\/v2\/posts\/579994\/revisions"}],"wp:featuredmedia":[{"embeddable":true,"href":"https:\/\/www.europesays.com\/fr\/wp-json\/wp\/v2\/media\/579995"}],"wp:attachment":[{"href":"https:\/\/www.europesays.com\/fr\/wp-json\/wp\/v2\/media?parent=579994"}],"wp:term":[{"taxonomy":"category","embeddable":true,"href":"https:\/\/www.europesays.com\/fr\/wp-json\/wp\/v2\/categories?post=579994"},{"taxonomy":"post_tag","embeddable":true,"href":"https:\/\/www.europesays.com\/fr\/wp-json\/wp\/v2\/tags?post=579994"}],"curies":[{"name":"wp","href":"https:\/\/api.w.org\/{rel}","templated":true}]}}