{"id":579996,"date":"2025-12-05T14:05:11","date_gmt":"2025-12-05T14:05:11","guid":{"rendered":"https:\/\/www.europesays.com\/fr\/579996\/"},"modified":"2025-12-05T14:05:11","modified_gmt":"2025-12-05T14:05:11","slug":"le-maire-de-lyon-bientot-mis-en-demeure-pour-ne-pas-avoir-communique-ses-notes-de-frais","status":"publish","type":"post","link":"https:\/\/www.europesays.com\/fr\/579996\/","title":{"rendered":"le maire de Lyon bient\u00f4t mis en demeure pour ne pas avoir communiqu\u00e9 ses notes de frais ?"},"content":{"rendered":"<p itemprop=\"description\"><strong>C&rsquo;est un duel de maires issus de territoires diff\u00e9rents que l&rsquo;on n&rsquo;aurait pas pu inventer.<\/strong><\/p>\n<p>Depuis le printemps dernier, le maire de Vienne Thierry Kovacs asticote son homologue lyonnais <a href=\"https:\/\/www.lyonmag.com\/profil-personnalite-lyonnaise\/504\/gregory-doucet\" target=\"_blank\" rel=\"noopener\">Gr\u00e9gory Doucet<\/a> sur la communication de ses notes de frais.<\/p>\n<p>L&rsquo;\u00e9lu is\u00e9rois s&rsquo;est veng\u00e9 du fait qu&rsquo;Erwann Binet, ancien d\u00e9put\u00e9 aujourd&rsquo;hui employ\u00e9 de la Ville de Lyon et surtout candidat aux municipales \u00e0 Vienne, a exig\u00e9 qu&rsquo;il publie ses notes de frais. En retour, Thierry Kovacs, se disant \u00ab\u00a0sensible \u00e0 la volont\u00e9 de transparence du collaborateur de Gr\u00e9gory Doucet\u00a0\u00bb, estimait logique de faire la m\u00eame demande \u00e0 l&rsquo;\u00e9dile \u00e9cologiste.<\/p>\n<p>Cet \u00e9t\u00e9, Gr\u00e9gory Doucet s&rsquo;est donc partiellement ex\u00e9cut\u00e9, non sans avoir attendu que la Commission d&rsquo;acc\u00e8s aux documents administratifs (CADA) ne s&rsquo;en m\u00eale.<\/p>\n<p><a href=\"https:\/\/www.lyonmag.com\/article\/147217\/virees-shopping-du-maire-de-lyon-face-aux-attaques-voici-les-depenses-reelles-de-gregory-doucet\" target=\"_blank\" rel=\"noopener\">LyonMag avait trait\u00e9 cette information<\/a>, on y d\u00e9couvrait une s\u00e9rie d&rsquo;achats, essentiellement de v\u00eatements et notamment d&rsquo;un poncho de cycliste, et de frais de restauration ou de nuit\u00e9es d&rsquo;h\u00f4tel.<\/p>\n<p>Sauf que pour Thierry Kovacs, ce n&rsquo;est que la partie visible de l&rsquo;iceberg, \u00e0 savoir les frais avanc\u00e9s par Gr\u00e9gory Doucet et rembours\u00e9s ensuite par la Ville de Lyon. Le maire de Vienne aimerait d\u00e9sormais conna\u00eetre les d\u00e9penses faites par l&rsquo;\u00e9dile lyonnais et ses adjoints avec la CB de la mairie ou mises sur la note de la Ville. Ainsi que les noms des personnes invit\u00e9es, notamment lors de caf\u00e9s ou de repas.<\/p>\n<p>Thierry Kovacs avait donc formul\u00e9 le 23 octobre une nouvelle demande, rest\u00e9e sans r\u00e9ponse.\u00a0\u00ab\u00a0Face \u00e0 ce nouveau silence, j&rsquo;ai saisi ce jour une seconde fois la CADA afin qu&rsquo;elle mette en demeure monsieur le maire de Lyon de se conformer \u00e0 son avis\u00a0\u00bb, r\u00e9agit ce vendredi celui qui est aussi pr\u00e9sident de Vienne Condrieu Agglom\u00e9ration.<\/p>\n<p>\u00ab\u00a0Gr\u00e9gory Doucet aurait-il des choses \u00e0 cacher ?\u00a0\u00bb, s&rsquo;interroge Thierry Kovacs, troubl\u00e9 par \u00ab\u00a0cette volont\u00e9 persistante de non-transmission\u00a0\u00bb des informations par le maire de Lyon.<\/p>\n","protected":false},"excerpt":{"rendered":"C&rsquo;est un duel de maires issus de territoires diff\u00e9rents que l&rsquo;on n&rsquo;aurait pas pu inventer. Depuis le printemps&hellip;\n","protected":false},"author":2,"featured_media":579997,"comment_status":"","ping_status":"","sticky":false,"template":"","format":"standard","meta":{"footnotes":""},"categories":[1889],"tags":[1111,11,2813,2190,2430,1109,251,1112,2811,1777,674,118,1011,27,1922,1110,1114,2428,2810,12,241,316,25,2812,517,800],"class_list":{"0":"post-579996","1":"post","2":"type-post","3":"status-publish","4":"format-standard","5":"has-post-thumbnail","7":"category-lyon","8":"tag-actu","9":"tag-actualites","10":"tag-article","11":"tag-asvel","12":"tag-auvergne-rhone-alpes","13":"tag-breves","14":"tag-culture","15":"tag-depeches","16":"tag-economique","17":"tag-eu","18":"tag-europe","19":"tag-faits-divers","20":"tag-fr","21":"tag-france","22":"tag-info","23":"tag-informations","24":"tag-infos","25":"tag-lyon","26":"tag-lyonmag","27":"tag-news","28":"tag-ol","29":"tag-politique","30":"tag-republique-francaise","31":"tag-sociale","32":"tag-sport","33":"tag-transports"},"share_on_mastodon":{"url":"https:\/\/pubeurope.com\/@fr\/115667345855995380","error":""},"_links":{"self":[{"href":"https:\/\/www.europesays.com\/fr\/wp-json\/wp\/v2\/posts\/579996","targetHints":{"allow":["GET"]}}],"collection":[{"href":"https:\/\/www.europesays.com\/fr\/wp-json\/wp\/v2\/posts"}],"about":[{"href":"https:\/\/www.europesays.com\/fr\/wp-json\/wp\/v2\/types\/post"}],"author":[{"embeddable":true,"href":"https:\/\/www.europesays.com\/fr\/wp-json\/wp\/v2\/users\/2"}],"replies":[{"embeddable":true,"href":"https:\/\/www.europesays.com\/fr\/wp-json\/wp\/v2\/comments?post=579996"}],"version-history":[{"count":0,"href":"https:\/\/www.europesays.com\/fr\/wp-json\/wp\/v2\/posts\/579996\/revisions"}],"wp:featuredmedia":[{"embeddable":true,"href":"https:\/\/www.europesays.com\/fr\/wp-json\/wp\/v2\/media\/579997"}],"wp:attachment":[{"href":"https:\/\/www.europesays.com\/fr\/wp-json\/wp\/v2\/media?parent=579996"}],"wp:term":[{"taxonomy":"category","embeddable":true,"href":"https:\/\/www.europesays.com\/fr\/wp-json\/wp\/v2\/categories?post=579996"},{"taxonomy":"post_tag","embeddable":true,"href":"https:\/\/www.europesays.com\/fr\/wp-json\/wp\/v2\/tags?post=579996"}],"curies":[{"name":"wp","href":"https:\/\/api.w.org\/{rel}","templated":true}]}}