{"id":580006,"date":"2025-12-05T14:13:13","date_gmt":"2025-12-05T14:13:13","guid":{"rendered":"https:\/\/www.europesays.com\/fr\/580006\/"},"modified":"2025-12-05T14:13:13","modified_gmt":"2025-12-05T14:13:13","slug":"nous-avons-ete-visionnaires-a-paris-anne-hidalgo-se-felicite-de-larrivee-dune-quatrieme-foret-urbaine","status":"publish","type":"post","link":"https:\/\/www.europesays.com\/fr\/580006\/","title":{"rendered":"\u00ab\u00a0Nous avons \u00e9t\u00e9 visionnaires\u00a0\u00bb\u00a0: \u00e0 Paris, Anne Hidalgo se f\u00e9licite de l\u2019arriv\u00e9e d\u2019une quatri\u00e8me \u00ab\u00a0for\u00eat urbaine\u00a0\u00bb"},"content":{"rendered":"<p class=\"paragraph text_align_left lp-f-body-02\">C\u2019\u00e9tait l\u2019une de ses promesses de campagne embl\u00e9matiques : planter 4 \u00ab for\u00eats urbaines \u00bb \u00e0 Paris. Alors que le mandat d\u2019<a href=\"https:\/\/www.leparisien.fr\/paris-75\/je-peux-toujours-aller-au-bresil-a-la-nage-attaquee-sur-ses-voyages-anne-hidalgo-justifie-sa-politique-de-deplacements-19-11-2025-SDB7QRHL3ZAVJOJFGNVXQ7BIPE.php\" target=\"_self\" rel=\"noopener\">Anne Hidalgo<\/a> touche bient\u00f4t \u00e0 sa fin, la derni\u00e8re commence <a href=\"https:\/\/www.leparisien.fr\/paris-75\/paris-voici-les-premieres-images-de-la-future-foret-urbaine-prevue-place-du-colonel-fabien-25-01-2023-X6PHS7VWFFFKRLE2EGIYPTYE7A.php\" target=\"_self\" rel=\"noopener\">\u00e0 prendre racine place du Colonel Fabien<\/a>, \u00e0 la lisi\u00e8re des Xe et XIXe arrondissements.<\/p>\n<p class=\"paragraph text_align_left lp-f-body-02\">Ce vendredi matin, la maire socialiste de la capitale a mis quelques pellet\u00e9es de terre symboliques pour planter l\u2019un des 79 nouveaux arbres, qui s\u2019appr\u00eatent \u00e0 vivre sur cet ancien rond-point, d\u00e9sormais semi-pi\u00e9tonnis\u00e9. Des ch\u00eanes de Bourgogne, des am\u00e9lanchiers, des ormes de Sib\u00e9rie ou encore des charmes communs, qui viennent rejoindre les 41 platanes d\u00e9j\u00e0 pr\u00e9sents.<\/p>\n<p>Des arbres aux chances de survie limit\u00e9es ?<\/p>\n<p class=\"paragraph text_align_left lp-f-body-02\">\u00ab Dans une ville dense tr\u00e8s min\u00e9rale, il fallait apporter des arbres et des grands arbres, insiste l\u2019\u00e9lue. Ce principe de for\u00eats urbaines vient plut\u00f4t de Tokyo (Japon), avec l\u2019id\u00e9e de cr\u00e9er des \u00eelots verts de proximit\u00e9 dans les quartiers qui m\u2019a beaucoup inspir\u00e9e. \u00bb<\/p>\n<p class=\"paragraph text_align_left lp-f-body-02\">Une tentative de recr\u00e9er l\u2019\u00e9cosyst\u00e8me d\u2019une for\u00eat dans un environnement urbain qui serait, d\u2019apr\u00e8s la maire, d\u00e9sormais \u00ab utilis\u00e9e dans toutes les capitales du monde \u00bb. \u00ab Nous avons \u00e9t\u00e9 visionnaires \u00e0 Paris \u00bb, se f\u00e9licite Anne Hidalgo, qui y voit, entre autres, un outil \u00ab pour adapter la ville au d\u00e9r\u00e8glement climatique \u00bb. En \u00e9t\u00e9, la mairie assure m\u00eame qu\u2019il pourrait y avoir jusqu\u2019\u00e0 4 degr\u00e9s de diff\u00e9rence entre le c\u0153ur de la \u00ab for\u00eat \u00bb et ses abords.<\/p>\n<p><img decoding=\"async\" class=\"image \" loading=\"lazy\" src=\"https:\/\/www.europesays.com\/fr\/wp-content\/uploads\/2025\/12\/DVFP5FHI6BFV7CU7PPKUFU7NJ4.jpg\" alt=\"79 nouveaux arbres seront plant\u00e9s sur cet ancien rond-point, d\u00e9sormais semi-pi\u00e9tonnis\u00e9. Ville de Paris\" align=\"\" data-rubrique-principale=\"\" data-article-type=\"\" fetchpriority=\"auto\"\/>79 nouveaux arbres seront plant\u00e9s sur cet ancien rond-point, d\u00e9sormais semi-pi\u00e9tonnis\u00e9. Ville de Paris<\/p>\n<p class=\"paragraph text_align_left lp-f-body-02\">Reste les nombreuses critiques de ce concept, qui a d\u00e9j\u00e0 fait couler beaucoup d\u2019encre. \u00c0 commencer par l\u2019appellation de \u00ab for\u00eats urbaines \u00bb, jug\u00e9es \u00ab mensong\u00e8res \u00bb par certains. Dans l\u2019opposition et chez plusieurs sp\u00e9cialistes, on s\u2019inqui\u00e8te aussi de la survie de ces arbres, dont les chances de reprise ont tendance \u00e0 diminuer plus ils sont plant\u00e9s vieux.<\/p>\n<p class=\"paragraph text_align_left lp-f-body-02\">Ceux de la place du Colonel Fabien ont entre 10 et 30 ans pour les plus \u00e2g\u00e9s. \u00ab Ils s\u2019adaptent tr\u00e8s bien, ils sont travaill\u00e9s en p\u00e9pini\u00e8res pour \u00eatre transplant\u00e9s, veut rassurer Christophe Rosa, le directeur du service des espaces verts et de l\u2019environnement \u00e0 la Ville de Paris. Il y a toujours un peu de pertes mais le moins possible, voire pas du tout. \u00bb<\/p>\n<p>Une for\u00eat \u00e0 6,7 millions d\u2019euros<\/p>\n<p class=\"paragraph text_align_left lp-f-body-02\">Au printemps 2024, <a href=\"https:\/\/www.leparisien.fr\/paris-75\/ce-nest-pas-un-gadget-anne-hidalgo-inaugure-la-premiere-foret-urbaine-de-paris-pres-de-montparnasse-13-06-2024-C5Z6LQC2QNHHDOKATHNRDV7ODY.php\" target=\"_self\" rel=\"noopener\">la premi\u00e8re \u00ab for\u00eat urbaine \u00bb avait vu le jour place de Catalogne (XIVe)<\/a> avec 478 arbres plant\u00e9s, sur un rond-point semi-pi\u00e9tonnis\u00e9. Une autre de 150 arbres a \u00e9galement pouss\u00e9 en juin dernier<a href=\"https:\/\/www.leparisien.fr\/paris-75\/un-nouveau-paysage-a-paris-les-premiers-arbres-de-la-foret-urbaine-de-lhotel-de-ville-sont-plantes-17-01-2025-B77EES63QBG3THYOAYK5KUVYVY.php\" target=\"_self\" rel=\"noopener\"> sur le parvis de l\u2019H\u00f4tel de Ville.<\/a><\/p>\n<p class=\"paragraph text_align_left lp-f-body-02\">Initialement, deux projets avaient aussi \u00e9t\u00e9 envisag\u00e9s place de l\u2019Op\u00e9ra (IXe) et place Henri Fresnay (XIIe), \u00e0 deux pas de la gare de Lyon. Des plantations finalement abandonn\u00e9es, <a href=\"https:\/\/www.leparisien.fr\/paris-75\/forets-urbaines-lequation-insoluble-de-la-mairie-de-paris-25-07-2022-CNBF7BLEX5EIFG4FDLKC4BNS64.php\" target=\"_self\" rel=\"noopener\">\u00e0 cause de contraintes techniques.<\/a><\/p>\n<p class=\"paragraph text_align_left lp-f-body-02\">Deux autres sites ont \u00e9t\u00e9 trouv\u00e9s en remplacement : le bois de Charonne (XXe) et ses 2 000 arbres, inaugur\u00e9 au printemps dernier le long de la petite ceinture, et la place du Colonel Fabien. Une quatri\u00e8me \u00ab for\u00eat urbaine \u00bb \u00e0 6,7 millions d\u2019euros, qui devrait \u00eatre achev\u00e9e d\u2019ici le printemps, avec la reconfiguration des cheminements cyclistes et pi\u00e9tons sur l\u2019ensemble de la place.<\/p>\n<p class=\"paragraph text_align_left lp-f-body-02\">Reste \u00e0 savoir si le chantier sera termin\u00e9 avant les<a href=\"https:\/\/www.leparisien.fr\/elections\/municipales\/municipales-paris\/\" target=\"_self\" rel=\"noopener\"> \u00e9lections municipales de mars prochain<\/a>. Le cas \u00e9ch\u00e9ant, Anne Hidalgo &#8211; qui n\u2019est pas candidate \u00e0 un troisi\u00e8me mandat &#8211; devra sans doute laisser \u00e0 son successeur le soin de couper le ruban rouge.<\/p>\n","protected":false},"excerpt":{"rendered":"C\u2019\u00e9tait l\u2019une de ses promesses de campagne embl\u00e9matiques : planter 4 \u00ab for\u00eats urbaines \u00bb \u00e0 Paris. Alors&hellip;\n","protected":false},"author":2,"featured_media":580007,"comment_status":"","ping_status":"","sticky":false,"template":"","format":"standard","meta":{"footnotes":""},"categories":[1888],"tags":[11,1777,674,1011,27,3746,1944,12,626,25],"class_list":{"0":"post-580006","1":"post","2":"type-post","3":"status-publish","4":"format-standard","5":"has-post-thumbnail","7":"category-paris","8":"tag-actualites","9":"tag-eu","10":"tag-europe","11":"tag-fr","12":"tag-france","13":"tag-futurs","14":"tag-ma-ville","15":"tag-news","16":"tag-paris","17":"tag-republique-francaise"},"share_on_mastodon":{"url":"https:\/\/pubeurope.com\/@fr\/115667377823371408","error":""},"_links":{"self":[{"href":"https:\/\/www.europesays.com\/fr\/wp-json\/wp\/v2\/posts\/580006","targetHints":{"allow":["GET"]}}],"collection":[{"href":"https:\/\/www.europesays.com\/fr\/wp-json\/wp\/v2\/posts"}],"about":[{"href":"https:\/\/www.europesays.com\/fr\/wp-json\/wp\/v2\/types\/post"}],"author":[{"embeddable":true,"href":"https:\/\/www.europesays.com\/fr\/wp-json\/wp\/v2\/users\/2"}],"replies":[{"embeddable":true,"href":"https:\/\/www.europesays.com\/fr\/wp-json\/wp\/v2\/comments?post=580006"}],"version-history":[{"count":0,"href":"https:\/\/www.europesays.com\/fr\/wp-json\/wp\/v2\/posts\/580006\/revisions"}],"wp:featuredmedia":[{"embeddable":true,"href":"https:\/\/www.europesays.com\/fr\/wp-json\/wp\/v2\/media\/580007"}],"wp:attachment":[{"href":"https:\/\/www.europesays.com\/fr\/wp-json\/wp\/v2\/media?parent=580006"}],"wp:term":[{"taxonomy":"category","embeddable":true,"href":"https:\/\/www.europesays.com\/fr\/wp-json\/wp\/v2\/categories?post=580006"},{"taxonomy":"post_tag","embeddable":true,"href":"https:\/\/www.europesays.com\/fr\/wp-json\/wp\/v2\/tags?post=580006"}],"curies":[{"name":"wp","href":"https:\/\/api.w.org\/{rel}","templated":true}]}}