{"id":580016,"date":"2025-12-05T14:18:15","date_gmt":"2025-12-05T14:18:15","guid":{"rendered":"https:\/\/www.europesays.com\/fr\/580016\/"},"modified":"2025-12-05T14:18:15","modified_gmt":"2025-12-05T14:18:15","slug":"des-questions-de-cooperation-armeno-britannique-dans-le-secteur-de-la-defense-furent-discutes-a-yerevan-entre-representants-de-larmenie-et-du-royaume-uni","status":"publish","type":"post","link":"https:\/\/www.europesays.com\/fr\/580016\/","title":{"rendered":"Des questions de coop\u00e9ration arm\u00e9no-britannique dans le secteur de la d\u00e9fense furent discut\u00e9s \u00e0 Yerevan entre repr\u00e9sentants de l\u2019Arm\u00e9nie et du Royaume-Uni"},"content":{"rendered":"<p>Le 5 d\u00e9cembre, le ministre de la D\u00e9fense de la R\u00e9publique d\u2019Arm\u00e9nie, Suren Papikyan, a re\u00e7u le ministre d\u2019\u00c9tat \u00e0 la D\u00e9fense du Royaume-Uni, Lord Vernon Rodney Coaker, et le premier attach\u00e9 de d\u00e9fense r\u00e9sident britannique en Arm\u00e9nie, le commandant Thomas Shorland Ball, au sein du complexe administratif du minist\u00e8re arm\u00e9nien de la D\u00e9fense.<\/p>\n<p>\u00c9taient \u00e9galement pr\u00e9sents \u00e0 cette r\u00e9union l\u2019ambassadeur d\u2019Arm\u00e9nie au Royaume-Uni, Varujan Nersesyan, et l\u2019ambassadrice extraordinaire et pl\u00e9nipotentiaire du Royaume-Uni en Arm\u00e9nie, Alexandra Cole.<\/p>\n<p>Les questions relatives \u00e0 la coop\u00e9ration arm\u00e9no-britannique dans le secteur de la d\u00e9fense ont \u00e9t\u00e9 abord\u00e9es lors de cette r\u00e9union.<\/p>\n<p>Les parties ont salu\u00e9 le niveau actuel de coop\u00e9ration et ont exprim\u00e9 leur volont\u00e9 de la d\u00e9velopper. Les deux parties ont soulign\u00e9 l\u2019importance de la nomination d\u2019attach\u00e9s r\u00e9sidents en R\u00e9publique d\u2019Arm\u00e9nie et au Royaume-Uni, notant que cette mesure contribuera \u00e0 renforcer la coop\u00e9ration bilat\u00e9rale en mati\u00e8re de d\u00e9fense.<\/p>\n<p>Plusieurs questions relatives \u00e0 la s\u00e9curit\u00e9 internationale et r\u00e9gionale ont \u00e9galement \u00e9t\u00e9 abord\u00e9es.<\/p>\n<p>\u00a0<\/p>\n<p>Krikor Amirzayan<\/p>\n","protected":false},"excerpt":{"rendered":"Le 5 d\u00e9cembre, le ministre de la D\u00e9fense de la R\u00e9publique d\u2019Arm\u00e9nie, Suren Papikyan, a re\u00e7u le ministre&hellip;\n","protected":false},"author":2,"featured_media":580017,"comment_status":"","ping_status":"","sticky":false,"template":"","format":"standard","meta":{"footnotes":""},"categories":[1588],"tags":[11,5950,554,312,1777,674,5072,12,473,1853,1851,1850,1852],"class_list":{"0":"post-580016","1":"post","2":"type-post","3":"status-publish","4":"format-standard","5":"has-post-thumbnail","7":"category-royaume-uni","8":"tag-actualites","9":"tag-armenie","10":"tag-defense","11":"tag-diplomatie","12":"tag-eu","13":"tag-europe","14":"tag-grande-bretagne","15":"tag-news","16":"tag-royaume-uni","17":"tag-royaume-uni-de-grande-bretagne-et-dirlande-du-nord","18":"tag-uk","19":"tag-united-kingdom","20":"tag-united-kingdom-of-great-britain-and-northern-ireland"},"share_on_mastodon":{"url":"https:\/\/pubeurope.com\/@fr\/115667396654897014","error":""},"_links":{"self":[{"href":"https:\/\/www.europesays.com\/fr\/wp-json\/wp\/v2\/posts\/580016","targetHints":{"allow":["GET"]}}],"collection":[{"href":"https:\/\/www.europesays.com\/fr\/wp-json\/wp\/v2\/posts"}],"about":[{"href":"https:\/\/www.europesays.com\/fr\/wp-json\/wp\/v2\/types\/post"}],"author":[{"embeddable":true,"href":"https:\/\/www.europesays.com\/fr\/wp-json\/wp\/v2\/users\/2"}],"replies":[{"embeddable":true,"href":"https:\/\/www.europesays.com\/fr\/wp-json\/wp\/v2\/comments?post=580016"}],"version-history":[{"count":0,"href":"https:\/\/www.europesays.com\/fr\/wp-json\/wp\/v2\/posts\/580016\/revisions"}],"wp:featuredmedia":[{"embeddable":true,"href":"https:\/\/www.europesays.com\/fr\/wp-json\/wp\/v2\/media\/580017"}],"wp:attachment":[{"href":"https:\/\/www.europesays.com\/fr\/wp-json\/wp\/v2\/media?parent=580016"}],"wp:term":[{"taxonomy":"category","embeddable":true,"href":"https:\/\/www.europesays.com\/fr\/wp-json\/wp\/v2\/categories?post=580016"},{"taxonomy":"post_tag","embeddable":true,"href":"https:\/\/www.europesays.com\/fr\/wp-json\/wp\/v2\/tags?post=580016"}],"curies":[{"name":"wp","href":"https:\/\/api.w.org\/{rel}","templated":true}]}}