{"id":580018,"date":"2025-12-05T14:19:12","date_gmt":"2025-12-05T14:19:12","guid":{"rendered":"https:\/\/www.europesays.com\/fr\/580018\/"},"modified":"2025-12-05T14:19:12","modified_gmt":"2025-12-05T14:19:12","slug":"le-bundestag-approuve-un-service-militaire-base-sur-le-volontariat-liberation","status":"publish","type":"post","link":"https:\/\/www.europesays.com\/fr\/580018\/","title":{"rendered":"le Bundestag approuve un service militaire bas\u00e9 sur le volontariat \u2013 Lib\u00e9ration"},"content":{"rendered":"<p class=\"sc-cPiKLX AiZTS text-element\">L\u2019Allemagne, <a href=\"https:\/\/www.liberation.fr\/international\/service-national-emmanuel-macron-cherche-des-jeunes-pour-epauler-larmee-20251127_VFU27MY5LJDV5GXAPEVKWYMKHU\/\" target=\"_blank\" rel=\"noopener\" title=\"https:\/\/www.liberation.fr\/international\/service-national-emmanuel-macron-cherche-des-jeunes-pour-epauler-larmee-20251127_VFU27MY5LJDV5GXAPEVKWYMKHU\/\">comme la France<\/a>, s\u2019engage sur la voie d\u2019une mobilisation militaire accrue pour les jeunes adultes. Le Bundestag (l\u2019Assembl\u00e9e nationale) a donn\u00e9 son feu vert ce vendredi 5 d\u00e9cembre \u00e0 l\u2019adoption du service militaire bas\u00e9 sur le volontariat, <a href=\"https:\/\/www.liberation.fr\/international\/europe\/service-militaire-en-allemagne-pour-gonfler-ses-effectifs-larmee-envisage-de-tirer-au-sort-les-futurs-appeles-20251016_KNN4SKNOWRDWPEVAP4MSOW6GME\/\" target=\"_blank\" rel=\"noopener\" title=\"https:\/\/www.liberation.fr\/international\/europe\/service-militaire-en-allemagne-pour-gonfler-ses-effectifs-larmee-envisage-de-tirer-au-sort-les-futurs-appeles-20251016_KNN4SKNOWRDWPEVAP4MSOW6GME\/\">au terme d\u2019\u00e2pres d\u00e9bats au sein de la coalition<\/a> sur le moyen de renforcer une arm\u00e9e en manque de recrues. Les conservateurs (CDU-CSU) du chancelier, Friedrich Merz, souhaitaient au d\u00e9part r\u00e9introduire une forme de conscription obligatoire pour les hommes, par tirage au sort. Ils s\u2019\u00e9taient heurt\u00e9s \u00e0 l\u2019opposition du parti alli\u00e9 social-d\u00e9mocrate, de tradition plus pacifiste.<\/p>\n<p class=\"sc-cPiKLX AiZTS text-element\">La coalition a fini par s\u2019entendre sur une version non-coercitive. Le nouveau texte pr\u00e9voit que tous les hommes de 18 ans pourront demander \u00e0 faire un service militaire d\u2019une dur\u00e9e minimum de six mois. Ils devront auparavant passer un examen m\u00e9dical et remplir un questionnaire sur leur disponibilit\u00e9 et leur volont\u00e9 de servir dans l\u2019arm\u00e9e. Les femmes pourront aussi s\u2019inscrire sur la base du volontariat. Ces dispositions seront introduites \u00e0 partir de mi-2027, a pr\u00e9cis\u00e9 un communiqu\u00e9 du minist\u00e8re de la D\u00e9fense, sous r\u00e9serve de l\u2019acceptation par le Bundesrat, la chambre haute du parlement allemand.<\/p>\n<p class=\"sc-cPiKLX AiZTS text-element\">La r\u00e9forme doit permettre d\u2019augmenter le nombre de volontaires, alors que le chancelier Friedrich Merz a, selon ses termes, pour ambition de b\u00e2tir l\u2019arm\u00e9e conventionnelle la \u00abplus puissante d\u2019Europe\u00bb <a href=\"https:\/\/www.liberation.fr\/international\/europe\/pour-sa-defense-et-son-economie-lallemagne-sort-la-grosse-artillerie-20250304_CZ3W3RZWJZE65LP2S23VCOGUY4\/\" target=\"_blank\" rel=\"noopener\" title=\"https:\/\/www.liberation.fr\/international\/europe\/pour-sa-defense-et-son-economie-lallemagne-sort-la-grosse-artillerie-20250304_CZ3W3RZWJZE65LP2S23VCOGUY4\/\">pour contrer la menace russe<\/a> et compenser le d\u00e9sengagement du bouclier am\u00e9ricain. Le service militaire devrait rester volontaire \u00absi tout se passe aussi bien que nous l\u2019esp\u00e9rons\u00bb, a d\u00e9clar\u00e9 lors des d\u00e9bats le ministre de la D\u00e9fense, Boris Pistorius. Mais un \u00e9largissement du dispositif pourrait \u00eatre n\u00e9cessaire si la situation s\u00e9curitaire \u00abvenait \u00e0 se d\u00e9t\u00e9riorer\u00bb et que les objectifs en mati\u00e8re d\u2019effectifs militaires n\u2019\u00e9taient pas atteints, a-t-il ajout\u00e9. Cette \u00e9tape n\u00e9cessiterait cependant un nouveau vote du Bundestag.<\/p>\n<p class=\"sc-cPiKLX AiZTS text-element\">Le parti d\u2019extr\u00eame droite AfD, les Verts et le parti de gauche Die Linke ont vot\u00e9 ce vendredi contre la r\u00e9forme. \u00abCette loi n\u2019offre aucune garantie\u00bb que les soldats en service resteront sur le sol national, a d\u00e9nonc\u00e9 Desiree Becker, d\u00e9put\u00e9e de Die Linke. Les objectifs de l\u2019Otan pr\u00e9voient que l\u2019Allemagne porte ses effectifs militaires \u00e0 460 000 soldats, dont 260 000 militaires d\u2019active et 200 000 r\u00e9servistes, contre respectivement 182 000 et 49 000 aujourd\u2019hui. Pour moderniser l\u2019arm\u00e9e allemande, mal \u00e9quip\u00e9e et en sous-effectif depuis des d\u00e9cennies, les d\u00e9put\u00e9s avaient d\u00e9j\u00e0 adopt\u00e9 en mars un plan de renforcement des d\u00e9penses militaires dans les ann\u00e9es \u00e0 venir.<\/p>\n","protected":false},"excerpt":{"rendered":"L\u2019Allemagne, comme la France, s\u2019engage sur la voie d\u2019une mobilisation militaire accrue pour les jeunes adultes. Le Bundestag&hellip;\n","protected":false},"author":2,"featured_media":580019,"comment_status":"","ping_status":"","sticky":false,"template":"","format":"standard","meta":{"footnotes":""},"categories":[1587],"tags":[11,672,1804,1805,1803,1777,674,1801,12,1802,29810],"class_list":{"0":"post-580018","1":"post","2":"type-post","3":"status-publish","4":"format-standard","5":"has-post-thumbnail","7":"category-allemagne","8":"tag-actualites","9":"tag-allemagne","10":"tag-bundesrepublik-deutschland","11":"tag-de","12":"tag-deutschland","13":"tag-eu","14":"tag-europe","15":"tag-germany","16":"tag-news","17":"tag-republique-federale-dallemagne","18":"tag-service-militaire"},"share_on_mastodon":{"url":"https:\/\/pubeurope.com\/@fr\/115667400506764437","error":""},"_links":{"self":[{"href":"https:\/\/www.europesays.com\/fr\/wp-json\/wp\/v2\/posts\/580018","targetHints":{"allow":["GET"]}}],"collection":[{"href":"https:\/\/www.europesays.com\/fr\/wp-json\/wp\/v2\/posts"}],"about":[{"href":"https:\/\/www.europesays.com\/fr\/wp-json\/wp\/v2\/types\/post"}],"author":[{"embeddable":true,"href":"https:\/\/www.europesays.com\/fr\/wp-json\/wp\/v2\/users\/2"}],"replies":[{"embeddable":true,"href":"https:\/\/www.europesays.com\/fr\/wp-json\/wp\/v2\/comments?post=580018"}],"version-history":[{"count":0,"href":"https:\/\/www.europesays.com\/fr\/wp-json\/wp\/v2\/posts\/580018\/revisions"}],"wp:featuredmedia":[{"embeddable":true,"href":"https:\/\/www.europesays.com\/fr\/wp-json\/wp\/v2\/media\/580019"}],"wp:attachment":[{"href":"https:\/\/www.europesays.com\/fr\/wp-json\/wp\/v2\/media?parent=580018"}],"wp:term":[{"taxonomy":"category","embeddable":true,"href":"https:\/\/www.europesays.com\/fr\/wp-json\/wp\/v2\/categories?post=580018"},{"taxonomy":"post_tag","embeddable":true,"href":"https:\/\/www.europesays.com\/fr\/wp-json\/wp\/v2\/tags?post=580018"}],"curies":[{"name":"wp","href":"https:\/\/api.w.org\/{rel}","templated":true}]}}