{"id":580020,"date":"2025-12-05T14:20:16","date_gmt":"2025-12-05T14:20:16","guid":{"rendered":"https:\/\/www.europesays.com\/fr\/580020\/"},"modified":"2025-12-05T14:20:16","modified_gmt":"2025-12-05T14:20:16","slug":"comptez-37-000-euros-en-france","status":"publish","type":"post","link":"https:\/\/www.europesays.com\/fr\/580020\/","title":{"rendered":"comptez 37.000 euros en France"},"content":{"rendered":"<p>\n    Avec la Model 3 Standard, Tesla casse ses prix en Europe pour contrer la mont\u00e9e en puissance de BYD, Volkswagen ou Renault sur le march\u00e9 des \u00e9lectriques. Propos\u00e9e d\u00e8s 36 990 \u20ac en France, cette version all\u00e9g\u00e9e sacrifie quelques \u00e9quipements mais conserve un univers Tesla tr\u00e8s respectable.<\/p>\n<p class=\"fig-paragraph\">C\u2019est une d\u00e9cision majeure que\u00a0<a href=\"https:\/\/video.lefigaro.fr\/figaro\/economie\/les-ventes-de-tesla-explosent-en-norvege-20251201\" target=\"_blank\" data-fig-type=\"Video\" rel=\"noopener\" data-gtm-custom-categorie=\"navigation\" data-gtm-custom-action=\"crossclick\" data-gtm-custom-label=\"Contextuel\" data-gtm-event=\"customEventSPE\" data-fig-domain=\"LEFIGARO\">Tesla<\/a>\u00a0a annonc\u00e9e ce vendredi 5 d\u00e9cembre\u00a0: l\u2019arriv\u00e9e de la\u00a0<a href=\"http:\/\/www.lefigaro.fr\/societes\/tesla-lance-des-versions-plus-accessibles-des-model-3-et-model-y-pour-relancer-ses-ventes-wall-street-decue-20251007\" target=\"_blank\" data-fig-type=\"NewsFlash\" rel=\"noopener\" data-gtm-custom-categorie=\"navigation\" data-gtm-custom-action=\"crossclick\" data-gtm-custom-label=\"Contextuel\" data-gtm-event=\"customEventSPE\" data-fig-domain=\"LEFIGARO\">Model 3<\/a>\u00a0Standard sur le Vieux Continent. Commercialis\u00e9e depuis octobre outre-Atlantique, cette d\u00e9clinaison plus accessible d\u00e9barque enfin en Europe avec un objectif clair\u00a0: stopper l\u2019h\u00e9morragie des ventes face aux acteurs chinois et europ\u00e9ens.<\/p>\n<p class=\"fig-paragraph\">Le tarif fran\u00e7ais s\u2019affiche \u00e0 36.990 \u20ac. Nos voisins allemands pourront l\u2019acqu\u00e9rir pour 37.970 \u20ac, tandis que la Norv\u00e8ge et la Su\u00e8de proposent des prix convertis respectivement \u00e0 environ 28.000 euros en Norv\u00e8ge et 41.000 euros en Su\u00e8de.<\/p>\n<p>                                            <a class=\"fig-a11y-skip\" href=\"#fig-a11y-skip-main-inarticle\" data-module=\"a11y-skip\" data-context=\"was @visible\"><br \/>\n    Passer la publicit\u00e9<br \/>\n<\/a>            <\/p>\n<p>                                            Une r\u00e9action \u00e0 la concurrence<\/p>\n<p class=\"fig-paragraph\">Le timing de ce lancement n\u2019a rien d\u2019anodin. Tesla traverse une p\u00e9riode d\u00e9licate en Europe o\u00f9 ses immatriculations s\u2019effondrent malgr\u00e9 un Model Y r\u00e9cemment modernis\u00e9. Les acheteurs europ\u00e9ens se d\u00e9tournent massivement vers d\u2019autres options, notamment la\u00a0<a href=\"https:\/\/www.lefigaro.fr\/automobile\/volkswagen-id-3-pro-s-un-nouveau-depart-20231111\" target=\"_blank\" data-fig-type=\"Article\" rel=\"noopener\" data-gtm-custom-categorie=\"navigation\" data-gtm-custom-action=\"crossclick\" data-gtm-custom-label=\"Contextuel\" data-gtm-event=\"customEventSPE\" data-fig-domain=\"LEFIGARO\">Volkswagen ID.3<\/a>\u00a0et surtout le BYD Atto 3 du g\u00e9ant chinois, ou encore en France\u00a0: la\u00a0<a href=\"http:\/\/www.lefigaro.fr\/automobile\/r4-r5-twingo-la-methode-et-les-secrets-de-renault-pour-rendre-la-voiture-electrique-cool-et-branchee-20251119\" target=\"_blank\" data-fig-type=\"Article\" rel=\"noopener\" data-gtm-custom-categorie=\"navigation\" data-gtm-custom-action=\"crossclick\" data-gtm-custom-label=\"Contextuel\" data-gtm-event=\"customEventSPE\" data-fig-domain=\"LEFIGARO\">R5<\/a>\u00a0de Renault.<\/p>\n<p class=\"fig-paragraph\">Le constructeur texan veut donc prot\u00e9ger ses parts de march\u00e9 face aux fabricants europ\u00e9ens et chinois qui inondent l\u2019Europe de v\u00e9hicules \u00e9lectriques toujours moins chers, certains descendants sous les 26.000 euros.<\/p>\n<p class=\"fig-paragraph\">Pour atteindre un tel prix,\u00a0<a href=\"http:\/\/www.lefigaro.fr\/societes\/en-norvege-tesla-bat-son-record-annuel-de-vente-20251201\" target=\"_blank\" data-fig-type=\"NewsFlash\" rel=\"noopener\" data-gtm-custom-categorie=\"navigation\" data-gtm-custom-action=\"crossclick\" data-gtm-custom-label=\"Contextuel\" data-gtm-event=\"customEventSPE\" data-fig-domain=\"LEFIGARO\">Tesla<\/a>\u00a0a d\u00fb proc\u00e9der \u00e0 quelques ajustements. L\u2019habitacle abandonne le similicuir pour du tissu sur les si\u00e8ges, l\u2019\u00e9cran passager arri\u00e8re dispara\u00eet ainsi que le bandeau LED d\u2019ambiance, le syst\u00e8me audio perd deux enceintes pour n\u2019en conserver que sept, et les amortisseurs deviennent passifs. L\u2019ext\u00e9rieur se simplifie \u00e9galement\u00a0: trois teintes seulement (blanc, noir, gris), des roues de 18 pouces et pas de personnalisation int\u00e9rieure possible.<\/p>\n<p>                                            L\u2019univers Tesla conserv\u00e9<\/p>\n<p class=\"fig-paragraph\">Pour autant le v\u00e9hicule offre tout de m\u00eame, l\u2019univers classique de Tesla, plus une autonomie de 480 km, 6,2 secondes pour passer de 0 \u00e0 100 km\/h et une vitesse maximum de 201 km\/h. Si vous \u00eates s\u00e9duit, sachez que les commandes sont d\u00e9j\u00e0 accessibles en ligne. Les premi\u00e8res cl\u00e9s seront remises en f\u00e9vrier 2026.<\/p>\n<p class=\"fig-paragraph\">Cette nouvelle venue s\u2019inscrit dans un repositionnement plus global orchestr\u00e9 par\u00a0<a href=\"http:\/\/www.lefigaro.fr\/societes\/tesla-les-defis-qui-attendent-elon-musk-pour-decrocher-son-pactole-de-1000-milliards-de-dollars-20251107\" target=\"_blank\" data-fig-type=\"Article\" rel=\"noopener\" data-gtm-custom-categorie=\"navigation\" data-gtm-custom-action=\"crossclick\" data-gtm-custom-label=\"Contextuel\" data-gtm-event=\"customEventSPE\" data-fig-domain=\"LEFIGARO\">Elon Musk<\/a>. Le patron de Tesla a enterr\u00e9 l\u2019an dernier son projet de v\u00e9hicule \u00e9lectrique in\u00e9dit \u00e0 25 000 dollars pour privil\u00e9gier des versions all\u00e9g\u00e9es de ses mod\u00e8les actuels. Certes, Musk r\u00e9oriente Tesla vers l\u2019intelligence artificielle avec ses ambitions de robotaxis et d\u2019humano\u00efdes, mais ces d\u00e9clinaisons tarifaires agressives restent indispensables pour maintenir les revenus \u00e0 flot \u00e0 court terme.<\/p>\n","protected":false},"excerpt":{"rendered":"Avec la Model 3 Standard, Tesla casse ses prix en Europe pour contrer la mont\u00e9e en puissance de&hellip;\n","protected":false},"author":2,"featured_media":580021,"comment_status":"","ping_status":"","sticky":false,"template":"","format":"standard","meta":{"footnotes":""},"categories":[1586],"tags":[11,1777,674,1011,27,23941,12,25,320,321],"class_list":{"0":"post-580020","1":"post","2":"type-post","3":"status-publish","4":"format-standard","5":"has-post-thumbnail","7":"category-europe","8":"tag-actualites","9":"tag-eu","10":"tag-europe","11":"tag-fr","12":"tag-france","13":"tag-low-cost","14":"tag-news","15":"tag-republique-francaise","16":"tag-tesla","17":"tag-voiture-electrique"},"share_on_mastodon":{"url":"https:\/\/pubeurope.com\/@fr\/115667404449105176","error":""},"_links":{"self":[{"href":"https:\/\/www.europesays.com\/fr\/wp-json\/wp\/v2\/posts\/580020","targetHints":{"allow":["GET"]}}],"collection":[{"href":"https:\/\/www.europesays.com\/fr\/wp-json\/wp\/v2\/posts"}],"about":[{"href":"https:\/\/www.europesays.com\/fr\/wp-json\/wp\/v2\/types\/post"}],"author":[{"embeddable":true,"href":"https:\/\/www.europesays.com\/fr\/wp-json\/wp\/v2\/users\/2"}],"replies":[{"embeddable":true,"href":"https:\/\/www.europesays.com\/fr\/wp-json\/wp\/v2\/comments?post=580020"}],"version-history":[{"count":0,"href":"https:\/\/www.europesays.com\/fr\/wp-json\/wp\/v2\/posts\/580020\/revisions"}],"wp:featuredmedia":[{"embeddable":true,"href":"https:\/\/www.europesays.com\/fr\/wp-json\/wp\/v2\/media\/580021"}],"wp:attachment":[{"href":"https:\/\/www.europesays.com\/fr\/wp-json\/wp\/v2\/media?parent=580020"}],"wp:term":[{"taxonomy":"category","embeddable":true,"href":"https:\/\/www.europesays.com\/fr\/wp-json\/wp\/v2\/categories?post=580020"},{"taxonomy":"post_tag","embeddable":true,"href":"https:\/\/www.europesays.com\/fr\/wp-json\/wp\/v2\/tags?post=580020"}],"curies":[{"name":"wp","href":"https:\/\/api.w.org\/{rel}","templated":true}]}}