{"id":580028,"date":"2025-12-05T14:24:23","date_gmt":"2025-12-05T14:24:23","guid":{"rendered":"https:\/\/www.europesays.com\/fr\/580028\/"},"modified":"2025-12-05T14:24:23","modified_gmt":"2025-12-05T14:24:23","slug":"une-tempete-va-secouer-la-france-ce-week-end-et-meteo-france-la-nommee-davide-ce-quelle-nous-reserve","status":"publish","type":"post","link":"https:\/\/www.europesays.com\/fr\/580028\/","title":{"rendered":"Une temp\u00eate va secouer la France ce week-end et M\u00e9t\u00e9o France l&rsquo;a nomm\u00e9e Davide : ce qu&rsquo;elle nous r\u00e9serve"},"content":{"rendered":"<p>                    Par<br \/>\n        <strong><br \/>\n            <a href=\"https:\/\/actu.fr\/auteur\/briac-trebert\" title=\"Consulter tous les articles de Briac Tr\u00e9bert\" target=\"_blank\" rel=\"noopener\">Briac Tr\u00e9bert<\/a><br \/>\n                    <\/strong><\/p>\n<p>        Publi\u00e9 le<\/p>\n<p>            5 d\u00e9c. 2025 \u00e0 15h18        <\/p>\n<p>Du vent violent, beaucoup de pluie, et de tr\u00e8s fortes vagues. Les rafales de secteur sud-ouest vont se renforcer sur le golfe de Gascogne et la Manche, ce vendredi 5 d\u00e9cembre 2025. \u00ab Une attention particuli\u00e8re est \u00e0 porter pour les d\u00e9partements de l\u2019ouest Manche, de l\u2019ouest des C\u00f4tes-d\u2019Armor et du Finist\u00e8re \u00bb, alerte d\u2019ores et d\u00e9j\u00e0 M\u00e9t\u00e9o France.<\/p>\n<p class=\" wall-content\">L\u2019organisme <a href=\"https:\/\/actu.fr\/meteo\/\" target=\"_blank\" rel=\"noopener\">m\u00e9t\u00e9o<\/a> multiplie <a href=\"https:\/\/actu.fr\/meteo\/tempete-davide-rafales-a-110-km-h-violentes-vagues-un-coup-de-vent-frappe-la-france-vendredi-12-departements-en-vigilance_63532128.html\" target=\"_blank\" rel=\"noopener\">les vigilances<\/a> pour vent, mais aussi crues et vagues-submersion, dans un contexte de <a href=\"https:\/\/actu.fr\/tag\/grandes-marees\" target=\"_blank\" rel=\"noopener\">grandes mar\u00e9es<\/a>, \u00e0 partir de ce vendredi 5 d\u00e9cembre et jusqu\u2019au dimanche 7 d\u00e9cembre 2025. Et lundi 8 d\u00e9cembre, le vent sensible sera encore au rendez-vous. Mais \u00e9galement la pluie, dans l\u2019ouest, avec des vigilances pluie-inondation \u00e0 craindre.\u00a0<\/p>\n<p class=\" wall-content\">En cause\u00a0: <strong>la temp\u00eate Davide<\/strong>, situ\u00e9e au nord-ouest imm\u00e9diat de l\u2019Irlande et nomm\u00e9e ce vendredi, \u00ab et qui va g\u00e9n\u00e9rer notamment une houle de parfois 10 m\u00e8tres au large \u00bb, d\u00e9taille, sur actu.fr, le m\u00e9t\u00e9orologue Yann Amice. Et donc, de fortes vagues sont attendues sur les c\u00f4tes.\u00a0<\/p>\n<blockquote class=\"ac-article-quote wall-content\">\n<p>Ces fortes vagues sont associ\u00e9es \u00e0 une sur\u00e9l\u00e9vation temporaire du niveau de la mer (surcote) en cette p\u00e9riode de forts coefficients de mar\u00e9e (98 le matin et 97 le soir ce week-end), la conjonction de niveaux marins \u00e9lev\u00e9s et de fortes vagues risque d&rsquo;engendrer des submersions sur les zones expos\u00e9es ou vuln\u00e9rables du littoral.\n<\/p>\n<p>    <strong>M\u00e9t\u00e9o France<\/strong>\n            <\/p><\/blockquote>\n<p>Plusieurs perturbations vont traverser la France d\u2019ouest en est\u00a0<\/p>\n<p class=\" wall-content\">Cette perturbation va progresser lentement ce vendredi apr\u00e8s-midi sur la Bretagne et la Vend\u00e9e. Elle donnera des pluies mod\u00e9r\u00e9es et du vent sensible dans les terres, et de 100 \u00e0 110 km\/h sur les c\u00f4tes. Un vent qui va se maintenir au nord de la Loire une grande partie du week-end et m\u00eame en d\u00e9but de semaine prochaine. Car ce flux d\u2019ouest \u00e0 sud-ouest, humide et venteux, est bien install\u00e9.<\/p>\n<p><img decoding=\"async\" loading=\"lazy\" class=\"size-medium_large\" src=\"https:\/\/www.europesays.com\/fr\/wp-content\/uploads\/2025\/12\/animcxv2.gif\" width=\"768\" height=\"768\"\/>Les rafales de vent pr\u00e9vues en France jusqu\u2019au mardi 9 d\u00e9cembre 2025 d\u2019apr\u00e8s le mod\u00e8le m\u00e9t\u00e9o Arp\u00e8ge de M\u00e9t\u00e9o France.<\/p>\n<p class=\" wall-content\">\u00ab Les diff\u00e9rents mod\u00e8les m\u00e9t\u00e9o num\u00e9riques globaux (Ecmwf, Gfs) et r\u00e9gionaux (Ukmo, Icon, Arpege) convergent vers une situation hautement dynamique, avec un courant-jet (des vents en altitude) tr\u00e8s puissant qui se dirige d\u2019ouest en est, directement au-dessus du nord de la France et de la Manche \u00bb, explique Yann Amice.<\/p>\n<p class=\" wall-content\">C\u2019est une succession de thalwegs \u2013 des excroissances de d\u00e9pressions \u2013 qui vont ainsi s\u2019encha\u00eener jusqu\u2019au mercredi 10 d\u00e9cembre 2025, avec <strong>un vent souvent fort<\/strong> sur la moiti\u00e9 nord du pays et une mer agit\u00e9e \u00e0 tr\u00e8s agit\u00e9e sur l\u2019ensemble de la fa\u00e7ade Atlantique et de la Manche. Et beaucoup de pr\u00e9cipitations sur l\u2019ouest. Vent, pluie, vagues, pour plusieurs jours, donc.\u00a0<\/p>\n<p>Votre r\u00e9gion, votre actu !<\/p>\n<p>Recevez chaque jour les infos qui comptent pour vous.<\/p>\n<p>\t<a href=\"https:\/\/actu.fr\/newsletter\" class=\"ac-btn ac-btn--corner ac-btn--medium ac-btn--blue800\" target=\"_blank\" rel=\"noopener\">S&rsquo;incrire<\/a><\/p>\n<blockquote class=\"ac-article-quote wall-content\">\n<p>Dimanche 7 d\u00e9cembre, de fortes vagues affecteront encore le littoral ouest et sud de la<br \/>\nBretagne, et un risque de vigilance \u00ab\u00a0vagues-submersion\u00a0\u00bb orange n&rsquo;est pas exclu.<br \/>\nDimanche apr\u00e8s-midi et soir, ainsi qu&rsquo;en soir\u00e9e du lundi 8 d\u00e9cembre, on ne peut pas exclure des vents temporairement violents sur la Bretagne, plut\u00f4t sur le littoral. La stationnarit\u00e9 et l&rsquo;intensit\u00e9 des pr\u00e9cipitations mardi 9 d\u00e9cembre am\u00e8ne aussi \u00e0 penser qu&rsquo;un passage en vigilance orange pour les cumuls de pluie sur la Bretagne, n&rsquo;est pas \u00e0 exclure.<\/p>\n<p>    <strong>M\u00e9t\u00e9o France dans ses pr\u00e9visions de ph\u00e9nom\u00e8nes dangereux <\/strong>\n            <\/p><\/blockquote>\n<p class=\" wall-content\"><img decoding=\"async\" loading=\"lazy\" class=\"size-medium_large\" src=\"https:\/\/www.europesays.com\/fr\/wp-content\/uploads\/2025\/12\/animhvw5.gif\" width=\"768\" height=\"768\"\/>Les cumuls de pluie anticip\u00e9s par le mod\u00e8le m\u00e9t\u00e9o Arp\u00e8ge jusqu\u2019au mardi 9 d\u00e9cembre 2025.<br \/>\n    <img   decoding=\"async\" loading=\"lazy\" src=\"https:\/\/www.europesays.com\/fr\/wp-content\/uploads\/2025\/12\/cumulpluiedecembre2025ok-960x640.jpeg\" alt=\"dddd\" width=\"960\" height=\"640\"\/><br \/>\n    Les cumuls de pluie anticip\u00e9s par les m\u00e9t\u00e9o de ce vendredi 5 d\u00e9cembre 2025 au mercredi 10 d\u00e9cembre 2025. (\u00a9WeatherNCo avec Meteologix)<\/p>\n<p>Des risques de pluies vergla\u00e7antes\u2026 avant un impressionnant redoux\u00a0<\/p>\n<p class=\" wall-content\">C\u2019est un week-end perturb\u00e9 qui s\u2019annonce avec beaucoup de pluie \u00e0 l\u2019ouest. Et un redoux en pr\u00e9vision, m\u00eame si en soir\u00e9e et nuit de ce vendredi \u00e0 samedi, des <strong>pluies temporairement vergla\u00e7antes<\/strong> pourront rendre les conditions de circulation d\u00e9licates <strong>pendant quelques heures<\/strong> dans le Massif central, notamment entre l\u2019Aveyron et la Loz\u00e8re, et entre le Cantal et la Haute-Loire, pr\u00e9cise l\u2019organisme m\u00e9t\u00e9o.\u00a0<\/p>\n<p>    <img   decoding=\"async\" loading=\"lazy\" src=\"https:\/\/www.europesays.com\/fr\/wp-content\/uploads\/2025\/12\/temperaturesdecembre2025-960x639.jpeg\" alt=\"ddddd\" width=\"960\" height=\"639\"\/><br \/>\n    L\u2019isotherme 0\u00b0C (l\u2019altitude minimale \u00e0 laquelle la temp\u00e9rature atteint la valeur de 0 degr\u00e9) va remonter tr\u00e8s haut partout sur l\u2019Hexagone, parfois jusqu\u2019\u00e0 3 200 m\u00e8tres d\u2019ici la fin du week-end ! (\u00a9WeatherNCo avec Meteologix)<\/p>\n<p class=\" wall-content\">D\u00e8s ce dimanche 7 d\u00e9cembre, c\u2019est une grande douceur qui va envahir le pays, avec parfois plus de 15\u00b0C au nord. L\u2019ambiance prendra m\u00eame des allures printani\u00e8res sur un tiers sud, sous un ciel l\u00e9g\u00e8rement voil\u00e9. Les temp\u00e9ratures pourront d\u00e9passer les 20\u00b0C au pied des Pyr\u00e9n\u00e9es, et aller jusqu\u2019\u00e0 18-19 \u00b0C ailleurs en Aquitaine.\u00a0<\/p>\n<p class=\" wall-content\">En montagne, apr\u00e8s les fortes chutes de <a href=\"https:\/\/actu.fr\/tag\/neige\" target=\"_blank\" rel=\"noopener\">neige<\/a> ces derniers jours, \u00e7a va donc fondre tr\u00e8s vite \u00e0 basse altitude et le risque d\u2019<a href=\"https:\/\/actu.fr\/tag\/avalanches\" target=\"_blank\" rel=\"noopener\">avalanches<\/a> sera fort sur les massifs. Une douceur parfois tr\u00e8s prononc\u00e9e, qui devrait se maintenir toute la semaine prochaine.<\/p>\n<p class=\" wall-content\">Personnalisez votre actualit\u00e9 en ajoutant vos villes et m\u00e9dias en favori avec <a href=\"https:\/\/moncompte.actu.fr\" title=\"D\u00e9couvez Mon Actu\" rel=\"nofollow noopener\" data-trk=\"{&quot;cta&quot;:{&quot;action&quot;:&quot;https:\\\/\\\/moncompte.actu.fr&quot;,&quot;category&quot;:&quot;mon compte&quot;,&quot;from&quot;:&quot;article footer&quot;,&quot;name&quot;:&quot;Mon actu&quot;,&quot;type&quot;:&quot;cta&quot;}}\" target=\"_blank\">Mon Actu<\/a>.<\/p>\n","protected":false},"excerpt":{"rendered":"Par Briac Tr\u00e9bert Publi\u00e9 le 5 d\u00e9c. 2025 \u00e0 15h18 Du vent violent, beaucoup de pluie, et de&hellip;\n","protected":false},"author":2,"featured_media":580029,"comment_status":"","ping_status":"","sticky":false,"template":"","format":"standard","meta":{"footnotes":""},"categories":[4],"tags":[11,9545,1011,27,2839,2487,2357,12,25],"class_list":{"0":"post-580028","1":"post","2":"type-post","3":"status-publish","4":"format-standard","5":"has-post-thumbnail","7":"category-france","8":"tag-actualites","9":"tag-avalanches","10":"tag-fr","11":"tag-france","12":"tag-inondations","13":"tag-meteo","14":"tag-meteo-france","15":"tag-news","16":"tag-republique-francaise"},"share_on_mastodon":{"url":"https:\/\/pubeurope.com\/@fr\/115667420839252938","error":""},"_links":{"self":[{"href":"https:\/\/www.europesays.com\/fr\/wp-json\/wp\/v2\/posts\/580028","targetHints":{"allow":["GET"]}}],"collection":[{"href":"https:\/\/www.europesays.com\/fr\/wp-json\/wp\/v2\/posts"}],"about":[{"href":"https:\/\/www.europesays.com\/fr\/wp-json\/wp\/v2\/types\/post"}],"author":[{"embeddable":true,"href":"https:\/\/www.europesays.com\/fr\/wp-json\/wp\/v2\/users\/2"}],"replies":[{"embeddable":true,"href":"https:\/\/www.europesays.com\/fr\/wp-json\/wp\/v2\/comments?post=580028"}],"version-history":[{"count":0,"href":"https:\/\/www.europesays.com\/fr\/wp-json\/wp\/v2\/posts\/580028\/revisions"}],"wp:featuredmedia":[{"embeddable":true,"href":"https:\/\/www.europesays.com\/fr\/wp-json\/wp\/v2\/media\/580029"}],"wp:attachment":[{"href":"https:\/\/www.europesays.com\/fr\/wp-json\/wp\/v2\/media?parent=580028"}],"wp:term":[{"taxonomy":"category","embeddable":true,"href":"https:\/\/www.europesays.com\/fr\/wp-json\/wp\/v2\/categories?post=580028"},{"taxonomy":"post_tag","embeddable":true,"href":"https:\/\/www.europesays.com\/fr\/wp-json\/wp\/v2\/tags?post=580028"}],"curies":[{"name":"wp","href":"https:\/\/api.w.org\/{rel}","templated":true}]}}