{"id":580038,"date":"2025-12-05T14:33:19","date_gmt":"2025-12-05T14:33:19","guid":{"rendered":"https:\/\/www.europesays.com\/fr\/580038\/"},"modified":"2025-12-05T14:33:19","modified_gmt":"2025-12-05T14:33:19","slug":"coup-de-tonnerre-un-pays-se-retire-du-tirage-de-la-coupe-du-monde","status":"publish","type":"post","link":"https:\/\/www.europesays.com\/fr\/580038\/","title":{"rendered":"Coup de tonnerre, un pays se retire du tirage de la Coupe du monde"},"content":{"rendered":"<p class=\"app_entry_lead\">\n<p>                    <a title=\"\u00a0\u00a9\u00a0Sipa USA\/SIPA (publi\u00e9e le 04\/12\/2025)\" href=\"https:\/\/www.europesays.com\/fr\/wp-content\/uploads\/2025\/12\/83433048.jpg\" class=\"fancy\"><\/p>\n<p>                            <img loading=\"lazy\" decoding=\"async\" src=\"https:\/\/www.europesays.com\/fr\/wp-content\/uploads\/2025\/12\/83433048.jpg\" alt=\"Coup de tonnerre, un pays se retire du tirage de la Coupe du monde\" width=\"1500\" height=\"1001\"\/><\/p>\n<p>                    <\/a><\/p>\n<p>                Une nation a d\u00e9cid\u00e9 de ne pas \u00eatre pr\u00e9sente au tirage de la Coupe du monde de football 2026, en guise de contestation.<\/p>\n<p>Le tirage au sort de la Coupe du monde 2026 se d\u00e9roule ce vendredi 5\u00a0d\u00e9cembre, \u00e0 Washington, aux Etats-Unis. Un \u00e9v\u00e8nement que toute la plan\u00e8te football va suivre. Mais pour certains, ce tirage au sort sera suivi depuis la t\u00e9l\u00e9vision&#8230; L&rsquo;Iran a d\u00e9cid\u00e9 de ne pas participer \u00e0 la c\u00e9r\u00e9monie apr\u00e8s le refus des Etats-Unis de d\u00e9livrer des visas \u00e0 plusieurs membres de la d\u00e9l\u00e9gation iranienne, a annonc\u00e9 la f\u00e9d\u00e9ration. Un visa aurait notamment \u00e9t\u00e9 refus\u00e9 au pr\u00e9sident de la f\u00e9d\u00e9ration, Mehdi Taj.<\/p>\n<p>Quatre membres de la d\u00e9l\u00e9gation, dont le s\u00e9lectionneur Amir Ghalenoei, ont, eux, re\u00e7u le document leur permettant de se rendre aux \u00c9tats-Unis. \u00ab\u00a0Nous avons inform\u00e9 la FIFA que les d\u00e9cisions prises sont sans rapport avec le sport et que les membres de la d\u00e9l\u00e9gation iranienne ne participeront pas au tirage au sort de la Coupe du monde\u00a0\u00bb, a expliqu\u00e9 le porte-parole de la f\u00e9d\u00e9ration de football du pays \u00e0 la t\u00e9l\u00e9vision d&rsquo;\u00c9tat.<\/p>\n<p><img decoding=\"async\" alt=\"\" src=\"https:\/\/www.europesays.com\/fr\/wp-content\/uploads\/2025\/12\/83433154.jpg\"\/><\/p>\n<p>Pour rappel, une proclamation pr\u00e9sidentielle, sign\u00e9e en juin par\u00a0Donald Trump, interdit l&rsquo;entr\u00e9e aux Etats-Unis aux ressortissants de 19\u00a0pays, dont l&rsquo;Iran et Ha\u00efti, une autre \u00e9quipe dans ce cas.\u00a0Si des exceptions sont instaur\u00e9es pour les joueurs et leurs familles, les entra\u00eeneurs et le staff, le D\u00e9partement d&rsquo;\u00c9tat a confirm\u00e9 \u00e0 Politico \u00ab\u00a0que cette exception ne s&rsquo;appliquera pas aux fans ou spectateurs esp\u00e9rant assister a la Coupe du monde\u00a0\u00bb.\u00a0<\/p>\n<p>\u00ab\u00a0Je suspendrai de mani\u00e8re permanente l&rsquo;immigration en provenance de tous les pays du tiers-monde pour permettre au syst\u00e8me am\u00e9ricain de se r\u00e9tablir compl\u00e8tement, je mettrai fin \u00e0 tous les millions d&rsquo;admissions ill\u00e9gales de Biden\u00a0\u00bb, a expliqu\u00e9 de nouveau Donald Trump il y a quelques heures&#8230;<\/p>\n<p>L&rsquo;Iran sera dans le chapeau\u00a02 de ce tirage au sort et pourrait notamment tomber sur la France, mais \u00e9galement les Etats-Unis&#8230;<\/p>\n","protected":false},"excerpt":{"rendered":"Une nation a d\u00e9cid\u00e9 de ne pas \u00eatre pr\u00e9sente au tirage de la Coupe du monde de football&hellip;\n","protected":false},"author":2,"featured_media":580039,"comment_status":"","ping_status":"","sticky":false,"template":"","format":"standard","meta":{"footnotes":""},"categories":[1410],"tags":[69391,51761,2257,63,51763,1011,27,51979,51767,60],"class_list":{"0":"post-580038","1":"post","2":"type-post","3":"status-publish","4":"format-standard","5":"has-post-thumbnail","7":"category-football","8":"tag-cms-linternaute-9348471","9":"tag-controller-content","10":"tag-foot","11":"tag-football","12":"tag-format-papier","13":"tag-fr","14":"tag-france","15":"tag-les-histoires-de-linternaute","16":"tag-parallaxeinfeed","17":"tag-sports"},"share_on_mastodon":{"url":"https:\/\/pubeurope.com\/@fr\/115667456929125967","error":""},"_links":{"self":[{"href":"https:\/\/www.europesays.com\/fr\/wp-json\/wp\/v2\/posts\/580038","targetHints":{"allow":["GET"]}}],"collection":[{"href":"https:\/\/www.europesays.com\/fr\/wp-json\/wp\/v2\/posts"}],"about":[{"href":"https:\/\/www.europesays.com\/fr\/wp-json\/wp\/v2\/types\/post"}],"author":[{"embeddable":true,"href":"https:\/\/www.europesays.com\/fr\/wp-json\/wp\/v2\/users\/2"}],"replies":[{"embeddable":true,"href":"https:\/\/www.europesays.com\/fr\/wp-json\/wp\/v2\/comments?post=580038"}],"version-history":[{"count":0,"href":"https:\/\/www.europesays.com\/fr\/wp-json\/wp\/v2\/posts\/580038\/revisions"}],"wp:featuredmedia":[{"embeddable":true,"href":"https:\/\/www.europesays.com\/fr\/wp-json\/wp\/v2\/media\/580039"}],"wp:attachment":[{"href":"https:\/\/www.europesays.com\/fr\/wp-json\/wp\/v2\/media?parent=580038"}],"wp:term":[{"taxonomy":"category","embeddable":true,"href":"https:\/\/www.europesays.com\/fr\/wp-json\/wp\/v2\/categories?post=580038"},{"taxonomy":"post_tag","embeddable":true,"href":"https:\/\/www.europesays.com\/fr\/wp-json\/wp\/v2\/tags?post=580038"}],"curies":[{"name":"wp","href":"https:\/\/api.w.org\/{rel}","templated":true}]}}