{"id":580040,"date":"2025-12-05T14:34:16","date_gmt":"2025-12-05T14:34:16","guid":{"rendered":"https:\/\/www.europesays.com\/fr\/580040\/"},"modified":"2025-12-05T14:34:16","modified_gmt":"2025-12-05T14:34:16","slug":"eric-antoine-je-ne-peux-pas-faire-son-triste-aveu","status":"publish","type":"post","link":"https:\/\/www.europesays.com\/fr\/580040\/","title":{"rendered":"Eric Antoine : \u00ab\u00a0Je ne peux pas faire&#8230;\u00a0\u00bb, son triste aveu"},"content":{"rendered":"<p>Depuis quelques ann\u00e9es. Eric Antoine incarne de nombreux<br \/>\nprogrammes sur M6. Celui qui s&rsquo;est fait conna\u00eetre gr\u00e2ce \u00e0 ses<br \/>\ntalents de magicien pr\u00e9sente entre autres : Les Tra\u00eetres, 99 \u00e0<br \/>\nbattre, Lego Masters, Le Juste Prix. Ou bien encore La Roue de la<br \/>\nFortune. Il fait \u00e9galement partie du jury du t\u00e9l\u00e9-crochet La France<br \/>\n\u00e0 un incroyable talent. <strong>Ayant privil\u00e9gi\u00e9 sa carri\u00e8re<br \/>\nd&rsquo;animateur<\/strong> au d\u00e9triment de ses apparitions sur sc\u00e8ne pour<br \/>\nle moment. Le pr\u00e9sentateur sera de retour au th\u00e9\u00e2tre en 2026.<\/p>\n<p>\u00ab\u00a0J&rsquo;aurai un mois et demi de r\u00e9p\u00e9tition et un mois de th\u00e9\u00e2tre<br \/>\n\u00e0 Paris au mois de juin 2026. Suite \u00e0 quoi, je ferai une captation<br \/>\nde ce spectacle. Donc, <strong>je ne pourrai pas tourner pendant<br \/>\ndeux mois et demi.<\/strong> \u00c7a veut dire que je vais faire moins<br \/>\nd&rsquo;\u00e9missions l&rsquo;ann\u00e9e prochaine. Parce que cette saison, je n&rsquo;ai pas<br \/>\narr\u00eat\u00e9 de tourner. J&rsquo;ai tourn\u00e9 plus de 350 \u00e9missions\u00a0\u00bb, avait<br \/>\nnotamment r\u00e9v\u00e9l\u00e9 Eric Antoine dans un entretien accord\u00e9e au site<br \/>\n<a href=\"https:\/\/www.ozap.com\/actu\/je-ne-peux-pas-faire-les-deux-en-meme-temps-eric-antoine-annonce-prendre-du-recul-avec-le-juste-prix-pour-preparer-son-retour-sur-scene\/651892\" target=\"_blank\" rel=\"nofollow noopener\">Puremedias.com<\/a>.<\/p>\n<p>Eric Antoine : \u00ab\u00a0Je ne pense pas que\u00a0Le Juste Prix<br \/>\nreviendra tout de suite\u00a0\u00bb<\/p>\n<p>\u00ab\u00a0<a href=\"https:\/\/www.closermag.fr\/people\/annie-pujol-a-60-ans-que-devient-l-ancienne-hotesse-de-la-roue-de-la-fortune-1460440\" target=\"_blank\" rel=\"noopener\">L&rsquo;id\u00e9e<br \/>\nest de poursuivre &lsquo;La Roue de la fortune&rsquo;,<\/a> je me sens bien dans<br \/>\nce jeu. 99 \u00e0 battre qui a \u00e9t\u00e9 lanc\u00e9 cet \u00e9t\u00e9 a tr\u00e8s bien fonctionn\u00e9,<br \/>\ndonc on va le refaire. Les Tra\u00eetres cartonne malgr\u00e9 la case<br \/>\ndifficile du samedi et \u00e7a fait de tr\u00e8s bons scores en rediffusion.<br \/>\n<strong>Il n&rsquo;y a rien que j&rsquo;ai vraiment envie<br \/>\nd\u2019arr\u00eater<\/strong>\u00ab\u00a0, a aussi soulign\u00e9 le pr\u00e9sentateur dans un<br \/>\nautre entretien avec T\u00e9l\u00e9-Loisirs.<\/p>\n<p>\u00ab\u00a0En revanche, Le Juste Prix\u00a0et La Roue de la<br \/>\nfortune, <a href=\"https:\/\/www.telestar.fr\/actu_tv\/le-juste-prix-cest-fini-eric-antoine-claque-la-porte-de-lemission-a-contrecoeur-je-ne-peux-pas-1740486\" target=\"_blank\" rel=\"noopener\"><br \/>\nje ne peux pas faire les deux en m\u00eame temps<\/a>. Donc je ne pense<br \/>\npas que\u00a0Le Juste Prix reviendra<br \/>\ntout de suite. <strong>Mais je maintiendrai tout le reste pendant<br \/>\nque je suis au th\u00e9\u00e2tre<\/strong>\u00ab\u00a0, a cependant indiqu\u00e9 Eric<br \/>\nAntoine. Qui travaille aussi sur d&rsquo;autres projets loin des plateaux<br \/>\nde t\u00e9l\u00e9vision.<\/p>\n<p>Le c\u00e9l\u00e8bre magicien a d\u00e9voil\u00e9 ce qu&rsquo;il<br \/>\naimerait mettre en place pour c\u00e9l\u00e9brer ses 20 ans de carri\u00e8re en<br \/>\n2026<\/p>\n<p>\u00ab\u00a0En 2026, je f\u00eaterai mes 20 ans de carri\u00e8re. Pour<br \/>\nl&rsquo;occasion, <strong>j&rsquo;aimerais rejouer mon premier<br \/>\nspectacle<\/strong>, avec quelques num\u00e9ros in\u00e9dits, pour que l&rsquo;on<br \/>\nvoit comme j&rsquo;ai \u00e9volu\u00e9 en deux d\u00e9cennies\u00a0\u00bb, a-t-il par ailleurs<br \/>\nd\u00e9clar\u00e9. R\u00e9cemment, Eric Antoine a \u00e9galement \u00e9voqu\u00e9 le recrutement<br \/>\nde nouveaux animateurs sur les antennes du groupe M6.<\/p>\n<p>\u00ab\u00a0<a href=\"https:\/\/www.closermag.fr\/people\/anne-sophie-lapix-cyril-hanouna-olivier-minne-panique-a-bord-pour-une-figure-de-m6-3555875\" target=\"_blank\" rel=\"noopener\">Je<br \/>\nsais qu&rsquo;Olivier Minne va prendre des jeux<\/a>, c&rsquo;est s\u00fbr et<br \/>\ncertain. Plusieurs animateurs de la cha\u00eene pourraient le faire<br \/>\nd\u00e9j\u00e0, mais je trouve que c&rsquo;est vraiment bien qu&rsquo;Olivier, qui est un<br \/>\nsp\u00e9cialiste de jeux, viennent faire \u00e7a. Il y a aussi<br \/>\nl&rsquo;arriv\u00e9e de Cyril Hanouna. On sait qu&rsquo;il va \u00eatre sur<br \/>\nW9, mais <strong>on ne sait pas encore s&rsquo;il va aussi prendre<br \/>\nquelque chose sur M6<\/strong> \u00e0 un moment ou \u00e0 un autre\u00a0\u00bb,<br \/>\na-t-il notamment pr\u00e9cis\u00e9 \u00e0 ce sujet.<\/p>\n","protected":false},"excerpt":{"rendered":"Depuis quelques ann\u00e9es. Eric Antoine incarne de nombreux programmes sur M6. Celui qui s&rsquo;est fait conna\u00eetre gr\u00e2ce \u00e0&hellip;\n","protected":false},"author":2,"featured_media":580041,"comment_status":"","ping_status":"","sticky":false,"template":"","format":"standard","meta":{"footnotes":""},"categories":[1359],"tags":[21303,58,59,1194,1011,27,973,65861],"class_list":{"0":"post-580040","1":"post","2":"type-post","3":"status-publish","4":"format-standard","5":"has-post-thumbnail","7":"category-people","8":"tag-buzz_nonli","9":"tag-divertissement","10":"tag-entertainment","11":"tag-eric-antoine","12":"tag-fr","13":"tag-france","14":"tag-people","15":"tag-trend"},"share_on_mastodon":{"url":"https:\/\/pubeurope.com\/@fr\/115667459492883463","error":""},"_links":{"self":[{"href":"https:\/\/www.europesays.com\/fr\/wp-json\/wp\/v2\/posts\/580040","targetHints":{"allow":["GET"]}}],"collection":[{"href":"https:\/\/www.europesays.com\/fr\/wp-json\/wp\/v2\/posts"}],"about":[{"href":"https:\/\/www.europesays.com\/fr\/wp-json\/wp\/v2\/types\/post"}],"author":[{"embeddable":true,"href":"https:\/\/www.europesays.com\/fr\/wp-json\/wp\/v2\/users\/2"}],"replies":[{"embeddable":true,"href":"https:\/\/www.europesays.com\/fr\/wp-json\/wp\/v2\/comments?post=580040"}],"version-history":[{"count":0,"href":"https:\/\/www.europesays.com\/fr\/wp-json\/wp\/v2\/posts\/580040\/revisions"}],"wp:featuredmedia":[{"embeddable":true,"href":"https:\/\/www.europesays.com\/fr\/wp-json\/wp\/v2\/media\/580041"}],"wp:attachment":[{"href":"https:\/\/www.europesays.com\/fr\/wp-json\/wp\/v2\/media?parent=580040"}],"wp:term":[{"taxonomy":"category","embeddable":true,"href":"https:\/\/www.europesays.com\/fr\/wp-json\/wp\/v2\/categories?post=580040"},{"taxonomy":"post_tag","embeddable":true,"href":"https:\/\/www.europesays.com\/fr\/wp-json\/wp\/v2\/tags?post=580040"}],"curies":[{"name":"wp","href":"https:\/\/api.w.org\/{rel}","templated":true}]}}