{"id":580042,"date":"2025-12-05T14:35:17","date_gmt":"2025-12-05T14:35:17","guid":{"rendered":"https:\/\/www.europesays.com\/fr\/580042\/"},"modified":"2025-12-05T14:35:17","modified_gmt":"2025-12-05T14:35:17","slug":"des-formes-cauchemardesques-quelles-sont-ces-oeuvres-exposees-dans-un-musee-albigeois","status":"publish","type":"post","link":"https:\/\/www.europesays.com\/fr\/580042\/","title":{"rendered":"\u00ab\u00a0Des formes cauchemardesques\u00a0\u00bb. Quelles sont ces \u0153uvres expos\u00e9es dans un mus\u00e9e albigeois\u00a0?"},"content":{"rendered":"<p>\n                                                                    l&rsquo;essentiel<br \/>\n                                                                Le mus\u00e9e Toulouse-Lautrec d\u2019Albi expose treize \u0153uvres rares de Mir\u00f3, issues d\u2019une collection priv\u00e9e. Cet \u00e9v\u00e9nement c\u00e9l\u00e8bre le 40e anniversaire du jumelage avec G\u00e9rone. Les \u0153uvres, allant du cubisme \u00e0 l\u2019art pr\u00e9historique, r\u00e9v\u00e8lent la complexit\u00e9 de l\u2019artiste catalan.\n                            <\/p>\n<p>Il n\u2019y a peut-\u00eatre que treize \u0153uvres\u00a0mais elles explorent plusieurs facettes du travail de Mir\u00f3. Jusqu\u2019au 8\u00a0mars, le mus\u00e9e Toulouse-Lautrec accueille plusieurs \u0153uvres du peintre catalan. Cet accrochage s\u2019inscrit dans le cadre du 40e\u00a0anniversaire du jumelage entre G\u00e9rone et Albi.<\/p>\n<p>        <img decoding=\"async\" class=\"std-img__img responsive-img\" src=\"https:\/\/www.europesays.com\/fr\/wp-content\/uploads\/2025\/12\/1764945317_969_image.jpg\" alt=\"Les toiles du maitre Catalan sont accroch\u00e9es \u00e0 l\u2019\u00e9tage de l\u2019art moderne du mus\u00e9e.\"\/><\/p>\n<p>                Les toiles du maitre Catalan sont accroch\u00e9es \u00e0 l\u2019\u00e9tage de l\u2019art moderne du mus\u00e9e.<br \/>\n                                    DDM &#8211; EMILIE CAYRE<\/p>\n<p>Pour c\u00e9l\u00e9brer cet anniversaire, le mus\u00e9e albigeois a\u00a0pr\u00eat\u00e9 plusieurs Toulouse-Lautrec \u00e0 celui\u00a0d\u2019histoire de G\u00e9rone, qui en retour lui a envoy\u00e9 plusieurs tableaux de Mir\u00f3. Des \u0153uvres issues d\u2019une collection priv\u00e9e, celle de Rafa\u00ebl et Maria Teresa Santos Torroella, dont la mairie catalane est propri\u00e9taire depuis 2014. Elles ont \u00e9t\u00e9 tr\u00e8s rarement, voire jamais, expos\u00e9es.<\/p>\n<p class=\"std-elt__inline\">\n        <strong>\u00c0 lire aussi :<\/strong><br \/>\n        <a href=\"https:\/\/www.ladepeche.fr\/2022\/07\/29\/il-y-a-cent-ans-ouvrait-le-musee-toulouse-lautrec-10462399.php\" target=\"_blank\" rel=\"noopener\">Il y a cent ans ouvrait le mus\u00e9e Toulouse-Lautrec<\/a>\n    <\/p>\n<p>Ces \u0153uvres sont tr\u00e8s diff\u00e9rentes. Elles ont \u00e9t\u00e9 s\u00e9lectionn\u00e9es par les deux \u00e9tablissements\u00a0afin de montrer l\u2019\u00e9tendue de l\u2019art de l\u2019artiste catalan, \u00e0 l\u2019\u0153uvre tr\u00e8s prolifique. Elles vont de dessins de jeunesse dont se d\u00e9gage l\u2019influence du cubisme \u00e0 des \u0153uvres plus sombres, marqu\u00e9es par l\u2019art pr\u00e9historique de la fin de sa vie.<\/p>\n<p>Une \u0153uvre tr\u00e8s complexe<\/p>\n<p>Si, dans certaines, on reconna\u00eet imm\u00e9diatement la marque de l\u2019artiste, pour d\u2019autres, c\u2019est beaucoup plus difficile. \u00ab\u00a0Ce qui est int\u00e9ressant chez Mir\u00f3, c\u2019est qu\u2019il a cr\u00e9\u00e9 un alphabet pictural avec un emploi de couleurs tr\u00e8s vives. On est entre le figuratif et l\u2019abstraction. C\u2019est une r\u00e9interpr\u00e9tation libre de sa r\u00e9alit\u00e9\u00a0\u00bb, explique Carine Roumigui\u00e8res, commissaire de l\u2019accrochage.<\/p>\n<p class=\"std-elt__inline\">\n        <strong>\u00c0 lire aussi :<\/strong><br \/>\n        <a href=\"https:\/\/www.ladepeche.fr\/2024\/01\/19\/pourquoi-il-faut-visiter-le-musee-toulouse-lautrec-a-albi-11707442.php\" target=\"_blank\" rel=\"noopener\">Pourquoi il faut visiter le mus\u00e9e Toulouse-Lautrec \u00e0 Albi ?<\/a>\n    <\/p>\n<p>Mais Mir\u00f3, ce n\u2019est pas que la couleur. \u00ab\u00a0Ce sont aussi des \u0153uvres plus sombres, des formes cauchemardesques. Il a travers\u00e9 le XXe\u00a0si\u00e8cle\u00a0: deux guerres mondiales, le franquisme. Il est le t\u00e9moin de son temps\u00a0\u00bb, ajoute-t-elle. Trois tableaux expos\u00e9s montrent bien cette \u00e9volution, notamment une \u0153uvre qui fait beaucoup travailler notre imaginaire.<\/p>\n<p class=\"std-elt__inline\">\n        <strong>\u00c0 lire aussi :<\/strong><br \/>\n        <a href=\"https:\/\/www.ladepeche.fr\/2025\/11\/08\/un-tableau-du-musee-albigeois-expose-a-paris-13038933.php\" target=\"_blank\" rel=\"noopener\">Un tableau du mus\u00e9e albigeois expos\u00e9 \u00e0 Paris<\/a>\n    <\/p>\n<p>\u00ab\u00a0On le voit comme na\u00eff, mais derri\u00e8re cette apparente simplicit\u00e9, il y a une \u0153uvre tr\u00e8s complexe, une d\u00e9marche artistique, un long travail\u00a0\u00bb, commente Carine Roumigui\u00e8res. Comme le montre la derni\u00e8re \u0153uvre expos\u00e9e, r\u00e9alis\u00e9e en 1974, tr\u00e8s sombre, avec seulement deux aplats de bleu et de jaune, et qui rappelle l\u2019art rupestre. \u00ab\u00a0Mir\u00f3 a \u00e9t\u00e9 marqu\u00e9 par l\u2019art pr\u00e9historique et les peintures rupestres. Il a chang\u00e9 sa mani\u00e8re de travailler\u00a0\u00bb, explique-t-elle.<\/p>\n<p>Des salles consacr\u00e9es \u00e0 l\u2019art moderne<\/p>\n<p>Si Mir\u00f3 a \u00e9t\u00e9 influenc\u00e9 par de nombreux courants, notamment par les surr\u00e9alistes dont il fut proche, il reste un homme libre, qui s\u2019affranchit des r\u00e8gles. \u00ab\u00a0Il s\u2019est renouvel\u00e9 tout au long de sa carri\u00e8re\u00a0\u00bb, conclut Carine Roumigui\u00e8res.<\/p>\n<p class=\"std-elt__inline\">\n        <strong>\u00c0 lire aussi :<\/strong><br \/>\n        <a href=\"https:\/\/www.ladepeche.fr\/2023\/05\/03\/au-musee-toulouse-lautrec-il-ny-a-pas-que-le-peintre-albigeois-a-admirer-11173372.php\" target=\"_blank\" rel=\"noopener\">Au mus\u00e9e Toulouse-Lautrec, il n\u2019y a pas que le peintre albigeois \u00e0 admirer<\/a>\n    <\/p>\n<p>Les treize \u0153uvres sont visibles dans le cadre du parcours permanent. Elles sont expos\u00e9es dans les salles consacr\u00e9es \u00e0 l\u2019art moderne, au second \u00e9tage. Une fa\u00e7on de rappeler que le mus\u00e9e n\u2019abrite pas que des \u0153uvres de Toulouse-Lautrec.<\/p>\n<p>Il poss\u00e8de un tr\u00e8s important fonds d\u2019art moderne, fruit de la volont\u00e9 des conservateurs qui se sont succ\u00e9d\u00e9. On y retrouve ainsi des \u0153uvres de Matisse, Gauguin, Maillol, Valadon, Dufy, Rodin\u2026<\/p>\n","protected":false},"excerpt":{"rendered":"l&rsquo;essentiel Le mus\u00e9e Toulouse-Lautrec d\u2019Albi expose treize \u0153uvres rares de Mir\u00f3, issues d\u2019une collection priv\u00e9e. Cet \u00e9v\u00e9nement c\u00e9l\u00e8bre&hellip;\n","protected":false},"author":2,"featured_media":580043,"comment_status":"","ping_status":"","sticky":false,"template":"","format":"standard","meta":{"footnotes":""},"categories":[1358],"tags":[7296,1348,1384,1385,872,1386,58,59,1011,27,69392,11625,2551,8412],"class_list":{"0":"post-580042","1":"post","2":"type-post","3":"status-publish","4":"format-standard","5":"has-post-thumbnail","7":"category-arts-et-design","8":"tag-albi","9":"tag-arts","10":"tag-arts-and-design","11":"tag-arts-et-design","12":"tag-culture-et-loisirs","13":"tag-design","14":"tag-divertissement","15":"tag-entertainment","16":"tag-fr","17":"tag-france","18":"tag-musu00e9e-toulouse-lautrec","19":"tag-musu00e9es","20":"tag-patrimoine","21":"tag-tarn"},"share_on_mastodon":{"url":"https:\/\/pubeurope.com\/@fr\/115667463424360403","error":""},"_links":{"self":[{"href":"https:\/\/www.europesays.com\/fr\/wp-json\/wp\/v2\/posts\/580042","targetHints":{"allow":["GET"]}}],"collection":[{"href":"https:\/\/www.europesays.com\/fr\/wp-json\/wp\/v2\/posts"}],"about":[{"href":"https:\/\/www.europesays.com\/fr\/wp-json\/wp\/v2\/types\/post"}],"author":[{"embeddable":true,"href":"https:\/\/www.europesays.com\/fr\/wp-json\/wp\/v2\/users\/2"}],"replies":[{"embeddable":true,"href":"https:\/\/www.europesays.com\/fr\/wp-json\/wp\/v2\/comments?post=580042"}],"version-history":[{"count":0,"href":"https:\/\/www.europesays.com\/fr\/wp-json\/wp\/v2\/posts\/580042\/revisions"}],"wp:featuredmedia":[{"embeddable":true,"href":"https:\/\/www.europesays.com\/fr\/wp-json\/wp\/v2\/media\/580043"}],"wp:attachment":[{"href":"https:\/\/www.europesays.com\/fr\/wp-json\/wp\/v2\/media?parent=580042"}],"wp:term":[{"taxonomy":"category","embeddable":true,"href":"https:\/\/www.europesays.com\/fr\/wp-json\/wp\/v2\/categories?post=580042"},{"taxonomy":"post_tag","embeddable":true,"href":"https:\/\/www.europesays.com\/fr\/wp-json\/wp\/v2\/tags?post=580042"}],"curies":[{"name":"wp","href":"https:\/\/api.w.org\/{rel}","templated":true}]}}