{"id":580044,"date":"2025-12-05T14:37:13","date_gmt":"2025-12-05T14:37:13","guid":{"rendered":"https:\/\/www.europesays.com\/fr\/580044\/"},"modified":"2025-12-05T14:37:13","modified_gmt":"2025-12-05T14:37:13","slug":"cyril-hanouna-sans-detours-a-propos-de-giulia-sarkozy-elle-est-tres","status":"publish","type":"post","link":"https:\/\/www.europesays.com\/fr\/580044\/","title":{"rendered":"Cyril Hanouna sans d\u00e9tours \u00e0 propos de Giulia Sarkozy : \u201cElle est tr\u00e8s\u2026\u201d"},"content":{"rendered":"<p>Par <a class=\"author_recette\" id=\"author_name\" href=\"https:\/\/www.nextplz.fr\/auteur\/francis-uliel\" target=\"_blank\" rel=\"noopener\">Francis<br \/>\nUliel<\/a> &#8211;<br \/>\nPubli\u00e9 le 05 D\u00e9c 2025 \u00e0<br \/>\n12:30<\/p>\n<p class=\"article-intro excerpt\">Cyril Hanouna surprend plus d\u2019un<br \/>\nsur le plateau de l\u2019\u00e9mission Tout Beau Tout Fun et se montre<br \/>\nbrutalement honn\u00eate concernant Giulia Sarkozy.<\/p>\n<p>\u00c0 seulement 14 ans, Giulia Sarkozy, fille cadette de Nicolas<br \/>\nSarkozy et Carla Bruni, fait d\u00e9j\u00e0 parler d\u00a0\u00bbelle. L&rsquo;adolescente<br \/>\npassionn\u00e9e par l&rsquo;\u00e9quitation est tr\u00e8s active sur les r\u00e9seaux<br \/>\nsociaux, o\u00f9 elle partage son quotidien. Son compte TikTok, cr\u00e9e en<br \/>\n2020, totalise d&rsquo;ailleurs 204.1 K abonn\u00e9s. Une notori\u00e9t\u00e9 qui n&rsquo;est<br \/>\npas sans cons\u00e9quence, puisqu&rsquo;<a href=\"https:\/\/www.nextplz.fr\/people\/520226-louis-sarkozy-brutalement-honnete-sur-la-presence-de-sa-petite-soeur-giulia-sur-les-reseaux-ca-fait-peur\" target=\"_blank\" rel=\"noopener\">elle<br \/>\nest tr\u00e8s souvent critiqu\u00e9e en raison de ses d\u00e9rapages<\/a>. Fort<br \/>\nheureusement, elle peut compter sur le soutien de ses proches,<br \/>\ncomme un certain Cyril Hanouna.<\/p>\n<p>Cyril Hanouna \u00e9voque l&rsquo;amiti\u00e9 entre sa fille et Giulia Sarkozy<\/p>\n<p>Aussi surprenant que cela puisse paraitre, Cyril Hanouna est<br \/>\nquelque peu proche de Giulia. En effet, sa fille Bianca et la<br \/>\ncadette de Nicolas Sarkozy sont les meilleures amies du monde. Les<br \/>\ndeux adolescentes sont en effet passionn\u00e9es des r\u00e9seaux sociaux<br \/>\nl&rsquo;une que l&rsquo;autre. Une amiti\u00e9 que le trublion du PAF a r\u00e9cemment<br \/>\n\u00e9voqu\u00e9e dans son \u00e9mission Tout beau tout fun. \u00ab\u00a0Vous savez que<br \/>\nGiulia, c&rsquo;est une des meilleures amies de ma fille. Elles dorment<br \/>\nsouvent l&rsquo;une chez l&rsquo;autre\u00a0\u00bb, a-t-il commenc\u00e9 par faire savoir.<br \/>\nMieux encore, Cyril Hanouna a r\u00e9v\u00e9l\u00e9 recevoir des appels plut\u00f4t<br \/>\ncocasses de Sarkozy. \u00ab\u00a0Chaque samedi, j&rsquo;ai le droit \u00e0 l&rsquo;appel de<br \/>\nNicolas Sarkozy, aux alentours de 23 heures\u00a0\u00bb, ajoute-t-il.<\/p>\n<p>\u00ab\u00a0Giulia<br \/>\nest tr\u00e8s dr\u00f4le\u00a0\u00bb<\/p>\n<p>Dans la foul\u00e9e, <a href=\"https:\/\/www.nextplz.fr\/people\/520203-cyril-hanouna-et-tiphaine-auziere-prennent-toujours-revelations-chocs-sur-leur-histoire\" target=\"_blank\" rel=\"noopener\"><br \/>\nl&rsquo;animateur qui serait en couple avec Tiphaine Auzi\u00e8re<\/a> a relat\u00e9<br \/>\nleurs \u00e9changes. \u00ab\u00a0&lsquo;All\u00f4 Cyril, c&rsquo;est Nicolas, Giulia est bien<br \/>\nchez toi ? Elles ne vont pas sortir, j&rsquo;esp\u00e8re ? T&rsquo;es vraiment un<br \/>\npapa formidable&rsquo;, &lsquo;Ne t&rsquo;inqui\u00e8te pas, elles ne sortent pas, je suis<br \/>\nl\u00e0, je veille&rsquo;. \u00c0 chaque fois, j&rsquo;ai l&rsquo;appel de Nicolas, c&rsquo;est un<br \/>\nami\u00a0\u00bb, a plaisant\u00e9 Cyril Hanouna. Ce dernier, qui estime autant<br \/>\nGiulia que son papa, ne s&rsquo;est pas arr\u00eat\u00e9e l\u00e0. Cyril Hanouna a alors<br \/>\npoursuivi son discours en disant ce qu&rsquo;il pense r\u00e9ellement de<br \/>\nl&rsquo;adolescente de 14 ans. Non sans tarir d&rsquo;\u00e9loges, Hanouna a lanc\u00e9 :<br \/>\n\u00ab\u00a0Giulia est tr\u00e8s dr\u00f4le\u00a0\u00bb. Et de poursuivre dans la foul\u00e9e :<br \/>\n\u00ab\u00a0Elle a du caract\u00e8re, on l&rsquo;adore\u00a0\u00bb. Des propos flatteurs<br \/>\nqui corroborent ceux de son fr\u00e8re a\u00een\u00e9 Louis Sarkozy.<\/p>\n<p>Louis Sarkozy<br \/>\ncash sur sa s\u0153ur Giulia Sarkozy<\/p>\n<p>R\u00e9cemment invit\u00e9 dans l\u2019\u00e9mission Le Figaro La Nuit, Louis<br \/>\nSarkozy, interrog\u00e9 sur le sujet, a donn\u00e9 son avis sur la pr\u00e9sence<br \/>\ntr\u00e8s m\u00e9diatique de sa s\u0153ur Giulia sur les r\u00e9seaux sociaux. Face \u00e0<br \/>\nThibaut Gauthier, il a commenc\u00e9 par confier : \u00ab\u00a0Je ne connais en<br \/>\nrien son existence sur les r\u00e9seaux sociaux\u00a0\u00bb. Avant d&rsquo;ajouter :<br \/>\n\u00ab\u00a0C\u2019est d\u00e9j\u00e0 assez compliqu\u00e9 de naviguer la mienne\u00a0\u00bb. Le<br \/>\njeune homme a dans la foul\u00e9e fait les \u00e9loges de sa petite s\u0153ur<br \/>\nGiulia : \u00ab\u00a0Mais tout ce que je peux vous dire c\u2019est que c\u2019est<br \/>\nune petite d\u2019une immense intelligence. \u00c7a fait peur le niveau<br \/>\nd\u2019intelligence et de maturit\u00e9 qu\u2019elle peut parfois incarner<br \/>\nstrictement chez nous. Je veux dire quoi qu\u2019elle fasse dans la vie,<br \/>\n\u00e7a ne pourra que bien se passer\u00a0\u00bb.<\/p>\n","protected":false},"excerpt":{"rendered":"Par Francis Uliel &#8211; Publi\u00e9 le 05 D\u00e9c 2025 \u00e0 12:30 Cyril Hanouna surprend plus d\u2019un sur le&hellip;\n","protected":false},"author":2,"featured_media":580045,"comment_status":"","ping_status":"","sticky":false,"template":"","format":"standard","meta":{"footnotes":""},"categories":[1356],"tags":[58,59,1011,27,252,1364],"class_list":{"0":"post-580044","1":"post","2":"type-post","3":"status-publish","4":"format-standard","5":"has-post-thumbnail","7":"category-television","8":"tag-divertissement","9":"tag-entertainment","10":"tag-fr","11":"tag-france","12":"tag-television","13":"tag-tv"},"share_on_mastodon":{"url":"https:\/\/pubeurope.com\/@fr\/115667471350824904","error":""},"_links":{"self":[{"href":"https:\/\/www.europesays.com\/fr\/wp-json\/wp\/v2\/posts\/580044","targetHints":{"allow":["GET"]}}],"collection":[{"href":"https:\/\/www.europesays.com\/fr\/wp-json\/wp\/v2\/posts"}],"about":[{"href":"https:\/\/www.europesays.com\/fr\/wp-json\/wp\/v2\/types\/post"}],"author":[{"embeddable":true,"href":"https:\/\/www.europesays.com\/fr\/wp-json\/wp\/v2\/users\/2"}],"replies":[{"embeddable":true,"href":"https:\/\/www.europesays.com\/fr\/wp-json\/wp\/v2\/comments?post=580044"}],"version-history":[{"count":0,"href":"https:\/\/www.europesays.com\/fr\/wp-json\/wp\/v2\/posts\/580044\/revisions"}],"wp:featuredmedia":[{"embeddable":true,"href":"https:\/\/www.europesays.com\/fr\/wp-json\/wp\/v2\/media\/580045"}],"wp:attachment":[{"href":"https:\/\/www.europesays.com\/fr\/wp-json\/wp\/v2\/media?parent=580044"}],"wp:term":[{"taxonomy":"category","embeddable":true,"href":"https:\/\/www.europesays.com\/fr\/wp-json\/wp\/v2\/categories?post=580044"},{"taxonomy":"post_tag","embeddable":true,"href":"https:\/\/www.europesays.com\/fr\/wp-json\/wp\/v2\/tags?post=580044"}],"curies":[{"name":"wp","href":"https:\/\/api.w.org\/{rel}","templated":true}]}}