{"id":580046,"date":"2025-12-05T14:38:12","date_gmt":"2025-12-05T14:38:12","guid":{"rendered":"https:\/\/www.europesays.com\/fr\/580046\/"},"modified":"2025-12-05T14:38:12","modified_gmt":"2025-12-05T14:38:12","slug":"on-ne-voulait-pas-voici-la-vraie-raison-derriere-le-boycott-de-slimane-du-telethon-et-des-teles-radios-en-ce-jour-de-sortie-de-son-nouvel-album","status":"publish","type":"post","link":"https:\/\/www.europesays.com\/fr\/580046\/","title":{"rendered":"\u00ab\u00a0On ne voulait pas\u2026\u00a0\u00bb\u00a0: voici la vraie raison derri\u00e8re le boycott de Slimane du \u00ab\u00a0T\u00e9l\u00e9thon\u00a0\u00bb et des t\u00e9l\u00e9s\/radios en ce jour de sortie de son nouvel album"},"content":{"rendered":"<p class=\"ap-StoryElement ap-StoryElement--mb ap-StoryText\">\u00c0 l&rsquo;heure o\u00f9 l&rsquo;artiste de 36 ans sort un nouvel album, <a href=\"https:\/\/www.dhnet.be\/medias\/musique\/2025\/06\/27\/apres-4-mois-dabsence-suite-aux-accusations-dagressions-sexuelles-slimane-brise-le-silence-et-maintenant-on-fait-quoi-CHAMVPXRFJC63LBN7FSUNSUKAI\/\" target=\"_self\" rel=\"noopener\">le chanteur ne sera en effet pr\u00e9sent nulle part <\/a>-\u00e0 part sur ses r\u00e9seaux sociaux- pour en parler. Habituellement, l&rsquo;ex-star de The Voice ou de l&rsquo;Eurovision aurait fait le tour des plateaux t\u00e9l\u00e9.<\/p>\n<p class=\"ap-StoryElement ap-StoryElement--mb ap-StoryText\">Suite aux plaintes pour harc\u00e8lement sexuel et tentative d&rsquo;agression sexuelle r\u00e9v\u00e9l\u00e9es il y a un an par Le Parisien, ce n&rsquo;est plus le cas. S&rsquo;il a \u00e9t\u00e9 relax\u00e9 pour la seconde plainte, Slimane<a href=\"https:\/\/www.dhnet.be\/medias\/musique\/2025\/09\/16\/slimane-condamne-pour-harcelement-sexuel-voici-la-condamnation-pour-le-chanteur-ODHQ37PZYNDULDBY7WSRYSYYLA\/\" target=\"_self\" rel=\"noopener\"> a \u00e9t\u00e9 condamn\u00e9 en septembre dernier<\/a> \u00e0 10\u00a0000\u00a0euros d&rsquo;amende (dont 3\u00a0000\u00a0euros avec sursis) pour la premi\u00e8re affaire. Laquelle a \u00e9t\u00e9 requalifi\u00e9e en \u00ab\u00a0harc\u00e8lement moral\u00a0\u00bb, dans le cadre d&rsquo;une proc\u00e9dure de reconnaissance de culpabilit\u00e9.<\/p>\n","protected":false},"excerpt":{"rendered":"\u00c0 l&rsquo;heure o\u00f9 l&rsquo;artiste de 36 ans sort un nouvel album, le chanteur ne sera en effet pr\u00e9sent&hellip;\n","protected":false},"author":2,"featured_media":580047,"comment_status":"","ping_status":"","sticky":false,"template":"","format":"standard","meta":{"footnotes":""},"categories":[1355],"tags":[15549,58,59,1011,27,1227,3754,1361,873],"class_list":{"0":"post-580046","1":"post","2":"type-post","3":"status-publish","4":"format-standard","5":"has-post-thumbnail","7":"category-musique","8":"tag-celebrity","9":"tag-divertissement","10":"tag-entertainment","11":"tag-fr","12":"tag-france","13":"tag-horizontal","14":"tag-media","15":"tag-music","16":"tag-musique"},"share_on_mastodon":{"url":"https:\/\/pubeurope.com\/@fr\/115667475223286157","error":""},"_links":{"self":[{"href":"https:\/\/www.europesays.com\/fr\/wp-json\/wp\/v2\/posts\/580046","targetHints":{"allow":["GET"]}}],"collection":[{"href":"https:\/\/www.europesays.com\/fr\/wp-json\/wp\/v2\/posts"}],"about":[{"href":"https:\/\/www.europesays.com\/fr\/wp-json\/wp\/v2\/types\/post"}],"author":[{"embeddable":true,"href":"https:\/\/www.europesays.com\/fr\/wp-json\/wp\/v2\/users\/2"}],"replies":[{"embeddable":true,"href":"https:\/\/www.europesays.com\/fr\/wp-json\/wp\/v2\/comments?post=580046"}],"version-history":[{"count":0,"href":"https:\/\/www.europesays.com\/fr\/wp-json\/wp\/v2\/posts\/580046\/revisions"}],"wp:featuredmedia":[{"embeddable":true,"href":"https:\/\/www.europesays.com\/fr\/wp-json\/wp\/v2\/media\/580047"}],"wp:attachment":[{"href":"https:\/\/www.europesays.com\/fr\/wp-json\/wp\/v2\/media?parent=580046"}],"wp:term":[{"taxonomy":"category","embeddable":true,"href":"https:\/\/www.europesays.com\/fr\/wp-json\/wp\/v2\/categories?post=580046"},{"taxonomy":"post_tag","embeddable":true,"href":"https:\/\/www.europesays.com\/fr\/wp-json\/wp\/v2\/tags?post=580046"}],"curies":[{"name":"wp","href":"https:\/\/api.w.org\/{rel}","templated":true}]}}