{"id":580054,"date":"2025-12-05T14:42:11","date_gmt":"2025-12-05T14:42:11","guid":{"rendered":"https:\/\/www.europesays.com\/fr\/580054\/"},"modified":"2025-12-05T14:42:11","modified_gmt":"2025-12-05T14:42:11","slug":"des-traces-de-sang-une-scene-maquillee-par-une-entreprise-de-nettoyage-il-ne-voulait-pas-que","status":"publish","type":"post","link":"https:\/\/www.europesays.com\/fr\/580054\/","title":{"rendered":"des traces de sang\u00a0\u00bb, une sc\u00e8ne maquill\u00e9e par une entreprise de nettoyage, \u00ab\u00a0il ne voulait pas que&#8230;"},"content":{"rendered":"<p>Par <a class=\"author_recette\" id=\"author_name\" href=\"https:\/\/www.nextplz.fr\/auteur\/victoria-buisson\" target=\"_blank\" rel=\"noopener\">Victoria<br \/>\nBuisson<\/a> &#8211;<br \/>\nPubli\u00e9 le 05 D\u00e9c 2025 \u00e0<br \/>\n14:30<\/p>\n<p class=\"article-intro excerpt\">Johnny Hallyday n\u2019a pas toujours<br \/>\ntout r\u00e9v\u00e9l\u00e9 \u00e0 son \u00e9pouse. De son vivant, il aurait m\u00eame dissimul\u00e9<br \/>\nune grave blessure \u00e0 Laeticia Hallyday.<\/p>\n<p>Aujourd\u00a0\u00bbhui, 5 d\u00e9cembre 2025, cela fait huit ans que <a href=\"https:\/\/www.nextplz.fr\/people\/520497-8-ans-deja-et-pourtant-tu-es-partout-lhommage-dechirant-de-laeticia-hallyday-a-johnny\" target=\"_blank\" rel=\"noopener\"><br \/>\nJohnny Hallyday nous a quitt\u00e9s<\/a>. Le Taulier est d\u00e9c\u00e9d\u00e9 \u00e0 74 ans<br \/>\n\u00e0 son domicile de Marnes-la-Coquette, dans l&rsquo;Ouest parisien, des<br \/>\nsuites d&rsquo;un cancer du poumon. Ic\u00f4ne incontournable de la chanson<br \/>\nfran\u00e7aise, il a marqu\u00e9 plusieurs g\u00e9n\u00e9rations avec sa voix<br \/>\npuissante, son charisme et ses concerts l\u00e9gendaires. Suivi par des<br \/>\nmillions de fans, Johnny Hallyday a su imposer un style unique,<br \/>\nm\u00ealant rock et \u00e9motion, qui continue d&rsquo;inspirer artistes et<br \/>\nm\u00e9lomanes. Huit ans apr\u00e8s sa disparition, son h\u00e9ritage artistique<br \/>\nreste vivant et son nom reste grav\u00e9 dans la m\u00e9moire collective.<\/p>\n<p>Un secret de Johnny Hallyday r\u00e9v\u00e9l\u00e9<br \/>\napr\u00e8s sa mort<\/p>\n<p>Tout au long de sa carri\u00e8re, <a href=\"https:\/\/www.nextplz.fr\/personnalite\/johnny-hallyday\/\" target=\"_blank\" rel=\"noopener\">Johnny<br \/>\nHallyday a \u00e9t\u00e9 au centre de nombreuses histoires<\/a> qui ont<br \/>\naliment\u00e9 la fascination de ses fans. Certaines anecdotes, jusque-l\u00e0<br \/>\nm\u00e9connues, ont d&rsquo;ailleurs \u00e9t\u00e9 r\u00e9v\u00e9l\u00e9es dans le livre Tout le<br \/>\nmonde l&rsquo;appelait Johnny de Patrick Roussel, paru en juin 2023<br \/>\naux \u00e9ditions Mareuil. On y apprend notamment que le chanteur se<br \/>\nserait violemment bless\u00e9 aux pieds apr\u00e8s avoir frapp\u00e9 son lit.<br \/>\nVictime d&rsquo;une h\u00e9morragie, il aurait choisi de cacher sa plaie \u00e0<br \/>\nLaeticia Hallyday. La raison ? \u00c9viter des tracas \u00e0 son \u00e9pouse.<\/p>\n<p>\u00ab\u00a0Il<br \/>\nne voulait pas qu&rsquo;elle s\u2019aper\u00e7oive de quoi que ce soit\u00a0\u00bb<\/p>\n<p>Selon les r\u00e9v\u00e9lations de Patrick Roussel, Johnny Hallyday aurait<br \/>\npris soin demander \u00e0 son chauffeur de soigner sa plaie avant de le<br \/>\ncharger de contacter une entreprise de nettoyage afin d&rsquo;effacer<br \/>\ntoute trace de sang sur la moquette. \u00ab\u00a0Il ne voulait pas que<br \/>\nLaeticia s\u2019aper\u00e7oive de quoi que ce soit\u00a0\u00bb, pr\u00e9cise l&rsquo;auteur.<br \/>\nDe son vivant, le rockeur accordait une confiance particuli\u00e8re \u00e0<br \/>\nson employ\u00e9, au point de lui confier de nombreuses confidences,<br \/>\nparfois tr\u00e8s personnelles. Le chauffeur aurait ainsi d\u00fb garder des<br \/>\nsecrets \u00e0 plusieurs reprises.<\/p>\n<p>Un confident fiable et<br \/>\nde confiance<\/p>\n<p>\u00ab\u00a0J\u2019ai\u00a0vu beaucoup de choses, j\u2019ai entendu beaucoup de<br \/>\nchoses.\u00a0Confident, je l\u2019ai \u00e9t\u00e9 de force, m\u00eame si ce n\u2019\u00e9tait<br \/>\npas ce que je pr\u00e9f\u00e9rais, parce que les secrets, je n\u2019aimais pas<br \/>\nforc\u00e9ment les avoir. C\u2019est un poids et une charge<br \/>\nsuppl\u00e9mentaires\u00a0\u00bb, avait r\u00e9v\u00e9l\u00e9 Patrick Roussel lors d&rsquo;une<br \/>\ninterview accord\u00e9e \u00e0 nos confr\u00e8res de T\u00e9l\u00e9matin. Le d\u00e9c\u00e8s<br \/>\nde Johnny Hallyday a finalement mis un terme \u00e0 des ann\u00e9es de<br \/>\nsilence : \u00ab\u00a0Si Laeticia tombe sur ces lignes, ou si quelqu\u2019un<br \/>\nlui parle de mon livre,\u00a0elle va \u00eatre au courant.\u00a0Cela n\u2019a<br \/>\npas d\u2019importance, il y a prescription\u00a0\u00bb. Reste \u00e0 savoir ce que<br \/>\nla maman de Jade et Joy a pens\u00e9 de ces r\u00e9v\u00e9lations&#8230;<\/p>\n","protected":false},"excerpt":{"rendered":"Par Victoria Buisson &#8211; Publi\u00e9 le 05 D\u00e9c 2025 \u00e0 14:30 Johnny Hallyday n\u2019a pas toujours tout r\u00e9v\u00e9l\u00e9&hellip;\n","protected":false},"author":2,"featured_media":580055,"comment_status":"","ping_status":"","sticky":false,"template":"","format":"standard","meta":{"footnotes":""},"categories":[8],"tags":[58,59,1011,27,65861],"class_list":{"0":"post-580054","1":"post","2":"type-post","3":"status-publish","4":"format-standard","5":"has-post-thumbnail","7":"category-divertissement","8":"tag-divertissement","9":"tag-entertainment","10":"tag-fr","11":"tag-france","12":"tag-trend"},"share_on_mastodon":{"url":"https:\/\/pubeurope.com\/@fr\/115667490840815135","error":""},"_links":{"self":[{"href":"https:\/\/www.europesays.com\/fr\/wp-json\/wp\/v2\/posts\/580054","targetHints":{"allow":["GET"]}}],"collection":[{"href":"https:\/\/www.europesays.com\/fr\/wp-json\/wp\/v2\/posts"}],"about":[{"href":"https:\/\/www.europesays.com\/fr\/wp-json\/wp\/v2\/types\/post"}],"author":[{"embeddable":true,"href":"https:\/\/www.europesays.com\/fr\/wp-json\/wp\/v2\/users\/2"}],"replies":[{"embeddable":true,"href":"https:\/\/www.europesays.com\/fr\/wp-json\/wp\/v2\/comments?post=580054"}],"version-history":[{"count":0,"href":"https:\/\/www.europesays.com\/fr\/wp-json\/wp\/v2\/posts\/580054\/revisions"}],"wp:featuredmedia":[{"embeddable":true,"href":"https:\/\/www.europesays.com\/fr\/wp-json\/wp\/v2\/media\/580055"}],"wp:attachment":[{"href":"https:\/\/www.europesays.com\/fr\/wp-json\/wp\/v2\/media?parent=580054"}],"wp:term":[{"taxonomy":"category","embeddable":true,"href":"https:\/\/www.europesays.com\/fr\/wp-json\/wp\/v2\/categories?post=580054"},{"taxonomy":"post_tag","embeddable":true,"href":"https:\/\/www.europesays.com\/fr\/wp-json\/wp\/v2\/tags?post=580054"}],"curies":[{"name":"wp","href":"https:\/\/api.w.org\/{rel}","templated":true}]}}