{"id":580060,"date":"2025-12-05T14:45:18","date_gmt":"2025-12-05T14:45:18","guid":{"rendered":"https:\/\/www.europesays.com\/fr\/580060\/"},"modified":"2025-12-05T14:45:18","modified_gmt":"2025-12-05T14:45:18","slug":"au-pentagone-lembarrassant-pete-hegseth-senlise-dans-les-scandales-liberation","status":"publish","type":"post","link":"https:\/\/www.europesays.com\/fr\/580060\/","title":{"rendered":"au Pentagone, l\u2019embarrassant Pete Hegseth s\u2019enlise dans les scandales \u2013 Lib\u00e9ration"},"content":{"rendered":"<p class=\"sc-cPiKLX AiZTS text-element\">Compte tenu de son pedigree et de son m\u00e9pris assum\u00e9 des r\u00e8gles \u2013 un trait qu\u2019il partage avec Donald Trump \u2013, on pouvait s\u2019attendre \u00e0 ce que la gestion de Pete Hegseth au Pentagone soit entach\u00e9e de scandales. Celui qui secoue Washington depuis une semaine, dans le sillage d\u2019une<a href=\"https:\/\/www.liberation.fr\/international\/amerique\/narcotrafic-en-mer-des-caraibes-washington-reconnait-avoir-frappe-des-naufrages-20251202_LMCPZKC2WVCQ5KWUOV6MBUHIGU\/\" target=\"_blank\" rel=\"noopener\" title=\"https:\/\/www.liberation.fr\/international\/amerique\/narcotrafic-en-mer-des-caraibes-washington-reconnait-avoir-frappe-des-naufrages-20251202_LMCPZKC2WVCQ5KWUOV6MBUHIGU\/\"> double frappe cibl\u00e9e contre un bateau de narcotrafiquants pr\u00e9sum\u00e9s<\/a> en mer des Cara\u00efbes, l\u2019\u00e9branle plus que tous les autres. Il r\u00e9v\u00e8le la collusion entre ses convictions les plus radicales, la d\u00e9rive de l\u2019administration Trump et les limites \u00e9thiques et morales d\u2019une arm\u00e9e am\u00e9ricaine pas toujours irr\u00e9prochable. Loin de l\u00e0.<\/p>\n<p class=\"sc-cPiKLX AiZTS text-element\">Depuis son arriv\u00e9e comme ministre de la D\u00e9fense \u2013 rebaptis\u00e9 d\u00e9but septembre \u00abministre de la Guerre\u00bb \u2013 l\u2019ancien pr\u00e9sentateur de Fox News adopte la posture du franc-tireur conqu\u00e9rant. Grand, muscl\u00e9, <a href=\"https:\/\/www.liberation.fr\/societe\/religions\/de-jd-vance-a-paula-white-cain-50-nuances-de-fondamentalisme-trumpiste-20251022_TSQBNHC3Y5E4DNYJ73ZNOTHTGA\/\" target=\"_blank\" rel=\"noopener\" title=\"https:\/\/www.liberation.fr\/societe\/religions\/de-jd-vance-a-paula-white-cain-50-nuances-de-fondamentalisme-trumpiste-20251022_TSQBNHC3Y&lt;\/p&gt;&lt;\/div&gt;&lt;\/article&gt;&lt;\/div&gt;&lt;div data-fusion-lazy-id=\" f0f8vgvlad832fw=\"\"><\/p>\n","protected":false},"excerpt":{"rendered":"Compte tenu de son pedigree et de son m\u00e9pris assum\u00e9 des r\u00e8gles \u2013 un trait qu\u2019il partage avec&hellip;\n","protected":false},"author":2,"featured_media":580061,"comment_status":"","ping_status":"","sticky":false,"template":"","format":"standard","meta":{"footnotes":""},"categories":[5],"tags":[11,554,75,3992,73,1011,27,14,12,337,28],"class_list":{"0":"post-580060","1":"post","2":"type-post","3":"status-publish","4":"format-standard","5":"has-post-thumbnail","7":"category-international","8":"tag-actualites","9":"tag-defense","10":"tag-donald-trump","11":"tag-drogues","12":"tag-etats-unis","13":"tag-fr","14":"tag-france","15":"tag-international","16":"tag-news","17":"tag-venezuela","18":"tag-world"},"share_on_mastodon":{"url":"https:\/\/pubeurope.com\/@fr\/115667502677129966","error":""},"_links":{"self":[{"href":"https:\/\/www.europesays.com\/fr\/wp-json\/wp\/v2\/posts\/580060","targetHints":{"allow":["GET"]}}],"collection":[{"href":"https:\/\/www.europesays.com\/fr\/wp-json\/wp\/v2\/posts"}],"about":[{"href":"https:\/\/www.europesays.com\/fr\/wp-json\/wp\/v2\/types\/post"}],"author":[{"embeddable":true,"href":"https:\/\/www.europesays.com\/fr\/wp-json\/wp\/v2\/users\/2"}],"replies":[{"embeddable":true,"href":"https:\/\/www.europesays.com\/fr\/wp-json\/wp\/v2\/comments?post=580060"}],"version-history":[{"count":0,"href":"https:\/\/www.europesays.com\/fr\/wp-json\/wp\/v2\/posts\/580060\/revisions"}],"wp:featuredmedia":[{"embeddable":true,"href":"https:\/\/www.europesays.com\/fr\/wp-json\/wp\/v2\/media\/580061"}],"wp:attachment":[{"href":"https:\/\/www.europesays.com\/fr\/wp-json\/wp\/v2\/media?parent=580060"}],"wp:term":[{"taxonomy":"category","embeddable":true,"href":"https:\/\/www.europesays.com\/fr\/wp-json\/wp\/v2\/categories?post=580060"},{"taxonomy":"post_tag","embeddable":true,"href":"https:\/\/www.europesays.com\/fr\/wp-json\/wp\/v2\/tags?post=580060"}],"curies":[{"name":"wp","href":"https:\/\/api.w.org\/{rel}","templated":true}]}}