{"id":580062,"date":"2025-12-05T14:46:11","date_gmt":"2025-12-05T14:46:11","guid":{"rendered":"https:\/\/www.europesays.com\/fr\/580062\/"},"modified":"2025-12-05T14:46:11","modified_gmt":"2025-12-05T14:46:11","slug":"ile-longue-survolee-par-des-drones-plutot-la-marque-dune-operation-malveillante","status":"publish","type":"post","link":"https:\/\/www.europesays.com\/fr\/580062\/","title":{"rendered":"\u00cele-Longue survol\u00e9e par des drones\u00a0: plut\u00f4t la marque d&rsquo;une op\u00e9ration malveillante"},"content":{"rendered":"<p>Les experts sont unanimes sur la question : le survol multiple de drones d\u2019une zone militaire ne peut \u00eatre que le fait d\u2019une initiative ou d\u2019une organisation hostile. Pour Alexandre Font (Drone Result \u00e0 Brest), \u00ab un vol de nuit en zone interdite est fort probablement une op\u00e9ration d\u2019espionnage industriel ou militaire \u00bb. Mais qui peut avoir int\u00e9r\u00eat \u00e0 venir survoler <a href=\"https:\/\/www.letelegramme.fr\/france\/a-l-ile-longue-quatre-snle-composent-la-force-oceanique-strategique-francaise-221849.php\" target=\"_blank\" rel=\"noopener\">la base ultrasecr\u00e8te de l\u2019\u00cele-Longue<\/a>, le sanctuaire naval de <a href=\"https:\/\/www.letelegramme.fr\/finistere\/brest-29200\/50-ans-de-patrouille-sans-encombre-210194.php\" target=\"_blank\" rel=\"noopener\">la force nucl\u00e9aire de la dissuasion fran\u00e7aise<\/a> ? Tous les regards se tournent \u00e9videmment vers la Russie, quand, dans la nuit du lundi 1er d\u00e9cembre 2025, des drones ont \u00e9galement \u00e9t\u00e9 rep\u00e9r\u00e9s par la Marine irlandaise sur la trajectoire du vol de Volodymyr Zelensky en visite officielle dans la verte Erin. En Bretagne, qui peut bien se cacher derri\u00e8re ces d\u00e9ploiements nocturnes de drones ? D\u2019o\u00f9 op\u00e8rent les pilotes ? Les autorit\u00e9s se font tr\u00e8s discr\u00e8tes sur les enqu\u00eates en cours, ainsi que sur le mat\u00e9riel \u00e9ventuellement r\u00e9cup\u00e9r\u00e9.<\/p>\n<p>En presqu\u2019\u00eele de Crozon, services sp\u00e9ciaux et gendarmes sont sur les dents. Leur objectif est de r\u00e9ussir \u00e0 intercepter ces pilotes pour cesser ces survols r\u00e9currents et tenter d\u2019en savoir davantage sur les buts recherch\u00e9s.<\/p>\n<p>Selon plusieurs formateurs en drone de Bretagne, des survols simultan\u00e9s ne peuvent \u00eatre que le fait d\u2019initiatives ou d\u2019organisations hostiles. L\u2019objectif est de venir prendre des renseignements de la zone \u00e0 haute valeur ajout\u00e9e strat\u00e9gique, tout en entretenant un faisceau r\u00e9gulier d\u2019intimidation. Dot\u00e9s de cam\u00e9ras infrarouges, de capteurs thermiques et\/ou de syst\u00e8mes de lidar pour lire un terrain en trois dimensions, ces drones peuvent recueillir un grand nombre d\u2019informations, au-del\u00e0 des images satellites conventionnelles qui trouvent rapidement leurs limites.<\/p>\n<p>Forte allonge et grande autonomie<\/p>\n<p>Ces survols malveillants sont r\u00e9alis\u00e9s par des drones customis\u00e9s, non enregistr\u00e9s, le plus souvent non \u00e9clair\u00e9s et dot\u00e9s de modes de propulsion des plus discrets. \u00ab Leur allonge et leur autonomie leur permettent d\u2019\u00eatre op\u00e9r\u00e9s \u00e0 plus de 10 km des zones d\u2019observation \u00bb, selon le formateur St\u00e9phane Le Bihan (Drone r\u00e9ponse \u00e0 Lorient). Ces drones sont rapides et capables d\u2019\u00e9voluer \u00e0 haute altitude si besoin. Les organisations les plus puissantes sont capables de d\u00e9ployer des drones avec des ailes (type avion), bien plus rapides et endurants que les mod\u00e8les \u00e0 h\u00e9lices. \u00ab Ce genre de drone peut tourner entre 1 h 30 et 2 h \u00bb, confiait St\u00e9phane Le Bihan, il y a trois semaines, au T\u00e9l\u00e9gramme.<\/p>\n<p>Points hauts sous surveillance<\/p>\n<p>Les bonnes conditions de vol de ce jeudi soir (ciel d\u00e9gag\u00e9 et <a href=\"https:\/\/www.letelegramme.fr\/france\/une-super-lune-exceptionnelle-dans-le-ciel-breton-cette-semaine-6939318.php\" target=\"_blank\" rel=\"noopener\">pleine lune tr\u00e8s brillante<\/a>) ont sans doute motiv\u00e9 <a href=\"https:\/\/www.letelegramme.fr\/finistere\/crozon-29160\/tout-lien-avec-des-actions-russes-est-vraiment-premature-un-drone-detecte-pres-de-sites-militaires-strategiques-de-la-presquile-de-crozon-6931402.php\" target=\"_blank\" rel=\"noopener\">ce nouveau d\u00e9ploiement interdit<\/a>.<\/p>\n<p>L\u2019\u00e9loignement des zones de d\u00e9collage complique \u00e9videmment la t\u00e2che des autorit\u00e9s militaires qui tentent d\u2019interpeller ces pilotes, d\u00e8s lors que les alertes sont relay\u00e9es. Plus les drones partent de loin, plus la zone de recherche s\u2019\u00e9largit, surtout si les engins volants sont d\u00e9ploy\u00e9s depuis la mer. De mani\u00e8re g\u00e9n\u00e9rale, les zones hautes sont prioritairement cibl\u00e9es, la hauteur permettant de garder le meilleur contr\u00f4le entre la console et un drone \u00e9voluant \u00e0 grande distance. On pense naturellement aux abords du Menez-Hom, \u00e0 l\u2019entr\u00e9e de la presqu\u2019\u00eele de Crozon et \u00e0 d\u2019autres points hauts du secteur d\u00e9sormais sous \u00e9troite surveillance.<\/p>\n","protected":false},"excerpt":{"rendered":"Les experts sont unanimes sur la question : le survol multiple de drones d\u2019une zone militaire ne peut&hellip;\n","protected":false},"author":2,"featured_media":580063,"comment_status":"","ping_status":"","sticky":false,"template":"","format":"standard","meta":{"footnotes":""},"categories":[4],"tags":[11,3450,829,6206,32928,1782,765,3321,1011,27,32956,567,12,25],"class_list":{"0":"post-580062","1":"post","2":"type-post","3":"status-publish","4":"format-standard","5":"has-post-thumbnail","7":"category-france","8":"tag-actualites","9":"tag-brest","10":"tag-bretagne","11":"tag-chateaulin","12":"tag-crozon","13":"tag-defense-nationale","14":"tag-en-continu","15":"tag-finistere","16":"tag-fr","17":"tag-france","18":"tag-lanveoc","19":"tag-marine-nationale","20":"tag-news","21":"tag-republique-francaise"},"share_on_mastodon":{"url":"https:\/\/pubeurope.com\/@fr\/115667506661745392","error":""},"_links":{"self":[{"href":"https:\/\/www.europesays.com\/fr\/wp-json\/wp\/v2\/posts\/580062","targetHints":{"allow":["GET"]}}],"collection":[{"href":"https:\/\/www.europesays.com\/fr\/wp-json\/wp\/v2\/posts"}],"about":[{"href":"https:\/\/www.europesays.com\/fr\/wp-json\/wp\/v2\/types\/post"}],"author":[{"embeddable":true,"href":"https:\/\/www.europesays.com\/fr\/wp-json\/wp\/v2\/users\/2"}],"replies":[{"embeddable":true,"href":"https:\/\/www.europesays.com\/fr\/wp-json\/wp\/v2\/comments?post=580062"}],"version-history":[{"count":0,"href":"https:\/\/www.europesays.com\/fr\/wp-json\/wp\/v2\/posts\/580062\/revisions"}],"wp:featuredmedia":[{"embeddable":true,"href":"https:\/\/www.europesays.com\/fr\/wp-json\/wp\/v2\/media\/580063"}],"wp:attachment":[{"href":"https:\/\/www.europesays.com\/fr\/wp-json\/wp\/v2\/media?parent=580062"}],"wp:term":[{"taxonomy":"category","embeddable":true,"href":"https:\/\/www.europesays.com\/fr\/wp-json\/wp\/v2\/categories?post=580062"},{"taxonomy":"post_tag","embeddable":true,"href":"https:\/\/www.europesays.com\/fr\/wp-json\/wp\/v2\/tags?post=580062"}],"curies":[{"name":"wp","href":"https:\/\/api.w.org\/{rel}","templated":true}]}}