{"id":580068,"date":"2025-12-05T14:49:17","date_gmt":"2025-12-05T14:49:17","guid":{"rendered":"https:\/\/www.europesays.com\/fr\/580068\/"},"modified":"2025-12-05T14:49:17","modified_gmt":"2025-12-05T14:49:17","slug":"saint-etienne-le-duo-salut-lorage-celebre-la-sainte-barbe-ce-samedi-avec-un-nouveau-single","status":"publish","type":"post","link":"https:\/\/www.europesays.com\/fr\/580068\/","title":{"rendered":"Saint-\u00c9tienne. Le duo Salut l\u2019Orage c\u00e9l\u00e8bre la Sainte-Barbe ce samedi avec un nouveau single"},"content":{"rendered":"<p>Les St\u00e9phanois de Salut l\u2019Orage aiment leur ville (ils ont tourn\u00e9 plusieurs de leurs clips \u00e0 Saint-\u00c9tienne) et les symboles qui y sont associ\u00e9s. La Sainte-Barbe est l\u2019un d\u2019eux et le duo de rock a symboliquement choisi le jour o\u00f9 la ville la c\u00e9l\u00e8bre pour d\u00e9voiler son actualit\u00e9.<\/p>\n<p>  \u00ab\u00a0Se d\u00e9faire un peu du regard des autres\u00a0\u00bb<\/p>\n<p>Lucas Pourrat (chant, guitare) et Maxime Chorel (batterie) sortent d\u2019un mois de novembre intense \u00ab\u00a0marqu\u00e9 par une s\u00e9rie de concerts et de premi\u00e8res parties (Superbus, Ad\u00e9, Deportivo, Grandma\u2019s Ashes\u2026)\u00a0\u00bb, expliquent-ils. Les trois premiers jours de d\u00e9cembre, ils \u00e9taient en r\u00e9sidence au Fil o\u00f9 ils ont pu travailler avec <a href=\"https:\/\/www.leprogres.fr\/culture-loisirs\/2025\/01\/29\/last-train-un-album-de-rock-sauvage-compose-avec-urgence\" target=\"_blank\" rel=\"noopener\">Jean-No\u00ebl Scherrer, le leader du groupe Last Train<\/a>), le temps d\u2019une journ\u00e9e.<\/p>\n<p>Ce samedi 6\u00a0d\u00e9cembre, Salut l\u2019Orage, qui a vu le jour il y a seulement deux ans, sort un sixi\u00e8me single, On Verra bien \u00a0: \u00ab\u00a0Le titre est nerveux, le tempo \u00e9lev\u00e9 et les m\u00e9lodies accrocheuses.\u00a0\u00bb Un morceau sur le th\u00e8me de la confiance en soi, contre la superficialit\u00e9 et sur \u00ab\u00a0le\u00a0fait de se d\u00e9faire un peu du regard des autres et d\u2019accepter la prise de risque et d\u2019aller l\u00e0 o\u00f9 on veut aller\u00a0\u00bb.<\/p>\n<p>Le premier couplet r\u00e9sume bien l\u2019esprit de la chanson\u00a0: \u00ab\u00a0J\u2019ai perdu trop de temps\/\u00c0 vouloir plaire aux autres\/\u00c7a d\u00e9truit la confiance\/Ouais j\u2019en sais quelque chose\/J\u2019ferai plus jamais semblant\/J\u2019suis bien mieux dans ma peau maintenant. \u00bb Comme <a href=\"https:\/\/www.leprogres.fr\/culture-loisirs\/2025\/06\/06\/le-duo-salut-l-orage-sort-son-nouveau-single-pop-rock\" target=\"_blank\" rel=\"noopener\">Rien de neuf<\/a> , le pr\u00e9c\u00e9dent single publi\u00e9 en juin, On Verra bien a \u00e9t\u00e9 r\u00e9alis\u00e9 au Studio E d\u2019\u00c9cotay-l\u2019Olme\u00a0: \u00ab\u00a0En int\u00e9gralit\u00e9 cette fois. La derni\u00e8re fois, une partie avait \u00e9t\u00e9 enregistr\u00e9e au Pax \u00e0 Saint-\u00c9tienne\u00a0\u00bb, d\u00e9taille Lucas Pourrat.<\/p>\n<p>  Un premier EP attendu pour d\u00e9but 2027<\/p>\n<p>La sortie musicale est accompagn\u00e9e d\u2019un autre rendez-vous en centre-ville. Ce samedi, de 12 \u00e0 19 heures, le duo va tenir un pop-up store dans <a href=\"https:\/\/www.leprogres.fr\/economie\/2024\/11\/26\/vintage-plug-du-streetwear-et-du-sportswear-des-annees-1990-2000\" target=\"_blank\" rel=\"noopener\">le magasin Vintage Plug<\/a> (11, rue L\u00e9on-Nautin \u00e0 Saint-\u00c9tienne) pour proposer aux fans de rock des produits de leur merchandising (sweats, tee-shirts\u2026)\u00a0: \u00ab\u00a0Il y aura aussi un peu de musique.\u00a0\u00bb<\/p>\n<p>Apr\u00e8s 70 concerts en deux ans un peu partout en France, Salut l\u2019orage reprendra sa tourn\u00e9e en f\u00e9vrier\u00a0: \u00ab\u00a0On annoncera de nouvelles dates le mois prochain\u00a0\u00bb, pr\u00e9cise le chanteur et guitariste. Le duo commence \u00e0 travailler sur les prochains titres qui composeront leur premier EP\u00a0: \u00ab\u00a0On devrait le sortir d\u00e9but 2027\u00a0\u00bb, promet Lucas Pourrat.<\/p>\n","protected":false},"excerpt":{"rendered":"Les St\u00e9phanois de Salut l\u2019Orage aiment leur ville (ils ont tourn\u00e9 plusieurs de leurs clips \u00e0 Saint-\u00c9tienne) et&hellip;\n","protected":false},"author":2,"featured_media":580069,"comment_status":"","ping_status":"","sticky":false,"template":"","format":"standard","meta":{"footnotes":""},"categories":[9653],"tags":[1111,11,2430,1687,7539,1777,674,1011,27,873,12,25,4001,7538,3140],"class_list":{"0":"post-580068","1":"post","2":"type-post","3":"status-publish","4":"format-standard","5":"has-post-thumbnail","7":"category-saint-etienne","8":"tag-actu","9":"tag-actualites","10":"tag-auvergne-rhone-alpes","11":"tag-culture-loisirs","12":"tag-edition-loire-sud","13":"tag-eu","14":"tag-europe","15":"tag-fr","16":"tag-france","17":"tag-musique","18":"tag-news","19":"tag-republique-francaise","20":"tag-saint-etienne","21":"tag-saint-etienne-ville","22":"tag-spectacle"},"share_on_mastodon":{"url":"https:\/\/pubeurope.com\/@fr\/115667518495691217","error":""},"_links":{"self":[{"href":"https:\/\/www.europesays.com\/fr\/wp-json\/wp\/v2\/posts\/580068","targetHints":{"allow":["GET"]}}],"collection":[{"href":"https:\/\/www.europesays.com\/fr\/wp-json\/wp\/v2\/posts"}],"about":[{"href":"https:\/\/www.europesays.com\/fr\/wp-json\/wp\/v2\/types\/post"}],"author":[{"embeddable":true,"href":"https:\/\/www.europesays.com\/fr\/wp-json\/wp\/v2\/users\/2"}],"replies":[{"embeddable":true,"href":"https:\/\/www.europesays.com\/fr\/wp-json\/wp\/v2\/comments?post=580068"}],"version-history":[{"count":0,"href":"https:\/\/www.europesays.com\/fr\/wp-json\/wp\/v2\/posts\/580068\/revisions"}],"wp:featuredmedia":[{"embeddable":true,"href":"https:\/\/www.europesays.com\/fr\/wp-json\/wp\/v2\/media\/580069"}],"wp:attachment":[{"href":"https:\/\/www.europesays.com\/fr\/wp-json\/wp\/v2\/media?parent=580068"}],"wp:term":[{"taxonomy":"category","embeddable":true,"href":"https:\/\/www.europesays.com\/fr\/wp-json\/wp\/v2\/categories?post=580068"},{"taxonomy":"post_tag","embeddable":true,"href":"https:\/\/www.europesays.com\/fr\/wp-json\/wp\/v2\/tags?post=580068"}],"curies":[{"name":"wp","href":"https:\/\/api.w.org\/{rel}","templated":true}]}}