{"id":580074,"date":"2025-12-05T14:52:12","date_gmt":"2025-12-05T14:52:12","guid":{"rendered":"https:\/\/www.europesays.com\/fr\/580074\/"},"modified":"2025-12-05T14:52:12","modified_gmt":"2025-12-05T14:52:12","slug":"lactrice-de-sous-le-soleil-tonya-kinzinger-revele-une-autre-facette-sur-les-planches-a-sanary-dans-le-gout-du-bonheur","status":"publish","type":"post","link":"https:\/\/www.europesays.com\/fr\/580074\/","title":{"rendered":"L\u2019actrice de \u00abSous le soleil\u00bb Tonya Kinzinger r\u00e9v\u00e8le une autre facette sur les planches \u00e0 Sanary dans \u00abLe Go\u00fbt du bonheur\u00bb"},"content":{"rendered":"<p class=\"fs-5 \">Le grand public la conna\u00eet pour son r\u00f4le de Jessica dans Sous le soleil, de Janet dans Un si grand soleil ou encore de Cathy dans Extr\u00eame Limite. Mais Tonya Kinzinger montre une autre facette sur les planches. Une aventure qu\u2019elle a commenc\u00e9e il y a trente ans d\u00e9sormais avec Boeing Boeing, d\u00e9j\u00e0 aux c\u00f4t\u00e9s d\u2019un certain Thierry Beccaro, qu\u2019elle retrouve dans Le Go\u00fbt du bonheur, pr\u00e9sent\u00e9 samedi au th\u00e9\u00e2tre Galli \u00e0 Sanary. \u00ab J\u2019ai tout de suite \u00e9t\u00e9 mordue par la sc\u00e8ne et par le public en direct. Il y a une telle \u00e9nergie, c\u2019est tellement excitant \u00e0 chaque fois qu\u2019on monte sur sc\u00e8ne. Je sais qu\u2019aujourd\u2019hui j\u2019aurais du mal \u00e0 vivre sans le th\u00e9\u00e2tre \u00bb, sourit la plus fran\u00e7aise des actrices am\u00e9ricaines.<\/p>\n<p class=\"fs-5 \">Dans cette pi\u00e8ce mise en sc\u00e8ne par Olivier Mac\u00e9, Tonya Kinzinger incarne Margot, une femme \u00ab qui a \u00e9norm\u00e9ment de caract\u00e8re. Elle est un peu sur la d\u00e9fensive dans certaines choses parce qu\u2019elle n\u2019a pas une vie tr\u00e8s facile. Elle est seule avec son fils et elle se retrouve \u00e0 un \u00e2ge o\u00f9 elle aimerait bien vivre un peu pour elle, rencontrer quelqu\u2019un. \u00bb<\/p>\n<p>                                                                                Apporter sa patte au r\u00f4le<\/p>\n<p class=\"fs-5 \">Ce \u00ab quelqu\u2019un \u00bb pourrait \u00eatre Alexandre, camp\u00e9 par Thierry Beccaro. L\u2019ancien expert des boules noires et blanches y joue un homme l\u00e9g\u00e8rement ronchon, veuf, qui en pince pourtant pour Margot. \u00ab Il y a beaucoup de clashs entre eux, mais il y a des sentiments sous-jacents. Quand on voit cette pi\u00e8ce, on a envie qu\u2019ils arrivent enfin \u00e0 se comprendre et \u00e0 se parler sans cette protection qu\u2019ils se mettent pour ne pas montrer leur vuln\u00e9rabilit\u00e9 \u00bb, d\u00e9taille-t-elle. L\u2019actrice affectionne particuli\u00e8rement ce r\u00f4le dans cette com\u00e9die romantique, un peu plus profonde qu\u2019une simple com\u00e9die de boulevard. Elle y a d\u2019ailleurs apport\u00e9 sa patte. \u00ab Cette femme, ce n\u2019est pas moi du tout et c\u2019est ce qui m\u2019a plu. Mais pendant les trois semaines de r\u00e9p\u00e9tition, m\u00eame si je connaissais le texte parfaitement, il me manquait quelque chose. Ce n\u2019est que lors de la derni\u00e8re r\u00e9p\u00e9tition que j\u2019ai trouv\u00e9 la vraie cl\u00e9 de ce personnage. Il lui manquait cette petite touche de fantaisie que je ne lui avais pas encore accord\u00e9e. C\u2019est \u00e0 ce moment-l\u00e0 qu\u2019Olivier Mac\u00e9 m\u2019a dit : \u201c\u00c7a y est, tu l\u2019as.\u201d \u00bb<\/p>\n<p>        <img src=\"https:\/\/www.europesays.com\/fr\/wp-content\/uploads\/2025\/12\/0e441f0_upload-from-url-1-0pav5aidabhi-dambin-2841-29-mlzkdzzo-version-1397f3-ly9wizx2.jpg\"   loading=\"lazy\" decoding=\"async\" alt=\"Adeline Blondieau et Tonya Kinzinger, aka Caroline et Jessica \u00e9taient pr\u00e9sentes \u00e0 l'inauguration \" class=\"img-fluid position-absolute w-100 object-fit-cover rounded-2\" width=\"600\" height=\"400\"\/><\/p>\n<p>                                                                                Adepte du contre-emploi<\/p>\n<p class=\"fs-5 \">De quoi cr\u00e9er un lien avec le public, enrichir sa palette de com\u00e9dienne et se faire pleinement accepter au th\u00e9\u00e2tre. \u00ab J\u2019ai commenc\u00e9 par de grosses com\u00e9dies \u00bb, r\u00e9sume-t-elle. Mais l\u2019an pass\u00e9, dans Cinq \u00e0 sept de Neil Simon, elle avait d\u00e9j\u00e0 amorc\u00e9 une mue. \u00ab Le personnage \u00e9tait plus sombre, d\u00e9pressif et hyst\u00e9rique. C\u2019est marrant, parce que les fans qui venaient me voir \u00e9taient super \u00e9tonn\u00e9s. Ils ne m\u2019ont pas reconnue l\u00e0-dedans, mais ils ont \u00e9t\u00e9 agr\u00e9ablement surpris. C\u2019est vrai que ce genre de r\u00f4le, ce n\u2019est pas quelque chose qu\u2019on va me proposer tous les jours. \u00bb<\/p>\n<p class=\"fs-5 \">Au th\u00e9\u00e2tre, elle savoure donc cette libert\u00e9 de jouer des personnages diff\u00e9rents. Et pourquoi ne pas faire bouger les lignes \u00e0 la t\u00e9l\u00e9vision ? \u00ab J\u2019adorerais incarner un personnage m\u00e9chant. J\u2019ai soi-disant un visage gentil, mais \u00e7a peut \u00eatre d\u2019autant plus fort si je ne le suis pas. J\u2019aime bien les r\u00f4les \u00e0 contre-emploi. \u00bb L\u2019appel est lanc\u00e9.<\/p>\n<p class=\"fs-5 \">Le go\u00fbt du bonheur, pi\u00e8ce de Bruno Druart et Patrick Angonin. Mise en sc\u00e8ne Olivier Mac\u00e9. Samedi 6 d\u00e9cembre au th\u00e9\u00e2tre Galli \u00e0 Sanary. 35 euros.<\/p>\n","protected":false},"excerpt":{"rendered":"Le grand public la conna\u00eet pour son r\u00f4le de Jessica dans Sous le soleil, de Janet dans Un&hellip;\n","protected":false},"author":2,"featured_media":580075,"comment_status":"","ping_status":"","sticky":false,"template":"","format":"standard","meta":{"footnotes":""},"categories":[9619],"tags":[1111,11,1777,674,1011,27,12,882,25,2310],"class_list":{"0":"post-580074","1":"post","2":"type-post","3":"status-publish","4":"format-standard","5":"has-post-thumbnail","7":"category-toulon","8":"tag-actu","9":"tag-actualites","10":"tag-eu","11":"tag-europe","12":"tag-fr","13":"tag-france","14":"tag-news","15":"tag-provence-alpes-cote-dazur","16":"tag-republique-francaise","17":"tag-toulon"},"share_on_mastodon":{"url":"https:\/\/pubeurope.com\/@fr\/115667531036220858","error":""},"_links":{"self":[{"href":"https:\/\/www.europesays.com\/fr\/wp-json\/wp\/v2\/posts\/580074","targetHints":{"allow":["GET"]}}],"collection":[{"href":"https:\/\/www.europesays.com\/fr\/wp-json\/wp\/v2\/posts"}],"about":[{"href":"https:\/\/www.europesays.com\/fr\/wp-json\/wp\/v2\/types\/post"}],"author":[{"embeddable":true,"href":"https:\/\/www.europesays.com\/fr\/wp-json\/wp\/v2\/users\/2"}],"replies":[{"embeddable":true,"href":"https:\/\/www.europesays.com\/fr\/wp-json\/wp\/v2\/comments?post=580074"}],"version-history":[{"count":0,"href":"https:\/\/www.europesays.com\/fr\/wp-json\/wp\/v2\/posts\/580074\/revisions"}],"wp:featuredmedia":[{"embeddable":true,"href":"https:\/\/www.europesays.com\/fr\/wp-json\/wp\/v2\/media\/580075"}],"wp:attachment":[{"href":"https:\/\/www.europesays.com\/fr\/wp-json\/wp\/v2\/media?parent=580074"}],"wp:term":[{"taxonomy":"category","embeddable":true,"href":"https:\/\/www.europesays.com\/fr\/wp-json\/wp\/v2\/categories?post=580074"},{"taxonomy":"post_tag","embeddable":true,"href":"https:\/\/www.europesays.com\/fr\/wp-json\/wp\/v2\/tags?post=580074"}],"curies":[{"name":"wp","href":"https:\/\/api.w.org\/{rel}","templated":true}]}}