{"id":580078,"date":"2025-12-05T14:54:13","date_gmt":"2025-12-05T14:54:13","guid":{"rendered":"https:\/\/www.europesays.com\/fr\/580078\/"},"modified":"2025-12-05T14:54:13","modified_gmt":"2025-12-05T14:54:13","slug":"ancien-architecte-de-la-ville-de-montpellier-et-decouvreur-du-mikve-medieval-alain-gensac-est-decede","status":"publish","type":"post","link":"https:\/\/www.europesays.com\/fr\/580078\/","title":{"rendered":"Ancien architecte de la Ville de Montpellier et d\u00e9couvreur du Mikv\u00e9 m\u00e9di\u00e9val, Alain Gensac est d\u00e9c\u00e9d\u00e9"},"content":{"rendered":"<p>\n                                                                Sp\u00e9cialiste de la restauration des monuments de Montpellier, Alain Gensac avait notamment d\u00e9couvert le bain rituel juif du XIIe\u00a0si\u00e8cle.\n                            <\/p>\n<p>L\u2019ancien architecte en chef de la Ville de Montpellier, Alain Gensac, s\u2019est \u00e9teint. \u00ab\u00a0C\u2019est avec une profonde tristesse que l\u2019Institut Ma\u00efmonide a appris sa disparition\u00a0\u00bb, a communiqu\u00e9 son directeur Micha\u00ebl Iancu.<\/p>\n<p>\u00ab\u00a0F\u00e9ru d\u2019histoire et d\u2019arch\u00e9ologie, Alain Gensac est celui qui a d\u00e9couvert le Mikv\u00e9 m\u00e9di\u00e9val de Montpellier (avec les universitaires Georges Fr\u00eache et Carol Iancu).\u00a0\u00bb<\/p>\n<p>Il avait men\u00e9 les deux premi\u00e8res campagnes de fouilles<\/p>\n<p>\u00c9tabli rue de la Barralerie, en plein c\u0153ur de l\u2019Ecusson, le Mikv\u00e9, bain rituel juif du XIIe\u00a0si\u00e8cle, est une des plus anciens et des mieux conserv\u00e9s d\u2019Europe. Il est le t\u00e9moin plus que mill\u00e9naire de la pr\u00e9sence juive \u00e0 Montpellier.<\/p>\n<p>Les deux premi\u00e8res campagnes de fouilles arch\u00e9ologiques, men\u00e9es au d\u00e9but des ann\u00e9es 1980 sous l\u2019\u00e9gide d\u2019Alain Gensac, avaient permis de mettre \u00e0 jour, outre ce mikv\u00e9, un grand ensemble synagogal.<\/p>\n<p>\u00ab\u00a0Un hommage lui sera rendu prochainement\u00a0\u00bb<\/p>\n<p>\u00ab\u00a0Montpellier lui doit \u00e9galement la r\u00e9novation du Domaine Bonnier de la Mosson, poursuit Micha\u00ebl Iancu. Alain Gensac \u00e9tait membre du Conseil d\u2019Administration de l\u2019Institut Ma\u00efmonide.\u00a0Toute l\u2019\u00e9quipe de l\u2019Institut s\u2019associe \u00e0 la peine de sa famille et lui pr\u00e9sente ses condol\u00e9ances \u00e9mues. Un hommage lui sera rendu prochainement.\u00a0\u00bb<\/p>\n<p>Alain Gensac, l\u2019architecte de la Ville de Montpellier, avait fait valoir ses droits \u00e0 la retraite en 2003. Quittant discr\u00e8tement la mairie apr\u00e8s une carri\u00e8re remplie de belles restaurations de monuments.<\/p>\n","protected":false},"excerpt":{"rendered":"Sp\u00e9cialiste de la restauration des monuments de Montpellier, Alain Gensac avait notamment d\u00e9couvert le bain rituel juif du&hellip;\n","protected":false},"author":2,"featured_media":580079,"comment_status":"","ping_status":"","sticky":false,"template":"","format":"standard","meta":{"footnotes":""},"categories":[9599],"tags":[1111,11,1777,674,1011,27,7089,2208,12,2680,25,1857,1352],"class_list":{"0":"post-580078","1":"post","2":"type-post","3":"status-publish","4":"format-standard","5":"has-post-thumbnail","7":"category-montpellier","8":"tag-actu","9":"tag-actualites","10":"tag-eu","11":"tag-europe","12":"tag-fr","13":"tag-france","14":"tag-herault","15":"tag-montpellier","16":"tag-news","17":"tag-occitanie","18":"tag-republique-francaise","19":"tag-sociu00e9tu00e9","20":"tag-urbanisme"},"share_on_mastodon":{"url":"https:\/\/pubeurope.com\/@fr\/115667538049520007","error":""},"_links":{"self":[{"href":"https:\/\/www.europesays.com\/fr\/wp-json\/wp\/v2\/posts\/580078","targetHints":{"allow":["GET"]}}],"collection":[{"href":"https:\/\/www.europesays.com\/fr\/wp-json\/wp\/v2\/posts"}],"about":[{"href":"https:\/\/www.europesays.com\/fr\/wp-json\/wp\/v2\/types\/post"}],"author":[{"embeddable":true,"href":"https:\/\/www.europesays.com\/fr\/wp-json\/wp\/v2\/users\/2"}],"replies":[{"embeddable":true,"href":"https:\/\/www.europesays.com\/fr\/wp-json\/wp\/v2\/comments?post=580078"}],"version-history":[{"count":0,"href":"https:\/\/www.europesays.com\/fr\/wp-json\/wp\/v2\/posts\/580078\/revisions"}],"wp:featuredmedia":[{"embeddable":true,"href":"https:\/\/www.europesays.com\/fr\/wp-json\/wp\/v2\/media\/580079"}],"wp:attachment":[{"href":"https:\/\/www.europesays.com\/fr\/wp-json\/wp\/v2\/media?parent=580078"}],"wp:term":[{"taxonomy":"category","embeddable":true,"href":"https:\/\/www.europesays.com\/fr\/wp-json\/wp\/v2\/categories?post=580078"},{"taxonomy":"post_tag","embeddable":true,"href":"https:\/\/www.europesays.com\/fr\/wp-json\/wp\/v2\/tags?post=580078"}],"curies":[{"name":"wp","href":"https:\/\/api.w.org\/{rel}","templated":true}]}}