{"id":580084,"date":"2025-12-05T14:59:12","date_gmt":"2025-12-05T14:59:12","guid":{"rendered":"https:\/\/www.europesays.com\/fr\/580084\/"},"modified":"2025-12-05T14:59:12","modified_gmt":"2025-12-05T14:59:12","slug":"accusee-detre-defaillante-la-prefecture-repond","status":"publish","type":"post","link":"https:\/\/www.europesays.com\/fr\/580084\/","title":{"rendered":"accus\u00e9e d&rsquo;\u00eatre \u00ab\u00a0d\u00e9faillante\u00a0\u00bb, la pr\u00e9fecture r\u00e9pond"},"content":{"rendered":"<p>                    Par<br \/>\n        <strong><br \/>\n            <a href=\"https:\/\/actu.fr\/auteur\/julien-sournies\" title=\"Consulter tous les articles de Julien Sournies\" target=\"_blank\" rel=\"noopener\">Julien Sournies<\/a><br \/>\n                    <\/strong><\/p>\n<p>        Publi\u00e9 le<\/p>\n<p>            5 d\u00e9c. 2025 \u00e0 15h35        <\/p>\n<p>Un profond d\u00e9saccord s\u2019installe entre la pr\u00e9fecture de l\u2019<a href=\"https:\/\/actu.fr\/auvergne-rhone-alpes\/isere_38\" target=\"_blank\" rel=\"noopener\">Is\u00e8re<\/a> et les soutiens de la famille angolaise toujours \u00e0 la rue \u00e0 <a href=\"https:\/\/actu.fr\/grenoble\/\" target=\"_blank\" rel=\"noopener\">Grenoble<\/a>. Comme rapport\u00e9 par actu Grenoble dans un pr\u00e9c\u00e9dent article, <a href=\"https:\/\/actu.fr\/auvergne-rhone-alpes\/grenoble_38185\/grenoble-une-famille-en-detresse-vit-dans-la-rue-la-mobilisation-monte-l-etat-est-defaillant_63516965.html\" target=\"_blank\" rel=\"noopener\">un camp de fortune a \u00e9lu domicile ce lundi 1er\u00a0d\u00e9cembre<\/a> devant les grilles du coll\u00e8ge Vercors, o\u00f9 deux des enfants sont scolaris\u00e9s, pour alerter sur la situation de ladite famille.<br \/>Selon ses soutiens, compos\u00e9s essentiellement de professeurs et de parents d\u2019\u00e9l\u00e8ves, cette famille de six personnes n\u2019a toujours pas <strong>re\u00e7u ses droits \u00e0 l\u2019allocation pour demandeurs d\u2019asile<\/strong> (ADA), ni de proposition<strong> d\u2019h\u00e9bergement d\u2019urgence<\/strong>, depuis sa demande formul\u00e9e en septembre dernier.<br \/>Une version d\u00e9mentie par les services de l\u2019\u00c9tat is\u00e9rois. Explications.<\/p>\n<p>Un versement de 4\u2009000\u00a0euros effectu\u00e9 \u00e0 la famille<\/p>\n<p class=\" wall-content\">Sollicit\u00e9e par nos soins, la pr\u00e9fecture indique que la famille angolaise, d\u00e8s sa demande d\u2019asile, a b\u00e9n\u00e9fici\u00e9 d\u2019un \u00ab\u2009premier versement\u2009\u00bb, lequel est \u00ab\u2009intervenu d\u00e8s septembre pour un montant de 849\u00a0euros\u2009\u00bb. Elle ajoute\u2009: \u00ab\u2009En novembre, une fois son dossier compl\u00e9t\u00e9, la famille a pu recevoir un versement de 3\u2009203\u00a0euros et ainsi b\u00e9n\u00e9ficier d\u2019un total de <strong>4\u2009000\u00a0euros<\/strong> en trois mois.\u2009\u00bb<\/p>\n<p class=\" wall-content\">Concernant une soi-disant non-proposition d\u2019un h\u00e9bergement d\u2019urgence, les services de l\u2019\u00c9tat rappellent \u00ab\u2009qu\u2019une demande d\u2019asile n\u2019entra\u00eene pas pour l\u2019\u00c9tat d\u2019obligation d\u2019h\u00e9bergement des demandeurs\u2009\u00bb.<\/p>\n<blockquote class=\"ac-article-quote wall-content\">\n<p>\u00c0 d\u00e9faut d&rsquo;h\u00e9bergement, le montant de l&rsquo;ADA est major\u00e9, afin de permettre \u00e0 la famille de se loger, ce qui a \u00e9t\u00e9 le cas dans cette situation.<\/p>\n<p>    <strong>Pr\u00e9fecture de l&rsquo;Is\u00e8re<\/strong>\n            <\/p><\/blockquote>\n<p>Un dossier incomplet<\/p>\n<p class=\" wall-content\">La pr\u00e9fecture souligne par ailleurs qu\u2019il existe une proc\u00e9dure permettant aux demandeurs d\u2019asile de se voir octroyer prioritairement un h\u00e9bergement pour des motifs de sant\u00e9. Si la famille a bel et bien signal\u00e9 l\u2019existence de probl\u00e9matiques de sant\u00e9 lors de son d\u00e9p\u00f4t de demande d\u2019asile, \u00ab\u2009celle-ci a \u00e9t\u00e9 invit\u00e9e par les services de l\u2019OFII (Office fran\u00e7ais de l\u2019immigration et de l\u2019int\u00e9gration) \u00e0 pr\u00e9senter les justificatifs attestant de ces probl\u00e9matiques, ce \u00e0 quoi<strong> elle n\u2019a pas donn\u00e9 suite<\/strong>\u2009\u00bb.<\/p>\n<p class=\" wall-content\">Contact\u00e9e par la r\u00e9daction ce vendredi, l\u2019une des membres de l\u2019\u00e9quipe \u00e9ducative mobilis\u00e9e depuis le premier jour maintient que la famille \u00ab\u2009n\u2019a jamais re\u00e7u le moindre euro sur sa carte ADA\u2009\u00bb, ni \u00e9t\u00e9 amen\u00e9e \u00e0 effectuer la moindre d\u00e9marche pour obtenir un h\u00e9bergement.<\/p>\n<p>La famille obtient un rendez-vous avec l\u2019OFII<\/p>\n<p class=\" wall-content\">M\u00eame si deux visions continuent de s\u2019opposer, l\u2019imbroglio est en train de se d\u00e9canter. Apr\u00e8s avoir pass\u00e9 trois nuits dehors, la famille et ses soutiens ont d\u00e9mantel\u00e9 leur camp de fortune ce jeudi 4\u00a0d\u00e9cembre. Selon nos informations, la famille a \u00e9galement obtenu un rendez-vous avec l\u2019OFII ce lundi 8\u00a0d\u00e9cembre pour clarifier sa situation.<\/p>\n<p>Votre r\u00e9gion, votre actu !<\/p>\n<p>Recevez chaque jour les infos qui comptent pour vous.<\/p>\n<p>\t<a href=\"https:\/\/actu.fr\/newsletter\" class=\"ac-btn ac-btn--corner ac-btn--medium ac-btn--blue800\" target=\"_blank\" rel=\"noopener\">S&rsquo;incrire<\/a><\/p>\n<p class=\" wall-content\">En attendant, elle sera h\u00e9berg\u00e9e tout le week-end chez un particulier sur la commune de Meylan, en p\u00e9riph\u00e9rie de Grenoble. Et la professeure de conclure sur une note positive : \u00ab\u2009Au moins, on peut dire que notre mobilisation n\u2019aura pas servi \u00e0 rien.\u2009\u00bb<\/p>\n<p class=\" wall-content\">Personnalisez votre actualit\u00e9 en ajoutant vos villes et m\u00e9dias en favori avec <a href=\"https:\/\/moncompte.actu.fr\" title=\"D\u00e9couvez Mon Actu\" rel=\"nofollow noopener\" data-trk=\"{&quot;cta&quot;:{&quot;action&quot;:&quot;https:\\\/\\\/moncompte.actu.fr&quot;,&quot;category&quot;:&quot;mon compte&quot;,&quot;from&quot;:&quot;article footer&quot;,&quot;name&quot;:&quot;Mon actu&quot;,&quot;type&quot;:&quot;cta&quot;}}\" target=\"_blank\">Mon Actu<\/a>.<\/p>\n","protected":false},"excerpt":{"rendered":"Par Julien Sournies Publi\u00e9 le 5 d\u00e9c. 2025 \u00e0 15h35 Un profond d\u00e9saccord s\u2019installe entre la pr\u00e9fecture de&hellip;\n","protected":false},"author":2,"featured_media":580085,"comment_status":"","ping_status":"","sticky":false,"template":"","format":"standard","meta":{"footnotes":""},"categories":[9566],"tags":[1111,11,2430,1719,1777,674,1011,27,2731,6459,12,25,104],"class_list":{"0":"post-580084","1":"post","2":"type-post","3":"status-publish","4":"format-standard","5":"has-post-thumbnail","7":"category-grenoble","8":"tag-actu","9":"tag-actualites","10":"tag-auvergne-rhone-alpes","11":"tag-enfants","12":"tag-eu","13":"tag-europe","14":"tag-fr","15":"tag-france","16":"tag-grenoble","17":"tag-logements-sociaux","18":"tag-news","19":"tag-republique-francaise","20":"tag-societe"},"share_on_mastodon":{"url":"https:\/\/pubeurope.com\/@fr\/115667557684202143","error":""},"_links":{"self":[{"href":"https:\/\/www.europesays.com\/fr\/wp-json\/wp\/v2\/posts\/580084","targetHints":{"allow":["GET"]}}],"collection":[{"href":"https:\/\/www.europesays.com\/fr\/wp-json\/wp\/v2\/posts"}],"about":[{"href":"https:\/\/www.europesays.com\/fr\/wp-json\/wp\/v2\/types\/post"}],"author":[{"embeddable":true,"href":"https:\/\/www.europesays.com\/fr\/wp-json\/wp\/v2\/users\/2"}],"replies":[{"embeddable":true,"href":"https:\/\/www.europesays.com\/fr\/wp-json\/wp\/v2\/comments?post=580084"}],"version-history":[{"count":0,"href":"https:\/\/www.europesays.com\/fr\/wp-json\/wp\/v2\/posts\/580084\/revisions"}],"wp:featuredmedia":[{"embeddable":true,"href":"https:\/\/www.europesays.com\/fr\/wp-json\/wp\/v2\/media\/580085"}],"wp:attachment":[{"href":"https:\/\/www.europesays.com\/fr\/wp-json\/wp\/v2\/media?parent=580084"}],"wp:term":[{"taxonomy":"category","embeddable":true,"href":"https:\/\/www.europesays.com\/fr\/wp-json\/wp\/v2\/categories?post=580084"},{"taxonomy":"post_tag","embeddable":true,"href":"https:\/\/www.europesays.com\/fr\/wp-json\/wp\/v2\/tags?post=580084"}],"curies":[{"name":"wp","href":"https:\/\/api.w.org\/{rel}","templated":true}]}}